{"id":79168,"date":"2016-05-11T18:13:38","date_gmt":"2016-05-11T16:13:38","guid":{"rendered":"http:\/\/gazdasagportal.hu\/?p=79168"},"modified":"2016-05-11T17:14:59","modified_gmt":"2016-05-11T15:14:59","slug":"a-magyaroknak-europai-szinten-is-kiemelkedo-aranyban-van-ingatlanjuk","status":"publish","type":"post","link":"https:\/\/gazdasagportal.hu\/index.php\/a-magyaroknak-europai-szinten-is-kiemelkedo-aranyban-van-ingatlanjuk\/","title":{"rendered":"A magyaroknak eur\u00f3pai szinten is kiemelked\u0151 ar\u00e1nyban van ingatlanjuk"},"content":{"rendered":"<p><strong>A magyaroknak eur\u00f3pai szinten is kiemelked\u0151 ar\u00e1nyban van ingatlantulajdonuk, k\u00fcl\u00f6n\u00f6sen az id\u0151seknek, amit a t\u00e1rsadalomtud\u00f3sok a b\u00e9rlak\u00e1sok t\u00f6meges \u00e1llami, majd mag\u00e1ntulajdonba ker\u00fcl\u00e9s\u00e9vel, valamint a t\u00e1rsadalmi r\u00f6gh\u00f6z k\u00f6t\u00f6tts\u00e9ggel magyar\u00e1znak. Az \u00fajlak\u00e1s\u00e9p\u00edt\u00e9s a k\u00edv\u00e1nt r\u00e1ta alatt van, ez\u00e9rt egyre fontosabb a megl\u00e9v\u0151 \u00e1llom\u00e1ny karbantart\u00e1sa &#8211; h\u00edvja fel a figyelmet az OTP Lak\u00e1stakar\u00e9k.<\/strong><!--more--><\/p>\n<div class=\"ads-in-post1\"><div id=\"gazdasagportal.hu_fullbanner_wideboard\"><\/div>\r\n<\/div>\n<p>    M\u00edg Eur\u00f3p\u00e1ban az \u00e1tlagos ingatlantulajdonl\u00e1s 60 sz\u00e1zal\u00e9k k\u00f6r\u00fcl van, Magyarorsz\u00e1gon ez az ar\u00e1ny az Eurostat sz\u00e1mai szerint megk\u00f6zel\u00edti a 90 sz\u00e1zal\u00e9kot, s\u0151t a 65 \u00e9v felettiek eset\u00e9ben m\u00e9g enn\u00e9l is magasabb. Eur\u00f3pai szinten csak a szlov\u00e1k id\u0151sek el\u0151zik meg a magyarokat &#8211; ismerteti a lak\u00e1stakar\u00e9k k\u00f6zlem\u00e9ny\u00e9ben.<br \/>\n    Az 1900-as \u00e9vek elej\u00e9n f\u0151leg a vagyonosabb k\u00f6z\u00e9poszt\u00e1ly tagjai k\u00f6r\u00e9ben volt n\u00e9pszer\u0171 befektet\u00e9si forma a b\u00e9rlak\u00e1s-\u00e9p\u00edt\u00e9s, ami megold\u00e1st jelentett a gyorsan n\u00f6vekv\u0151 v\u00e1rosok munk\u00e1sai sz\u00e1m\u00e1ra is. A b\u00e9rlak\u00e1sok azonban a k\u00e9s\u0151bb bevezetett lakb\u00e9rkontroll miatt m\u00e1r nem voltak olyan j\u00f6vedelmez\u0151ek, a m\u00e1sodik vil\u00e1gh\u00e1bor\u00fa idej\u00e9re a lak\u00e1s\u00e1llom\u00e1ny k\u00e9tharmada mag\u00e1ntulajdonba ker\u00fclt. A szocializmus alatt sokan az \u00e1llami lak\u00e1s\u00e9p\u00edt\u00e9sek r\u00e9v\u00e9n jutottak saj\u00e1t tulajdonhoz, a tan\u00e1csi, k\u00e9s\u0151bb az \u00f6nkorm\u00e1nyzati lak\u00e1sok pedig a rendszerv\u00e1lt\u00e1s ut\u00e1ni privatiz\u00e1ci\u00f3val ker\u00fcltek t\u00f6megesen, olcs\u00f3 \u00e1ron mag\u00e1ntulajdonba &#8211; magyar\u00e1zza a jelens\u00e9g eredet\u00e9t a k\u00f6zlem\u00e9nyben Heged\u0171s J\u00f3zsef szociol\u00f3gus, a V\u00e1roskutat\u00e1s Kft. igazgat\u00f3ja.<br \/>\n    <a href=\"https:\/\/gazdasagportal.hu\/wp-content\/uploads\/2015\/10\/lakaspiac.jpg\"><img decoding=\"async\" loading=\"lazy\" src=\"https:\/\/gazdasagportal.hu\/wp-content\/uploads\/2015\/10\/lakaspiac-300x168.jpg\" alt=\"lakaspiac\" width=\"300\" height=\"168\" class=\"alignleft size-medium wp-image-68791\" srcset=\"https:\/\/gazdasagportal.hu\/wp-content\/uploads\/2015\/10\/lakaspiac-300x168.jpg 300w, https:\/\/gazdasagportal.hu\/wp-content\/uploads\/2015\/10\/lakaspiac-1024x576.jpg 1024w, https:\/\/gazdasagportal.hu\/wp-content\/uploads\/2015\/10\/lakaspiac.jpg 1280w\" sizes=\"(max-width: 300px) 100vw, 300px\" \/><\/a>D\u00fall Andrea k\u00f6rnyezetpszichol\u00f3gus szerint a magyar t\u00e1rsadalom er\u0151sen r\u00f6gh\u00f6z k\u00f6t\u00f6tt. A szakember szerint, a volt szocialista r\u00e9gi\u00f3 t\u00e1rsadalmain\u00e1l er\u0151s identit\u00e1sk\u00e9pz\u0151 elem a saj\u00e1t otthon, ezekben a t\u00e1rsadalmakban az ingatlantulajdon szinte a l\u00e9t felt\u00e9tele. Az emberek a feln\u0151tts\u00e9ggel, az \u00f6n\u00e1ll\u00f3 \u00e9lettel azonos\u00edtj\u00e1k az ingatlantulajdon megszerz\u00e9s\u00e9t.<br \/>\n    K\u00f6nt\u00f6s P\u00e9ter, az OTP Lak\u00e1stakar\u00e9k vez\u00e9rigazgat\u00f3-helyettese szerint a magyarok saj\u00e1t lak\u00e1s ir\u00e1nti &#8222;t\u00f6rt\u00e9nelmi&#8221; elk\u00f6telezetts\u00e9g\u00e9t a lak\u00e1sc\u00e9l\u00fa megtakar\u00edt\u00e1sok nagy ar\u00e1nya is al\u00e1t\u00e1masztja. Az ingatlannal kapcsolatos v\u00e1s\u00e1rl\u00e1si, fel\u00faj\u00edt\u00e1si, vagy korszer\u0171s\u00edt\u00e9si c\u00e9lok a legn\u00e9pszer\u0171bb megtakar\u00edt\u00e1sok k\u00f6z\u00f6tt szerepelnek, a megk\u00e9rdezettek 30 sz\u00e1zal\u00e9ka erre gy\u0171jt.<br \/>\n(MTI)<\/p>\n","protected":false},"excerpt":{"rendered":"<p>A magyaroknak eur\u00f3pai szinten is kiemelked\u0151 ar\u00e1nyban van ingatlantulajdonuk, k\u00fcl\u00f6n\u00f6sen az id\u0151seknek, amit a t\u00e1rsadalomtud\u00f3sok a b\u00e9rlak\u00e1sok t\u00f6meges \u00e1llami, majd mag\u00e1ntulajdonba ker\u00fcl\u00e9s\u00e9vel, valamint a t\u00e1rsadalmi r\u00f6gh\u00f6z k\u00f6t\u00f6tts\u00e9ggel magyar\u00e1znak. Az \u00fajlak\u00e1s\u00e9p\u00edt\u00e9s a k\u00edv\u00e1nt r\u00e1ta alatt van, ez\u00e9rt egyre fontosabb a megl\u00e9v\u0151 \u00e1llom\u00e1ny karbantart\u00e1sa &#8211; h\u00edvja fel a figyelmet az OTP Lak\u00e1stakar\u00e9k.<\/p>\n","protected":false},"author":1,"featured_media":68791,"comment_status":"open","ping_status":"closed","sticky":false,"template":"","format":"standard","meta":[],"categories":[146,301,19],"tags":[],"_links":{"self":[{"href":"https:\/\/gazdasagportal.hu\/index.php\/wp-json\/wp\/v2\/posts\/79168"}],"collection":[{"href":"https:\/\/gazdasagportal.hu\/index.php\/wp-json\/wp\/v2\/posts"}],"about":[{"href":"https:\/\/gazdasagportal.hu\/index.php\/wp-json\/wp\/v2\/types\/post"}],"author":[{"embeddable":true,"href":"https:\/\/gazdasagportal.hu\/index.php\/wp-json\/wp\/v2\/users\/1"}],"replies":[{"embeddable":true,"href":"https:\/\/gazdasagportal.hu\/index.php\/wp-json\/wp\/v2\/comments?post=79168"}],"version-history":[{"count":1,"href":"https:\/\/gazdasagportal.hu\/index.php\/wp-json\/wp\/v2\/posts\/79168\/revisions"}],"predecessor-version":[{"id":79169,"href":"https:\/\/gazdasagportal.hu\/index.php\/wp-json\/wp\/v2\/posts\/79168\/revisions\/79169"}],"wp:featuredmedia":[{"embeddable":true,"href":"https:\/\/gazdasagportal.hu\/index.php\/wp-json\/wp\/v2\/media\/68791"}],"wp:attachment":[{"href":"https:\/\/gazdasagportal.hu\/index.php\/wp-json\/wp\/v2\/media?parent=79168"}],"wp:term":[{"taxonomy":"category","embeddable":true,"href":"https:\/\/gazdasagportal.hu\/index.php\/wp-json\/wp\/v2\/categories?post=79168"},{"taxonomy":"post_tag","embeddable":true,"href":"https:\/\/gazdasagportal.hu\/index.php\/wp-json\/wp\/v2\/tags?post=79168"}],"curies":[{"name":"wp","href":"https:\/\/api.w.org\/{rel}","templated":true}]}}