{"id":79164,"date":"2016-05-11T17:12:01","date_gmt":"2016-05-11T15:12:01","guid":{"rendered":"http:\/\/gazdasagportal.hu\/?p=79164"},"modified":"2016-05-11T17:12:01","modified_gmt":"2016-05-11T15:12:01","slug":"illegalis-bevandorlas-indokolt-volt-a-vamosok-fegyverhasznalata","status":"publish","type":"post","link":"https:\/\/gazdasagportal.hu\/index.php\/illegalis-bevandorlas-indokolt-volt-a-vamosok-fegyverhasznalata\/","title":{"rendered":"Illeg\u00e1lis bev\u00e1ndorl\u00e1s &#8211; Indokolt volt a v\u00e1mosok fegyverhaszn\u00e1lata"},"content":{"rendered":"<p><strong>Egy\u00e9rtelm\u0171en indokolt \u00e9s hely\u00e9nval\u00f3 volt h\u00e9tf\u0151n a fegyverhaszn\u00e1lattal j\u00e1r\u00f3 int\u00e9zked\u00e9s, amellyel szlov\u00e1k v\u00e1m\u0151r\u00f6k meg\u00e1ll\u00edtottak egy illeg\u00e1lis migr\u00e1nsokat sz\u00e1ll\u00edt\u00f3 g\u00e9pkocsit &#8211; mondta Robert Kalin\u00e1k szlov\u00e1k bel\u00fcgyminiszter szerd\u00e1n a TASR szlov\u00e1k k\u00f6zszolg\u00e1lati h\u00edr\u00fcgyn\u00f6ks\u00e9gnek azzal kapcsolatban, hogy a v\u00e1m\u0151r\u00f6k a fegyveres beavatkoz\u00e1s sor\u00e1n egy migr\u00e1nst megsebes\u00edtettek. A hat\u00f3s\u00e1gok az \u00fcgyben hat embercsemp\u00e9sz ellen m\u00e1r elj\u00e1r\u00e1st is ind\u00edtottak.<\/strong><!--more--><\/p>\n<div class=\"ads-in-post1\"><div id=\"gazdasagportal.hu_fullbanner_wideboard\"><\/div>\r\n<\/div>\n<p>    A szlov\u00e1k v\u00e1m\u0151r\u00f6k h\u00e9tf\u0151n hajnalban r\u00e1l\u0151ttek egy illeg\u00e1lis migr\u00e1nsokat sz\u00e1ll\u00edt\u00f3 g\u00e9pkocsira Nagymegyern\u00e9l (Velky Meder), miut\u00e1n annak vezet\u0151je a hat\u00f3s\u00e1gok felsz\u00f3l\u00edt\u00e1sa ellen\u00e9re \u00e9s figyelmeztet\u0151 l\u00f6v\u00e9sek lead\u00e1sa ut\u00e1n sem \u00e1llt meg, s \u00fagy pr\u00f3b\u00e1lt elhajtani, hogy k\u00f6zben majdnem elg\u00e1zolta az int\u00e9zked\u0151 v\u00e1m\u0151r\u00f6ket. A Magyarorsz\u00e1g fel\u0151l \u00e9rkezett g\u00e9pkocsik k\u00f6z\u00fcl egynek utas\u00e1t, egy 26 \u00e9ves sz\u00edriai n\u0151t h\u00e1t\u00e1n tal\u00e1lt el egy l\u00f6ved\u00e9k. A n\u0151 sikeres m\u0171t\u00e9ten esett \u00e1t a dunaszerdahelyi k\u00f3rh\u00e1zban.<br \/>\n    A szlov\u00e1k bel\u00fcgyminiszter hangs\u00falyozta: mindenki tudja, hogy amennyiben ilyen esetben nem tesz eleget a hat\u00f3s\u00e1gok felsz\u00f3l\u00edt\u00e1s\u00e1nak, a Nagymegyern\u00e9l t\u00f6rt\u00e9ntekhez hasonl\u00f3 int\u00e9zked\u00e9sekre kell sz\u00e1m\u00edtania. &#8222;A sebes\u00fcl\u00e9s kock\u00e1zata az ilyen beavatkoz\u00e1sok sor\u00e1n mindig \u00f3ri\u00e1si&#8221; &#8211; mondta Robert Kalin\u00e1k, de hozz\u00e1tette, hogy ar\u00e1nyaiban m\u00e9gis kicsi a sebes\u00fcl\u00e9sekkel is j\u00e1r\u00f3 fegyveres g\u00e9pkocsi-feltart\u00f3ztat\u00e1sok sz\u00e1ma.<br \/>\n    Az incidens azut\u00e1n t\u00f6rt\u00e9nt, hogy szlov\u00e1k v\u00e1m\u0151r\u00f6k h\u00e9tf\u0151 hajnalban g\u00e9pkocsikat ellen\u0151riztek a Medve (Medvedov)-V\u00e1mosszabadi hat\u00e1r\u00e1tkel\u0151 k\u00f6zel\u00e9ben a szlov\u00e1k oldalon. Nem sokkal \u00e9jf\u00e9l ut\u00e1n n\u00e9gy, szorosan egym\u00e1s ut\u00e1n k\u00f6zleked\u0151 szem\u00e9lyg\u00e9pkocsit kezdtek k\u00f6vetni, majd mintegy t\u00edz kilom\u00e9ter megt\u00e9tele ut\u00e1n, Nagymegyer k\u00f6zel\u00e9ben \u00fagy d\u00f6nt\u00f6ttek, meg\u00e1ll\u00edtj\u00e1k \u0151ket.<br \/>\n    A g\u00e9pkocsik vezet\u0151i k\u00f6z\u00fcl h\u00e1rman meg\u00e1lltak a felsz\u00f3l\u00edt\u00e1sra, a negyedik azonban nem &#8211; t\u00e1j\u00e9koztatta az MTI-t h\u00e9tf\u0151n Patr\u00edcia Mac\u00edkov\u00e1, a szlov\u00e1k p\u00e9nz\u00fcgy\u0151rs\u00e9g sz\u00f3viv\u0151je. Miut\u00e1n az illeg\u00e1lis migr\u00e1nsokat sz\u00e1ll\u00edt\u00f3 negyedik aut\u00f3 megpr\u00f3b\u00e1lt elhajtani, s k\u00f6zben majdnem elg\u00e1zolta az int\u00e9zked\u0151 v\u00e1m\u0151r\u00f6ket, el\u0151sz\u00f6r figyelmeztet\u0151 l\u00f6v\u00e9sek lead\u00e1s\u00e1val pr\u00f3b\u00e1lt\u00e1k meg\u00e1ll\u00edtani, majd miut\u00e1n a g\u00e9pkocsi vezet\u0151je erre nem reag\u00e1lt, az egyik v\u00e1mos tov\u00e1bbi l\u00f6v\u00e9seket adott le a kocsira, amelyet azt\u00e1n n\u00e9h\u00e1ny sz\u00e1z m\u00e9terrel od\u00e9bb egy rend\u0151rj\u00e1r\u0151r \u00e1ll\u00edtott meg.<br \/>\n    A v\u00e1m\u0151r\u00f6k k\u00e9s\u0151bb az idegenrend\u00e9szetnek adt\u00e1k \u00e1t a n\u00e9gy szem\u00e9lyaut\u00f3t \u00e9s azok t\u00f6bbi utas\u00e1t.<br \/>\n    &#8222;Az Idegenrend\u00e9szeti Hivatal illeg\u00e1lismigr\u00e1ci\u00f3-ellenes egys\u00e9g\u00e9nek vizsg\u00e1l\u00f3tisztje, embercsemp\u00e9szet b\u0171ncselekm\u00e9ny\u00e9nek gyan\u00faja miatt hat szem\u00e9ly ellen ind\u00edtott b\u0171nv\u00e1di elj\u00e1r\u00e1st, egyik\u00fck eset\u00e9ben az elj\u00e1r\u00e1s hivatalos szem\u00e9ly elleni t\u00e1mad\u00e1s b\u0171ncselekm\u00e9ny\u00e9vel is kieg\u00e9sz\u00fcl&#8221; &#8211; k\u00f6z\u00f6lte szerd\u00e1n a szlov\u00e1k h\u00edr\u00fcgyn\u00f6ks\u00e9ggel Martin Waldl, a szlov\u00e1k Orsz\u00e1gos Rend\u0151r-f\u0151kapit\u00e1nys\u00e1g (PPZ) sz\u00f3viv\u0151je. Hozz\u00e1tette: a h\u00e9tf\u0151i incidens sebes\u00fcltje tov\u00e1bbra is a dunaszerdahelyi k\u00f3rh\u00e1zban van, k\u00e9t kiskor\u00fa szem\u00e9lyt a Kelet-Szlov\u00e1ki\u00e1ban l\u00e9v\u0151 mez\u0151laborci (Medzilaborce) gyermekotthonban, nyolc tov\u00e1bbi szem\u00e9lyt pedig Medv\u00e9n, az idegenrend\u00e9szet ottani egys\u00e9g\u00e9ben helyeztek el.<br \/>\n    A Sita szlov\u00e1k kereskedelmi h\u00edr\u00fcgyn\u00f6ks\u00e9g hivatalosan meg nem er\u0151s\u00edtett inform\u00e1ci\u00f3i szerint a migr\u00e1nsok sz\u00edriaiak \u00e9s afg\u00e1nok, az \u0151ket a hat\u00e1ron \u00e1thoz\u00f3 embercsemp\u00e9szek pedig rom\u00e1nok \u00e9s magyarok voltak.(MTI)<\/p>\n","protected":false},"excerpt":{"rendered":"<p>Egy\u00e9rtelm\u0171en indokolt \u00e9s hely\u00e9nval\u00f3 volt h\u00e9tf\u0151n a fegyverhaszn\u00e1lattal j\u00e1r\u00f3 int\u00e9zked\u00e9s, amellyel szlov\u00e1k v\u00e1m\u0151r\u00f6k meg\u00e1ll\u00edtottak egy illeg\u00e1lis migr\u00e1nsokat sz\u00e1ll\u00edt\u00f3 g\u00e9pkocsit &#8211; mondta Robert Kalin\u00e1k szlov\u00e1k bel\u00fcgyminiszter szerd\u00e1n a TASR szlov\u00e1k k\u00f6zszolg\u00e1lati h\u00edr\u00fcgyn\u00f6ks\u00e9gnek azzal kapcsolatban, hogy a v\u00e1m\u0151r\u00f6k a fegyveres beavatkoz\u00e1s sor\u00e1n egy migr\u00e1nst megsebes\u00edtettek. A hat\u00f3s\u00e1gok az \u00fcgyben hat embercsemp\u00e9sz ellen m\u00e1r elj\u00e1r\u00e1st is ind\u00edtottak.<\/p>\n","protected":false},"author":1,"featured_media":0,"comment_status":"open","ping_status":"closed","sticky":false,"template":"","format":"standard","meta":[],"categories":[12],"tags":[],"_links":{"self":[{"href":"https:\/\/gazdasagportal.hu\/index.php\/wp-json\/wp\/v2\/posts\/79164"}],"collection":[{"href":"https:\/\/gazdasagportal.hu\/index.php\/wp-json\/wp\/v2\/posts"}],"about":[{"href":"https:\/\/gazdasagportal.hu\/index.php\/wp-json\/wp\/v2\/types\/post"}],"author":[{"embeddable":true,"href":"https:\/\/gazdasagportal.hu\/index.php\/wp-json\/wp\/v2\/users\/1"}],"replies":[{"embeddable":true,"href":"https:\/\/gazdasagportal.hu\/index.php\/wp-json\/wp\/v2\/comments?post=79164"}],"version-history":[{"count":1,"href":"https:\/\/gazdasagportal.hu\/index.php\/wp-json\/wp\/v2\/posts\/79164\/revisions"}],"predecessor-version":[{"id":79165,"href":"https:\/\/gazdasagportal.hu\/index.php\/wp-json\/wp\/v2\/posts\/79164\/revisions\/79165"}],"wp:attachment":[{"href":"https:\/\/gazdasagportal.hu\/index.php\/wp-json\/wp\/v2\/media?parent=79164"}],"wp:term":[{"taxonomy":"category","embeddable":true,"href":"https:\/\/gazdasagportal.hu\/index.php\/wp-json\/wp\/v2\/categories?post=79164"},{"taxonomy":"post_tag","embeddable":true,"href":"https:\/\/gazdasagportal.hu\/index.php\/wp-json\/wp\/v2\/tags?post=79164"}],"curies":[{"name":"wp","href":"https:\/\/api.w.org\/{rel}","templated":true}]}}