{"id":79161,"date":"2016-05-11T16:52:15","date_gmt":"2016-05-11T14:52:15","guid":{"rendered":"http:\/\/gazdasagportal.hu\/?p=79161"},"modified":"2016-05-11T16:52:15","modified_gmt":"2016-05-11T14:52:15","slug":"illegalis-bevandorlas-onkent-indulnak-vissza-egyes-menekultek-gorogorszagbol-torokorszagba","status":"publish","type":"post","link":"https:\/\/gazdasagportal.hu\/index.php\/illegalis-bevandorlas-onkent-indulnak-vissza-egyes-menekultek-gorogorszagbol-torokorszagba\/","title":{"rendered":"Illeg\u00e1lis bev\u00e1ndorl\u00e1s &#8211; \u00d6nk\u00e9nt indulnak vissza egyes menek\u00fcltek G\u00f6r\u00f6gorsz\u00e1gb\u00f3l T\u00f6r\u00f6korsz\u00e1gba"},"content":{"rendered":"<p><strong>\u00d6nk\u00e9nt indultak vissza n\u00e9h\u00e1nyan a g\u00f6r\u00f6g H\u00edosz sziget\u00e9n tart\u00f3zkod\u00f3 menek\u00fcltek k\u00f6z\u00fcl T\u00f6r\u00f6korsz\u00e1gba: az ott uralkod\u00f3, szerint\u00fck borzalmas k\u00f6r\u00fclm\u00e9nyek miatt kedden 4 migr\u00e1ns d\u00f6nt\u00f6tt \u00fagy, hogy \u00faszva pr\u00f3b\u00e1lja meg lek\u00fczdeni a szemk\u00f6zti t\u00f6r\u00f6k Cesme v\u00e1rosba vezet\u0151, 26 kilom\u00e9teres \u00e9gei-tengeri utat &#8211; \u00edrta szerd\u00e1n a Milliyet c\u00edm\u0171 t\u00f6r\u00f6k napilap. A k\u00e9ts\u00e9gbeesett migr\u00e1nsokat \u00f6nk\u00e9ntes ment\u0151egys\u00e9gek hal\u00e1szt\u00e1k ki a v\u00edzb\u0151l.<\/strong><!--more--><\/p>\n<div class=\"ads-in-post1\"><div id=\"gazdasagportal.hu_fullbanner_wideboard\"><\/div>\r\n<\/div>\n<p>    D\u00fcnya Taslardan \u00fajs\u00e1g\u00edr\u00f3n\u0151 a Human Rights Watch nemzetk\u00f6zi jogv\u00e9d\u0151 szervezetre hivatkozva arr\u00f3l sz\u00e1molt be, hogy a sziget menek\u00fcltt\u00e1boraiban az emberek \u00e9heznek, betegs\u00e9gek terjednek k\u00f6z\u00f6tt\u00fck, \u00e9s a kisz\u00e1rad\u00e1s vesz\u00e9lye is fenyegeti \u0151ket.<br \/>\n    Hangs\u00falyozta: a migr\u00e1nsok egyszer m\u00e1r t\u00f6bb ezer eur\u00f3t adtak az embercsemp\u00e9szeknek az\u00e9rt, hogy G\u00f6r\u00f6gorsz\u00e1gba jussanak, most m\u00e9gis t\u00f6bben \u00fajra nekiv\u00e1gtak a vesz\u00e9lyes \u00fatnak, visszafel\u00e9. \u00dagy v\u00e9lte, elhat\u00e1roz\u00e1suknak tov\u00e1bbi k\u00e9t f\u0151 oka lehet: egyr\u00e9szt a balk\u00e1ni \u00fatvonal le van z\u00e1rva, m\u00e1sr\u00e9szt a mened\u00e9kjogi k\u00e9relmek elb\u00edr\u00e1l\u00e1sa G\u00f6r\u00f6gorsz\u00e1gban nagyon lassan halad.<br \/>\n    Az ezer f\u0151 befogad\u00e1s\u00e1ra k\u00e9pes H\u00edoszon teng\u0151d\u0151 t\u00f6bb mint 2 ezer menek\u00fcltnek 40 sz\u00e1zal\u00e9ka r\u00e1ad\u00e1sul gyerek. A 6 h\u00f3napn\u00e1l is fiatalabb csecsem\u0151k sz\u00e1ma legal\u00e1bb 25, akik \u00e9desanyjuk rossz \u00e1llapota miatt m\u00e9g a napi 100 milliliteres tejsz\u00fcks\u00e9glethez sem jutnak hozz\u00e1. Az eg\u00e9szs\u00e9g\u00fcgyi ell\u00e1t\u00e1sr\u00f3l mind\u00f6ssze 2 orvos pr\u00f3b\u00e1l meg gondoskodni, \u00e9s a gy\u00f3gyszer sem elegend\u0151. G\u00f6r\u00f6gorsz\u00e1g legfeljebb 28 napig tudja elsz\u00e1ll\u00e1solni t\u00e1borokban a migr\u00e1nsokat, akik az id\u0151 letelt\u00e9vel utc\u00e1ra ker\u00fclnek &#8211; k\u00f6z\u00f6lte a lap.<br \/>\n    Az \u00fajs\u00e1g\u00edr\u00f3n\u0151 \u00fagy l\u00e1tja, hogy a menek\u00fcltek a kock\u00e1zatos v\u00e1llalkoz\u00e1sokkal a m\u00e9dia \u00e9s a korm\u00e1nyok figyelm\u00e9t igyekeznek felh\u00edvni magukra.<br \/>\n    Taslardan szerint mindezek ok\u00e1n a j\u00f6v\u0151ben gyakran el\u0151fordulhatnak hasonl\u00f3 esetek.<br \/>\n    Reggel t\u00f6bb sz\u00e1z migr\u00e1ns kezdett \u00e9hs\u00e9gsztr\u00e1jkba a volt ath\u00e9ni rep\u00fcl\u0151t\u00e9ren kialak\u00edtott ideiglenes befogad\u00f3t\u00e1borban. A demonstr\u00e1l\u00f3k a rossz \u00e9letk\u00f6r\u00fclm\u00e9nyek elleni tiltakoz\u00e1sul nem vesznek magukhoz \u00e9telt, amelynek min\u0151s\u00e9g\u00e9t egy\u00e9bk\u00e9nt is kifog\u00e1solj\u00e1k.(MTI)<\/p>\n","protected":false},"excerpt":{"rendered":"<p>\u00d6nk\u00e9nt indultak vissza n\u00e9h\u00e1nyan a g\u00f6r\u00f6g H\u00edosz sziget\u00e9n tart\u00f3zkod\u00f3 menek\u00fcltek k\u00f6z\u00fcl T\u00f6r\u00f6korsz\u00e1gba: az ott uralkod\u00f3, szerint\u00fck borzalmas k\u00f6r\u00fclm\u00e9nyek miatt kedden 4 migr\u00e1ns d\u00f6nt\u00f6tt \u00fagy, hogy \u00faszva pr\u00f3b\u00e1lja meg lek\u00fczdeni a szemk\u00f6zti t\u00f6r\u00f6k Cesme v\u00e1rosba vezet\u0151, 26 kilom\u00e9teres \u00e9gei-tengeri utat &#8211; \u00edrta szerd\u00e1n a Milliyet c\u00edm\u0171 t\u00f6r\u00f6k napilap. A k\u00e9ts\u00e9gbeesett migr\u00e1nsokat \u00f6nk\u00e9ntes ment\u0151egys\u00e9gek hal\u00e1szt\u00e1k ki a &#8230;<\/p>\n","protected":false},"author":1,"featured_media":0,"comment_status":"open","ping_status":"closed","sticky":false,"template":"","format":"standard","meta":[],"categories":[12],"tags":[],"_links":{"self":[{"href":"https:\/\/gazdasagportal.hu\/index.php\/wp-json\/wp\/v2\/posts\/79161"}],"collection":[{"href":"https:\/\/gazdasagportal.hu\/index.php\/wp-json\/wp\/v2\/posts"}],"about":[{"href":"https:\/\/gazdasagportal.hu\/index.php\/wp-json\/wp\/v2\/types\/post"}],"author":[{"embeddable":true,"href":"https:\/\/gazdasagportal.hu\/index.php\/wp-json\/wp\/v2\/users\/1"}],"replies":[{"embeddable":true,"href":"https:\/\/gazdasagportal.hu\/index.php\/wp-json\/wp\/v2\/comments?post=79161"}],"version-history":[{"count":1,"href":"https:\/\/gazdasagportal.hu\/index.php\/wp-json\/wp\/v2\/posts\/79161\/revisions"}],"predecessor-version":[{"id":79162,"href":"https:\/\/gazdasagportal.hu\/index.php\/wp-json\/wp\/v2\/posts\/79161\/revisions\/79162"}],"wp:attachment":[{"href":"https:\/\/gazdasagportal.hu\/index.php\/wp-json\/wp\/v2\/media?parent=79161"}],"wp:term":[{"taxonomy":"category","embeddable":true,"href":"https:\/\/gazdasagportal.hu\/index.php\/wp-json\/wp\/v2\/categories?post=79161"},{"taxonomy":"post_tag","embeddable":true,"href":"https:\/\/gazdasagportal.hu\/index.php\/wp-json\/wp\/v2\/tags?post=79161"}],"curies":[{"name":"wp","href":"https:\/\/api.w.org\/{rel}","templated":true}]}}