{"id":79159,"date":"2016-05-11T16:28:22","date_gmt":"2016-05-11T14:28:22","guid":{"rendered":"http:\/\/gazdasagportal.hu\/?p=79159"},"modified":"2016-05-11T16:28:22","modified_gmt":"2016-05-11T14:28:22","slug":"az-eddigi-mersekeltrol-jelentosre-emelte-a-brit-elharitas-az-eszak-irorszagi-terrorveszely-szintet","status":"publish","type":"post","link":"https:\/\/gazdasagportal.hu\/index.php\/az-eddigi-mersekeltrol-jelentosre-emelte-a-brit-elharitas-az-eszak-irorszagi-terrorveszely-szintet\/","title":{"rendered":"Az eddigi m\u00e9rs\u00e9keltr\u0151l jelent\u0151sre emelte a brit elh\u00e1r\u00edt\u00e1s az \u00e9szak-\u00edrorsz\u00e1gi terrorvesz\u00e9ly szintet"},"content":{"rendered":"<p><strong>Az eddigi m\u00e9rs\u00e9keltr\u0151l jelent\u0151sre emelte a brit elh\u00e1r\u00edt\u00e1s (MI5) az \u00e9szak-\u00edrorsz\u00e1gi terrorvesz\u00e9ly elleni k\u00e9sz\u00fclts\u00e9gi szintet.<br \/>\n<\/strong><!--more--><\/p>\n<div class=\"ads-in-post1\"><div id=\"gazdasagportal.hu_fullbanner_wideboard\"><\/div>\r\n<\/div>\n    Az int\u00e9zked\u00e9st Theresa May brit bel\u00fcgyminiszter jelentette be szerd\u00e1n a londoni als\u00f3h\u00e1zban.<br \/>\n    Nagy-Britannia k\u00fcl\u00f6n k\u00e9sz\u00fclts\u00e9gi rendszert alkalmaz az \u00e1ltal\u00e1nos terrorvesz\u00e9lyre, illetve az \u00c9szak-\u00cdrorsz\u00e1gb\u00f3l ered\u0151 \u00e9s Nagy-Britanni\u00e1t fenyeget\u0151 terrort\u00e1mad\u00e1si kock\u00e1zatra. \u00c9szak-\u00cdrorsz\u00e1g nem r\u00e9sze Nagy-Britanni\u00e1nak, de vele egy\u00fctt alkotja az Egyes\u00fclt Kir\u00e1lys\u00e1got.<br \/>\n    Az \u00e1ltal\u00e1nos brit terrork\u00e9sz\u00fclts\u00e9g szintje tov\u00e1bbra is a 2014 augusztusa \u00f3ta \u00e9rv\u00e9nyben l\u00e9v\u0151 &#8222;s\u00falyos&#8221;, amely a hivatalos meghat\u00e1roz\u00e1s szerint azt jelzi, hogy a brit titkosszolg\u00e1latok meg\u00edt\u00e9l\u00e9se szerint nagy a val\u00f3sz\u00edn\u0171s\u00e9ge terrort\u00e1mad\u00e1s elk\u00f6vet\u00e9s\u00e9nek Nagy-Britanni\u00e1ban.<br \/>\n    Az \u00c9szak-\u00cdrorsz\u00e1gb\u00f3l ered\u0151 terrorvesz\u00e9ly k\u00e9sz\u00fclts\u00e9gi szintj\u00e9nek megemel\u00e9se azt jelenti, hogy a brit hat\u00f3s\u00e1gok &#8222;er\u0151teljesnek&#8221; tartj\u00e1k \u00e9szak-\u00edrorsz\u00e1gi szakad\u00e1r csoportok terrort\u00e1mad\u00e1sainak lehet\u0151s\u00e9g\u00e9t Angli\u00e1ban, Walesben vagy Sk\u00f3ci\u00e1ban.<br \/>\n(MTI)<\/p>\n","protected":false},"excerpt":{"rendered":"<p>Az eddigi m\u00e9rs\u00e9keltr\u0151l jelent\u0151sre emelte a brit elh\u00e1r\u00edt\u00e1s (MI5) az \u00e9szak-\u00edrorsz\u00e1gi terrorvesz\u00e9ly elleni k\u00e9sz\u00fclts\u00e9gi szintet.<\/p>\n","protected":false},"author":1,"featured_media":0,"comment_status":"open","ping_status":"closed","sticky":false,"template":"","format":"standard","meta":[],"categories":[12],"tags":[],"_links":{"self":[{"href":"https:\/\/gazdasagportal.hu\/index.php\/wp-json\/wp\/v2\/posts\/79159"}],"collection":[{"href":"https:\/\/gazdasagportal.hu\/index.php\/wp-json\/wp\/v2\/posts"}],"about":[{"href":"https:\/\/gazdasagportal.hu\/index.php\/wp-json\/wp\/v2\/types\/post"}],"author":[{"embeddable":true,"href":"https:\/\/gazdasagportal.hu\/index.php\/wp-json\/wp\/v2\/users\/1"}],"replies":[{"embeddable":true,"href":"https:\/\/gazdasagportal.hu\/index.php\/wp-json\/wp\/v2\/comments?post=79159"}],"version-history":[{"count":1,"href":"https:\/\/gazdasagportal.hu\/index.php\/wp-json\/wp\/v2\/posts\/79159\/revisions"}],"predecessor-version":[{"id":79160,"href":"https:\/\/gazdasagportal.hu\/index.php\/wp-json\/wp\/v2\/posts\/79159\/revisions\/79160"}],"wp:attachment":[{"href":"https:\/\/gazdasagportal.hu\/index.php\/wp-json\/wp\/v2\/media?parent=79159"}],"wp:term":[{"taxonomy":"category","embeddable":true,"href":"https:\/\/gazdasagportal.hu\/index.php\/wp-json\/wp\/v2\/categories?post=79159"},{"taxonomy":"post_tag","embeddable":true,"href":"https:\/\/gazdasagportal.hu\/index.php\/wp-json\/wp\/v2\/tags?post=79159"}],"curies":[{"name":"wp","href":"https:\/\/api.w.org\/{rel}","templated":true}]}}