{"id":79155,"date":"2016-05-11T15:57:53","date_gmt":"2016-05-11T13:57:53","guid":{"rendered":"http:\/\/gazdasagportal.hu\/?p=79155"},"modified":"2016-05-11T15:57:53","modified_gmt":"2016-05-11T13:57:53","slug":"terrorizmus-a-bevandorlasparti-erok-bosszut-akarnak-allni-a-kvotareferendum-miatt","status":"publish","type":"post","link":"https:\/\/gazdasagportal.hu\/index.php\/terrorizmus-a-bevandorlasparti-erok-bosszut-akarnak-allni-a-kvotareferendum-miatt\/","title":{"rendered":"Terrorizmus &#8211; A bev\u00e1ndorl\u00e1sp\u00e1rti er\u0151k bossz\u00fat akarnak \u00e1llni a kv\u00f3tareferendum miatt"},"content":{"rendered":"<p><strong>A Fidesz szerint a bev\u00e1ndorl\u00e1sp\u00e1rti er\u0151k \u00fajra aktiviz\u00e1lj\u00e1k magukat, hogy bossz\u00fat \u00e1lljanak Magyarorsz\u00e1gon a k\u00e9nyszerbetelep\u00edt\u00e9sr\u0151l sz\u00f3l\u00f3 n\u00e9pszavaz\u00e1s elrendel\u00e9se miatt.<\/strong><!--more--><\/p>\n<div class=\"ads-in-post1\"><div id=\"gazdasagportal.hu_fullbanner_wideboard\"><\/div>\r\n<\/div>\n<p>    A nagyobbik korm\u00e1nyp\u00e1rt az MTI-hez szerd\u00e1n eljuttatott k\u00f6zlem\u00e9ny\u00e9ben az Amnesty International (AI) k\u00f6zlem\u00e9ny\u00e9re reag\u00e1lt. Az AI azt \u00edrta, hogy az emberi jogok sz\u00e9les k\u00f6r\u0171 korl\u00e1toz\u00e1s\u00e1t lehet\u0151v\u00e9 tev\u0151 terrorellenes int\u00e9zked\u00e9sek bevezet\u00e9s\u00e9re ad lehet\u0151s\u00e9get a korm\u00e1ny sz\u00e1m\u00e1ra az alapt\u00f6rv\u00e9ny, a rend\u0151rs\u00e9gi t\u00f6rv\u00e9ny, a nemzetbiztons\u00e1gi szolg\u00e1latokr\u00f3l, valamint a honv\u00e9delemr\u0151l sz\u00f3l\u00f3 t\u00f6rv\u00e9nyek tervezett m\u00f3dos\u00edt\u00e1sa.<br \/>\n    A Fidesz szerint a bev\u00e1ndorl\u00e1sp\u00e1rti szervezetek ism\u00e9t nyom\u00e1st akarnak gyakorolni a korm\u00e1nyra, a baloldal \u00e9s a br\u00fcsszeli politikusok mellett \u00fajra t\u00e1mad\u00e1sba lend\u00fcltek Magyarorsz\u00e1g ellen. Kor\u00e1bban a fizikai \u00e9s a jogi hat\u00e1rz\u00e1r ellen l\u00e9ptek fel, most a n\u00e9pszavaz\u00e1st \u00e9s a terrorizmus elleni akci\u00f3tervet t\u00e1madj\u00e1k, mert nemcsak t\u00e1mogatj\u00e1k, hanem seg\u00edtik is az Eur\u00f3pa fel\u00e9 tart\u00f3 illeg\u00e1lis bev\u00e1ndorl\u00e1st &#8211; \u00edrt\u00e1k. \u00dagy folytatt\u00e1k: az AI nemzetk\u00f6zi kamp\u00e1nyt folytat a bev\u00e1ndorl\u00f3k beenged\u00e9s\u00e9\u00e9rt \u00e9s betelep\u00edt\u00e9s\u00e9\u00e9rt. &#8222;Ezek a szervezetek is azt szeretn\u00e9k, ha a magyar emberek csendben t\u0171rn\u00e9k, \u00e9s sz\u00f3 n\u00e9lk\u00fcl hagyn\u00e1k, hogy Br\u00fcsszel d\u00f6nts\u00f6n helyett\u00fck a bev\u00e1ndorl\u00f3k betelep\u00edt\u00e9s\u00e9r\u0151l.&#8221;<br \/>\n    A val\u00f3di menek\u00fclteket eddig is seg\u00edtette, \u00e9s ezut\u00e1n is seg\u00edti majd Magyarorsz\u00e1g, de &#8222;nem k\u00e9r\u00fcnk sem a k\u00e9nyszerbetelep\u00edt\u00e9sb\u0151l, sem a potenci\u00e1lis terrorist\u00e1kb\u00f3l&#8221;. Ez\u00e9rt \u00e9rkezzen b\u00e1rmilyen nyom\u00e1s, &#8222;kitartunk a n\u00e9pszavaz\u00e1s megrendez\u00e9se \u00e9s a terrorizmus elleni akci\u00f3terv v\u00e9grehajt\u00e1sa mellett&#8221;, mert ezek a magyar emberek jogait \u00e9s biztons\u00e1g\u00e1t szolg\u00e1lj\u00e1k &#8211; olvashat\u00f3 a k\u00f6zlem\u00e9nyben.(MTI)<\/p>\n","protected":false},"excerpt":{"rendered":"<p>A Fidesz szerint a bev\u00e1ndorl\u00e1sp\u00e1rti er\u0151k \u00fajra aktiviz\u00e1lj\u00e1k magukat, hogy bossz\u00fat \u00e1lljanak Magyarorsz\u00e1gon a k\u00e9nyszerbetelep\u00edt\u00e9sr\u0151l sz\u00f3l\u00f3 n\u00e9pszavaz\u00e1s elrendel\u00e9se miatt.<\/p>\n","protected":false},"author":1,"featured_media":0,"comment_status":"open","ping_status":"closed","sticky":false,"template":"","format":"standard","meta":[],"categories":[4],"tags":[],"_links":{"self":[{"href":"https:\/\/gazdasagportal.hu\/index.php\/wp-json\/wp\/v2\/posts\/79155"}],"collection":[{"href":"https:\/\/gazdasagportal.hu\/index.php\/wp-json\/wp\/v2\/posts"}],"about":[{"href":"https:\/\/gazdasagportal.hu\/index.php\/wp-json\/wp\/v2\/types\/post"}],"author":[{"embeddable":true,"href":"https:\/\/gazdasagportal.hu\/index.php\/wp-json\/wp\/v2\/users\/1"}],"replies":[{"embeddable":true,"href":"https:\/\/gazdasagportal.hu\/index.php\/wp-json\/wp\/v2\/comments?post=79155"}],"version-history":[{"count":1,"href":"https:\/\/gazdasagportal.hu\/index.php\/wp-json\/wp\/v2\/posts\/79155\/revisions"}],"predecessor-version":[{"id":79156,"href":"https:\/\/gazdasagportal.hu\/index.php\/wp-json\/wp\/v2\/posts\/79155\/revisions\/79156"}],"wp:attachment":[{"href":"https:\/\/gazdasagportal.hu\/index.php\/wp-json\/wp\/v2\/media?parent=79155"}],"wp:term":[{"taxonomy":"category","embeddable":true,"href":"https:\/\/gazdasagportal.hu\/index.php\/wp-json\/wp\/v2\/categories?post=79155"},{"taxonomy":"post_tag","embeddable":true,"href":"https:\/\/gazdasagportal.hu\/index.php\/wp-json\/wp\/v2\/tags?post=79155"}],"curies":[{"name":"wp","href":"https:\/\/api.w.org\/{rel}","templated":true}]}}