{"id":79149,"date":"2016-05-11T14:52:28","date_gmt":"2016-05-11T12:52:28","guid":{"rendered":"http:\/\/gazdasagportal.hu\/?p=79149"},"modified":"2016-05-11T14:52:28","modified_gmt":"2016-05-11T12:52:28","slug":"aegon-alapkezelo-09-szazalekig-csokkenhet-az-alapkamat","status":"publish","type":"post","link":"https:\/\/gazdasagportal.hu\/index.php\/aegon-alapkezelo-09-szazalekig-csokkenhet-az-alapkamat\/","title":{"rendered":"Aegon Alapkezel\u0151: 0,9 sz\u00e1zal\u00e9kig cs\u00f6kkenhet az alapkamat"},"content":{"rendered":"<p><strong>A jegybank kommunik\u00e1ci\u00f3ja az elm\u00falt h\u00f3napokban nem volt egy\u00e9rtelm\u0171, ami ink\u00e1bb gyeng\u00edti a forintot, mint er\u0151s\u00edti &#8211; fejtette ki Duronelly P\u00e9ter, az Aegon Magyarorsz\u00e1g Befektet\u00e9si Alapkezel\u0151 portf\u00f3li\u00f3 menedzsere az alapkezel\u0151 szerdai sajt\u00f3besz\u00e9lget\u00e9s\u00e9n, Budapesten.<\/strong><!--more--><\/p>\n<div class=\"ads-in-post1\"><div id=\"gazdasagportal.hu_fullbanner_wideboard\"><\/div>\r\n<\/div>\n<p>    Duronelly P\u00e9ter elmondta: a Magyar Nemzeti Bank (MNB) keddi sajt\u00f3t\u00e1j\u00e9koztat\u00f3j\u00e1n elhangzottak alapj\u00e1n 0,9 sz\u00e1zal\u00e9kig mehet le az alapkamat, de az elm\u00falt h\u00f3napokban az MNB k\u00f6zl\u00e9sei kiss\u00e9 zavarosak voltak, \u00fagy t\u0171nt, a jegybank sem tudja, meddig szeretn\u00e9 cs\u00f6kkenteni az alapkamatot.<br \/>\n    Sz\u0171cs Zolt\u00e1n, az Aegon Alapkezel\u0151 k\u00f6tv\u00e9nyr\u00e9szleg\u00e9nek portf\u00f3li\u00f3 menedzsere r\u00e1mutatott: val\u00f3sz\u00edn\u0171, hogy az MNB a j\u00f6v\u0151ben az alapkamatn\u00e1l fontosabb szerepet sz\u00e1n a bankk\u00f6zi kamat, a BUBOR alakul\u00e1s\u00e1nak. Az alapkamat cs\u00f6kkent\u00e9s\u00e9ben szerepet j\u00e1tszik az is, hogy az MNB nem tudja f\u00fcggetlen\u00edteni mag\u00e1t az Eur\u00f3pai K\u00f6zponti Bank l\u00e9p\u00e9seit\u0151l &#8211; utalt r\u00e1 a portfoli\u00f3 menedzser.<br \/>\n    A forint a 310-315 forint\/eur\u00f3 s\u00e1vban maradhat a k\u00f6vetkez\u0151 egy \u00e9vben &#8211; f\u0171zte hozz\u00e1.<br \/>\n    Kadocsa P\u00e9ter, az Aegon Alapkezel\u0151 vez\u00e9rigazgat\u00f3ja elmondta: az Aegon Asset Management 346 milli\u00e1rd eur\u00f3 kezelt vagyonnal rendelkezik vil\u00e1gszerte, a legnagyobb \u00f6sszeget, 260 milli\u00e1rd eur\u00f3t k\u00f6tv\u00e9nyportf\u00f3li\u00f3kban halmoztak fel a befektet\u0151ik.<br \/>\n    Duronelly P\u00e9ter kifejtette: tavaly m\u00e1r l\u00e1tni lehetett, hogy a glob\u00e1lis r\u00e9szv\u00e9nypiacok teljes\u00edtm\u00e9nye gyeng\u00fclt, emellett igen lass\u00fa n\u00f6veked\u00e9st \u00e1razott be a k\u00f6tv\u00e9nypiac is.<br \/>\n    Kiemelte: er\u0151s \u00f6sszef\u00fcgg\u00e9s van az egyes \u00e1llamokban az ipari termel\u00e9s \u00e9s GDP alakul\u00e1sa k\u00f6z\u00f6tt. Az ipari termel\u00e9s \u00e9ves b\u0151v\u00fcl\u00e9se a fejl\u0151d\u0151 \u00e9s felt\u00f6rekv\u0151 orsz\u00e1gokban is lef\u00e9kez\u0151d\u00f6tt, a j\u00f6v\u0151ben pedig m\u00e9g jobban fog lassulni vil\u00e1gszerte. Ez a folyamat hossz\u00fa t\u00e1von a profitv\u00e1rakoz\u00e1sokat is lejjebb viszi, \u00e9s ez\u00e9rt a r\u00e9szv\u00e9nypiacoknak sem kedvez &#8211; f\u0171zte hozz\u00e1.<br \/>\n    Megjegyezte az Egyes\u00fclt \u00c1llamok gazdas\u00e1gi n\u00f6veked\u00e9s\u00e9hez f\u0171z\u00f6tt v\u00e1rakoz\u00e1sok egy \u00e9v alatt jelent\u0151sen visszaestek, m\u00edg az eur\u00f3z\u00f3na GDP-n\u00f6veked\u00e9s\u00e9t \u00e9rint\u0151 el\u0151rejelz\u00e9seket \u00e9rdemben nem m\u00f3dos\u00edtott\u00e1k az elemz\u0151k.<br \/>\n    Sz\u0171cs Zolt\u00e1n egy k\u00e9rd\u00e9sre elmondta: az alapkezel\u0151n\u00e9l azt v\u00e1rj\u00e1k, hogy id\u00e9n 2,6-2,7 sz\u00e1zal\u00e9kkal n\u0151het a magyar GDP.(MTI)<\/p>\n","protected":false},"excerpt":{"rendered":"<p>A jegybank kommunik\u00e1ci\u00f3ja az elm\u00falt h\u00f3napokban nem volt egy\u00e9rtelm\u0171, ami ink\u00e1bb gyeng\u00edti a forintot, mint er\u0151s\u00edti &#8211; fejtette ki Duronelly P\u00e9ter, az Aegon Magyarorsz\u00e1g Befektet\u00e9si Alapkezel\u0151 portf\u00f3li\u00f3 menedzsere az alapkezel\u0151 szerdai sajt\u00f3besz\u00e9lget\u00e9s\u00e9n, Budapesten.<\/p>\n","protected":false},"author":1,"featured_media":0,"comment_status":"open","ping_status":"closed","sticky":false,"template":"","format":"standard","meta":[],"categories":[19],"tags":[],"_links":{"self":[{"href":"https:\/\/gazdasagportal.hu\/index.php\/wp-json\/wp\/v2\/posts\/79149"}],"collection":[{"href":"https:\/\/gazdasagportal.hu\/index.php\/wp-json\/wp\/v2\/posts"}],"about":[{"href":"https:\/\/gazdasagportal.hu\/index.php\/wp-json\/wp\/v2\/types\/post"}],"author":[{"embeddable":true,"href":"https:\/\/gazdasagportal.hu\/index.php\/wp-json\/wp\/v2\/users\/1"}],"replies":[{"embeddable":true,"href":"https:\/\/gazdasagportal.hu\/index.php\/wp-json\/wp\/v2\/comments?post=79149"}],"version-history":[{"count":1,"href":"https:\/\/gazdasagportal.hu\/index.php\/wp-json\/wp\/v2\/posts\/79149\/revisions"}],"predecessor-version":[{"id":79150,"href":"https:\/\/gazdasagportal.hu\/index.php\/wp-json\/wp\/v2\/posts\/79149\/revisions\/79150"}],"wp:attachment":[{"href":"https:\/\/gazdasagportal.hu\/index.php\/wp-json\/wp\/v2\/media?parent=79149"}],"wp:term":[{"taxonomy":"category","embeddable":true,"href":"https:\/\/gazdasagportal.hu\/index.php\/wp-json\/wp\/v2\/categories?post=79149"},{"taxonomy":"post_tag","embeddable":true,"href":"https:\/\/gazdasagportal.hu\/index.php\/wp-json\/wp\/v2\/tags?post=79149"}],"curies":[{"name":"wp","href":"https:\/\/api.w.org\/{rel}","templated":true}]}}