{"id":79147,"date":"2016-05-11T14:28:14","date_gmt":"2016-05-11T12:28:14","guid":{"rendered":"http:\/\/gazdasagportal.hu\/?p=79147"},"modified":"2016-05-11T14:28:14","modified_gmt":"2016-05-11T12:28:14","slug":"nemzetkozi-piacon-terjeszkedne-a-4ig-informatikai-vallalat","status":"publish","type":"post","link":"https:\/\/gazdasagportal.hu\/index.php\/nemzetkozi-piacon-terjeszkedne-a-4ig-informatikai-vallalat\/","title":{"rendered":"Nemzetk\u00f6zi piacon terjeszkedne a 4iG informatikai v\u00e1llalat"},"content":{"rendered":"<p><strong>Nemzetk\u00f6zi piacon terjeszkedne a Budapesti \u00c9rt\u00e9kt\u0151zsd\u00e9n jegyzett 4iG Nyrt., az  informatikai v\u00e1llalat akviz\u00edci\u00f3s lehet\u0151s\u00e9geket is keres &#8211; err\u0151l Feh\u00e9r Istv\u00e1n, a c\u00e9gcsoport igazgat\u00f3s\u00e1g\u00e1nak tagja besz\u00e9lt egy szerdai h\u00e1tt\u00e9rbesz\u00e9lget\u00e9sen, Budapesten.<\/strong><!--more--><\/p>\n<div class=\"ads-in-post1\"><div id=\"gazdasagportal.hu_fullbanner_wideboard\"><\/div>\r\n<\/div>\n<p>    Kiemelte: olyan c\u00e9get keresnek, amely magas hozz\u00e1adott \u00e9rt\u00e9k\u0171 szolg\u00e1ltat\u00e1st v\u00e9gez, kieg\u00e9sz\u00edtheti, vagy \u00faj elemekkel b\u0151v\u00edtheti a 4iG portf\u00f3li\u00f3j\u00e1t. \u00dagy v\u00e9lte, az akviz\u00edci\u00f3 ak\u00e1r egy \u00e9ven bel\u00fcl megval\u00f3sulhat. Hozz\u00e1tette ugyanakkor, hogy a t\u00e1rsas\u00e1g spekulat\u00edv c\u00e9llal, csak a r\u00e9szv\u00e9ny\u00e1rfolyam emelked\u00e9s\u00e9\u00e9rt nem fog akvir\u00e1lni.<br \/>\n    A c\u00e9g a DACH r\u00e9gi\u00f3ban (N\u00e9metorsz\u00e1g Ausztria, Sv\u00e1jc), az Egyes\u00fclt Kir\u00e1lys\u00e1gban, K\u00f6z\u00e9p-Eur\u00f3p\u00e1ban \u00e9s a nyugat-balk\u00e1ni r\u00e9gi\u00f3ban k\u00edv\u00e1n terjeszkedni.<br \/>\n    Az nyrt. 2016-ban 130 milli\u00f3 forintos exportb\u00f3l sz\u00e1rmaz\u00f3 szolg\u00e1ltat\u00e1si \u00e1rbev\u00e9tel-n\u00f6vekm\u00e9nnyel sz\u00e1mol a tavalyi n\u00e9h\u00e1ny t\u00edzmilli\u00f3 forintos bev\u00e9tel ut\u00e1n.<br \/>\n    A c\u00e9g k\u00f6z\u00e9pt\u00e1v\u00fa tervei k\u00f6z\u00e9 tartozik tov\u00e1bb\u00e1, hogy 2020-ra a tiszt\u00e1n IT szolg\u00e1ltat\u00e1sb\u00f3l sz\u00e1rmaz\u00f3 \u00e1rbev\u00e9tel \u00e9rje el az egymilli\u00e1rd forintot \u00e9s a r\u00e9szv\u00e9nyesi k\u00f6zk\u00e9zh\u00e1nyad a mostani 35-38 sz\u00e1zal\u00e9kr\u00f3l 50-60 sz\u00e1zal\u00e9kra emelkedjen &#8211; ismertette Feh\u00e9r Istv\u00e1n.<br \/>\n    A 4iG c\u00e9gcsoport tavaly mintegy 26 sz\u00e1zal\u00e9kkal 16,49 milli\u00e1rd forintra n\u00f6velte konszolid\u00e1lt \u00e1rbev\u00e9tel\u00e9t.<br \/>\n    Kopp\u00e1ny Tam\u00e1s, a t\u00e1rsas\u00e1g gazdas\u00e1gi vez\u00e9rigazgat\u00f3-helyettese kifejtette: az \u00e1rbev\u00e9tel mintegy 64 sz\u00e1zal\u00e9ka hardver \u00e9s szoftver \u00e9rt\u00e9kes\u00edt\u00e9sb\u0151l sz\u00e1rmazik, a szegmens r\u00e9szesed\u00e9se azonban folyamatosan cs\u00f6kken, a fennmarad\u00f3 36 sz\u00e1zal\u00e9kot az IT szolg\u00e1ltat\u00e1s adja.<br \/>\n    Az informatikai v\u00e1llalat ad\u00f3, \u00e9rt\u00e9kcs\u00f6kken\u00e9si le\u00edr\u00e1s \u00e9s kamatfizet\u00e9s el\u0151tti eredm\u00e9nye (EBITDA) 2015-ben 927 milli\u00f3 forint lett, 53 sz\u00e1zal\u00e9kkal t\u00f6bb, mint 2014-ben volt. A 4iG az EBITDA stagn\u00e1l\u00e1s\u00e1ra sz\u00e1m\u00edt az id\u00e9n, tervei szerint az el\u0151z\u0151 \u00e9vi n\u00f6veked\u00e9st bels\u0151 fejleszt\u00e9sekre \u00e9s \u00e1talak\u00edt\u00e1sra ford\u00edtja majd.<br \/>\n    A t\u00e1rsas\u00e1g konszolid\u00e1lt ad\u00f3zott eredm\u00e9nye tavaly 313,7 milli\u00f3 forintra cs\u00f6kkent az el\u0151z\u0151 \u00e9vi 348,2 milli\u00f3r\u00f3l.<br \/>\n    A 4iG r\u00e9szv\u00e9nyeivel a B\u00c9T standard kateg\u00f3ri\u00e1j\u00e1ban kereskednek, a pap\u00edr keddi z\u00e1r\u00f3\u00e1ra 2000 forint volt, az elm\u00falt egy \u00e9vben 2100 \u00e9s 1752 forint k\u00f6z\u00f6tt mozgott. (MTI)<\/p>\n","protected":false},"excerpt":{"rendered":"<p>Nemzetk\u00f6zi piacon terjeszkedne a Budapesti \u00c9rt\u00e9kt\u0151zsd\u00e9n jegyzett 4iG Nyrt., az informatikai v\u00e1llalat akviz\u00edci\u00f3s lehet\u0151s\u00e9geket is keres &#8211; err\u0151l Feh\u00e9r Istv\u00e1n, a c\u00e9gcsoport igazgat\u00f3s\u00e1g\u00e1nak tagja besz\u00e9lt egy szerdai h\u00e1tt\u00e9rbesz\u00e9lget\u00e9sen, Budapesten.<\/p>\n","protected":false},"author":1,"featured_media":0,"comment_status":"open","ping_status":"closed","sticky":false,"template":"","format":"standard","meta":[],"categories":[7],"tags":[],"_links":{"self":[{"href":"https:\/\/gazdasagportal.hu\/index.php\/wp-json\/wp\/v2\/posts\/79147"}],"collection":[{"href":"https:\/\/gazdasagportal.hu\/index.php\/wp-json\/wp\/v2\/posts"}],"about":[{"href":"https:\/\/gazdasagportal.hu\/index.php\/wp-json\/wp\/v2\/types\/post"}],"author":[{"embeddable":true,"href":"https:\/\/gazdasagportal.hu\/index.php\/wp-json\/wp\/v2\/users\/1"}],"replies":[{"embeddable":true,"href":"https:\/\/gazdasagportal.hu\/index.php\/wp-json\/wp\/v2\/comments?post=79147"}],"version-history":[{"count":1,"href":"https:\/\/gazdasagportal.hu\/index.php\/wp-json\/wp\/v2\/posts\/79147\/revisions"}],"predecessor-version":[{"id":79148,"href":"https:\/\/gazdasagportal.hu\/index.php\/wp-json\/wp\/v2\/posts\/79147\/revisions\/79148"}],"wp:attachment":[{"href":"https:\/\/gazdasagportal.hu\/index.php\/wp-json\/wp\/v2\/media?parent=79147"}],"wp:term":[{"taxonomy":"category","embeddable":true,"href":"https:\/\/gazdasagportal.hu\/index.php\/wp-json\/wp\/v2\/categories?post=79147"},{"taxonomy":"post_tag","embeddable":true,"href":"https:\/\/gazdasagportal.hu\/index.php\/wp-json\/wp\/v2\/tags?post=79147"}],"curies":[{"name":"wp","href":"https:\/\/api.w.org\/{rel}","templated":true}]}}