{"id":79136,"date":"2016-05-11T11:57:48","date_gmt":"2016-05-11T09:57:48","guid":{"rendered":"http:\/\/gazdasagportal.hu\/?p=79136"},"modified":"2016-05-11T11:57:48","modified_gmt":"2016-05-11T09:57:48","slug":"lesujto-gyorsjelentest-produkalt-a-gopro","status":"publish","type":"post","link":"https:\/\/gazdasagportal.hu\/index.php\/lesujto-gyorsjelentest-produkalt-a-gopro\/","title":{"rendered":"Les\u00fajt\u00f3 gyorsjelent\u00e9st produk\u00e1lt a GoPro"},"content":{"rendered":"<p><strong>A kor\u00e1bbi id\u0151szakokhoz k\u00e9pest massz\u00edv visszaes\u00e9st produk\u00e1lt a Gopro ebben a negyed\u00e9vben. Az egyik f\u0151 oka a cs\u00f6kken\u00e9snek, hogy id\u0151ben cs\u00faszni fog a c\u00e9g saj\u00e1t dr\u00f3njainak \u00e9rt\u00e9kes\u00edt\u00e9se. Ha a 9-10 doll\u00e1ros t\u00e1maszok megfogj\u00e1k a pap\u00edrt, akkor r\u00f6vidt\u00e1von j\u00f3 befektet\u00e9s lehet a GoPro.<\/strong><!--more--><\/p>\n<div class=\"ads-in-post1\"><div id=\"gazdasagportal.hu_fullbanner_wideboard\"><\/div>\r\n<\/div>\n<p>Nem siker\u00fclt j\u00f3l a GoPro negyed\u00e9ves gyorsjelent\u00e9se az elemz\u0151i v\u00e1rakoz\u00e1sokhoz k\u00e9pest. Mind bev\u00e9telben, mind eredm\u00e9ny sorokon komoly visszaes\u00e9st tapasztalhatunk a v\u00e1llalatban. Emiatt egyre t\u00f6bb befektet\u0151nek megrend\u00fclt a bizalma az akci\u00f3 kamer\u00e1kat gy\u00e1rt\u00f3 c\u00e9gben avval kapcsolatban, hogy vajon tarthat-e m\u00e9g hosszabb t\u00e1von ez a n\u00f6veked\u00e9s, ami az elm\u00falt id\u0151ben volt jellemz\u0151.<\/p>\n<p>Az IPO \u00f3ta a c\u00e9g igen sokat tudott emelkedni, j\u00e1rt m\u00e1r 100 doll\u00e1r k\u00f6zel\u00e9ben is a grafikon, \u00e1m jelenleg 10 doll\u00e1rn\u00e1l tart\u00f3zkodik \u00e9s ha az itt l\u00e1that\u00f3 t\u00e1maszt let\u00f6ri az \u00e1rfolyam, akkor tov\u00e1bb cs\u00f6kken\u00e9s lehets\u00e9ges.<\/p><div id=\"gazda-1196545224\" class=\"gazda-tartalomban gazda-entity-placement\"><script async src=\"https:\/\/pagead2.googlesyndication.com\/pagead\/js\/adsbygoogle.js\"><\/script>\r\n<ins class=\"adsbygoogle\"\r\n     style=\"display:block\"\r\n     data-ad-format=\"fluid\"\r\n     data-ad-layout-key=\"-6t+ed+2i-1n-4w\"\r\n     data-ad-client=\"ca-pub-1959107119989764\"\r\n     data-ad-slot=\"4008251320\"><\/ins>\r\n<script>\r\n     (adsbygoogle = window.adsbygoogle || []).push({});\r\n<\/script><\/div>\n<p>A legnagyobb probl\u00e9m\u00e1t az okozta, hogy a 2016 els\u0151 negyed\u00e9v\u00e9re \u00edg\u00e9rt dr\u00f3nok \u00e9rt\u00e9kes\u00edt\u00e9se elmaradt, v\u00e9lhet\u0151en ezt augusztus fele fogja megl\u00e9pni a c\u00e9g. A kamer\u00e1k elad\u00e1sa tov\u00e1bbra sem alakult t\u00fals\u00e1gosan j\u00f3l, az \u00e1rbev\u00e9tel visszaes\u00e9st az tudta csak ellens\u00falyozni, hogy az \u00e1tlagos elad\u00e1si \u00e1rak azok magasabbak voltak a kor\u00e1bbiakhoz k\u00e9pest.<\/p>\n<p>Amennyiben a 9-10 doll\u00e1ros t\u00e1masz megfogja a GoPro \u00e1rfolyam\u00e1t, akkor r\u00f6vidt\u00e1von j\u00f3 besz\u00e1ll\u00f3 is lehet.<\/p>\n<p><iframe loading=\"lazy\" width=\"509\" height=\"319\" src=\"http:\/\/gazdasagtv.hu\/iframe.php?id=10278\" style=\"border: none; overflow: hidden\" scrolling=\"no\"><\/iframe><br \/>Forr\u00e1s: <a href=\"http:\/\/gazdasagtv.hu\" style=\"color: #df1100; font-weight: bold; text-decoration: none;\" target=\"_blank\" rel=\"noopener\">Gazdas\u00e1gTV.hu<\/a><\/p>\n","protected":false},"excerpt":{"rendered":"<p>A kor\u00e1bbi id\u0151szakokhoz k\u00e9pest massz\u00edv visszaes\u00e9st produk\u00e1lt a Gopro ebben a negyed\u00e9vben. Az egyik f\u0151 oka a cs\u00f6kken\u00e9snek, hogy id\u0151ben cs\u00faszni fog a c\u00e9g saj\u00e1t dr\u00f3njainak \u00e9rt\u00e9kes\u00edt\u00e9se. Ha a 9-10 doll\u00e1ros t\u00e1maszok megfogj\u00e1k a pap\u00edrt, akkor r\u00f6vidt\u00e1von j\u00f3 befektet\u00e9s lehet a GoPro.<\/p>\n","protected":false},"author":1,"featured_media":73282,"comment_status":"open","ping_status":"closed","sticky":false,"template":"","format":"standard","meta":[],"categories":[146,7],"tags":[],"_links":{"self":[{"href":"https:\/\/gazdasagportal.hu\/index.php\/wp-json\/wp\/v2\/posts\/79136"}],"collection":[{"href":"https:\/\/gazdasagportal.hu\/index.php\/wp-json\/wp\/v2\/posts"}],"about":[{"href":"https:\/\/gazdasagportal.hu\/index.php\/wp-json\/wp\/v2\/types\/post"}],"author":[{"embeddable":true,"href":"https:\/\/gazdasagportal.hu\/index.php\/wp-json\/wp\/v2\/users\/1"}],"replies":[{"embeddable":true,"href":"https:\/\/gazdasagportal.hu\/index.php\/wp-json\/wp\/v2\/comments?post=79136"}],"version-history":[{"count":1,"href":"https:\/\/gazdasagportal.hu\/index.php\/wp-json\/wp\/v2\/posts\/79136\/revisions"}],"predecessor-version":[{"id":79137,"href":"https:\/\/gazdasagportal.hu\/index.php\/wp-json\/wp\/v2\/posts\/79136\/revisions\/79137"}],"wp:featuredmedia":[{"embeddable":true,"href":"https:\/\/gazdasagportal.hu\/index.php\/wp-json\/wp\/v2\/media\/73282"}],"wp:attachment":[{"href":"https:\/\/gazdasagportal.hu\/index.php\/wp-json\/wp\/v2\/media?parent=79136"}],"wp:term":[{"taxonomy":"category","embeddable":true,"href":"https:\/\/gazdasagportal.hu\/index.php\/wp-json\/wp\/v2\/categories?post=79136"},{"taxonomy":"post_tag","embeddable":true,"href":"https:\/\/gazdasagportal.hu\/index.php\/wp-json\/wp\/v2\/tags?post=79136"}],"curies":[{"name":"wp","href":"https:\/\/api.w.org\/{rel}","templated":true}]}}