{"id":79134,"date":"2016-05-11T11:32:31","date_gmt":"2016-05-11T09:32:31","guid":{"rendered":"http:\/\/gazdasagportal.hu\/?p=79134"},"modified":"2016-05-11T11:32:31","modified_gmt":"2016-05-11T09:32:31","slug":"nagyot-gyengultek-a-nyersanyagdevizak-hamarosan-ujabb-csokkenessel-szamolhatunk","status":"publish","type":"post","link":"https:\/\/gazdasagportal.hu\/index.php\/nagyot-gyengultek-a-nyersanyagdevizak-hamarosan-ujabb-csokkenessel-szamolhatunk\/","title":{"rendered":"Nagyot gyeng\u00fcltek a nyersanyagdeviz\u00e1k, hamarosan \u00fajabb cs\u00f6kken\u00e9ssel sz\u00e1molhatunk"},"content":{"rendered":"<p><strong>Komoly gyeng\u00fcl\u00e9st \u00e9ltek meg a nyersanyagdeviz\u00e1k az elm\u00falt napokban. A technikai k\u00e9p n\u00e9mi korrekci\u00f3t jelez el\u0151re az elk\u00f6vetkezend\u0151 id\u0151ben, majd \u00fajabb gyeng\u00fcl\u00e9s lehets\u00e9ges a k\u00e9t devizap\u00e1rban &#8211; fejtette kis elemz\u00e9s\u00e9ben Varga Zolt\u00e1n, az Equilor Befektet\u00e9si Zrt. elemz\u0151je.<\/strong><!--more--><br \/>\n<div class=\"ads-in-post1\"><div id=\"gazdasagportal.hu_fullbanner_wideboard\"><\/div>\r\n<\/div>\n<p>Az elm\u00falt napokban jelent\u0151sen gyeng\u00fcltek a nyersanyagdeviz\u00e1k, az ausztr\u00e1l jegybank kamatot v\u00e1gott, ennek hat\u00e1s\u00e1ra fontos trendvonal ker\u00fclt let\u00f6r\u00e9sre az ausztr\u00e1l doll\u00e1r-amerikai doll\u00e1r grafikonj\u00e1n. Az \u00faj-z\u00e9landi doll\u00e1r \u00e1rfolyama is jelent\u0151sen gyeng\u00fclt, n\u0151ttek a kamatcs\u00f6kkent\u00e9si spekul\u00e1ci\u00f3k.<\/p>\n<p>Az infl\u00e1ci\u00f3 mindk\u00e9t orsz\u00e1gban a jegybanki c\u00e9l alatt van, \u00edgy van tere a tov\u00e1bbi kamatcs\u00f6kkent\u00e9snek, azonban a tart\u00f3san alacsony hitelkamatok miatt jelent\u0151s ingatlanpiaci eszk\u00f6z\u00e1r-bubor\u00e9k kialakul\u00e1s\u00e1hoz vezettek a nagyv\u00e1rosokban. Ausztr\u00e1li\u00e1ban emiatt szigor\u00edtott\u00e1k a jelz\u00e1loghitelek felt\u00e9teleit, \u00e9s \u00daj-Z\u00e9landon is sz\u00f3ba ker\u00fcltek hasonl\u00f3 int\u00e9zked\u00e9sek, de egyel\u0151re nem l\u00e9ptek a d\u00f6nt\u00e9shoz\u00f3k. A tegnap este k\u00f6zz\u00e9tett p\u00e9nz\u00fcgyi stabilit\u00e1si jelent\u00e9sben is e kock\u00e1zatokat emelte ki az \u00faj-z\u00e9landi jegybank.<\/p>\n<p>A grafikonok technikai k\u00e9pe alapj\u00e1n n\u00e9mi korrekci\u00f3t k\u00f6vet\u0151en, k\u00e9s\u0151bb tov\u00e1bb gyeng\u00fclhet az ausztr\u00e1l, \u00e9s az \u00faj-z\u00e9landi doll\u00e1r.<\/p><div id=\"gazda-832971436\" class=\"gazda-tartalomban gazda-entity-placement\"><script async src=\"https:\/\/pagead2.googlesyndication.com\/pagead\/js\/adsbygoogle.js\"><\/script>\r\n<ins class=\"adsbygoogle\"\r\n     style=\"display:block\"\r\n     data-ad-format=\"fluid\"\r\n     data-ad-layout-key=\"-6t+ed+2i-1n-4w\"\r\n     data-ad-client=\"ca-pub-1959107119989764\"\r\n     data-ad-slot=\"4008251320\"><\/ins>\r\n<script>\r\n     (adsbygoogle = window.adsbygoogle || []).push({});\r\n<\/script><\/div>\n<p>Az ausztr\u00e1l doll\u00e1r \u00e1rfolyama fontos trendvonalat \u00e9s v\u00edzszintes t\u00e1maszt t\u00f6rt le a m\u00falt h\u00e9ten, a 0,75-\u00f6s szint visszatesztel\u00e9se eset\u00e9n ism\u00e9t kedvez\u0151 short bel\u00e9p\u00e9si lehet\u0151s\u00e9g ad\u00f3dhat, hiszen mint l\u00e1that\u00f3, r\u00f6vid t\u00e1von cs\u00f6kken\u0151 trendbe l\u00e9pett a jegyz\u00e9s. A k\u00f6vetkez\u0151 meghat\u00e1roz\u00f3 t\u00e1masz a feket\u00e9vel jelzett 200 napos mozg\u00f3\u00e1tlag, 0,7250 felett.<\/p>\n<p>Az \u00faj-z\u00e9landi doll\u00e1r \u00e1rfolyama egy janu\u00e1r \u00f3ta tart\u00f3 emelked\u0151 trendcsatorn\u00e1b\u00f3l t\u00f6rt le, amennyiben visszatesztel\u00e9sre ker\u00fcl a pirossal jelzett, 30 napos mozg\u00f3\u00e1tlag, \u00e9s a csatorna als\u00f3 trendvonala, itt is short bel\u00e9p\u00e9si lehet\u0151s\u00e9g ad\u00f3dhat. Ez az \u00e9rt\u00e9k 0,6870 k\u00f6zel\u00e9ben tal\u00e1lhat\u00f3, \u00e9s a k\u00f6vetkez\u0151 fontos t\u00e1masz a fekete 200 napos mozg\u00f3\u00e1tlag 0,6640-n\u00e9l.<\/p>\n<p>A k\u00f6vetkez\u0151 napokban teh\u00e1t n\u00e9mi er\u0151s\u00f6d\u00e9s j\u00f6het a nyersanyagdeviz\u00e1k piac\u00e1n, ezt k\u00f6vet\u0151en azonban ism\u00e9t cs\u00f6kken\u00e9sre sz\u00e1m\u00edthatunk.<\/p>\n<p><iframe loading=\"lazy\" width=\"509\" height=\"319\" src=\"http:\/\/gazdasagtv.hu\/iframe.php?id=10279\" style=\"border: none; overflow: hidden\" scrolling=\"no\"><\/iframe><br \/>Forr\u00e1s: <a href=\"http:\/\/gazdasagtv.hu\" style=\"color: #df1100; font-weight: bold; text-decoration: none;\" target=\"_blank\" rel=\"noopener\">Gazdas\u00e1gTV.hu<\/a><\/p>\n","protected":false},"excerpt":{"rendered":"<p>Komoly gyeng\u00fcl\u00e9st \u00e9ltek meg a nyersanyagdeviz\u00e1k az elm\u00falt napokban. A technikai k\u00e9p n\u00e9mi korrekci\u00f3t jelez el\u0151re az elk\u00f6vetkezend\u0151 id\u0151ben, majd \u00fajabb gyeng\u00fcl\u00e9s lehets\u00e9ges a k\u00e9t devizap\u00e1rban &#8211; fejtette kis elemz\u00e9s\u00e9ben Varga Zolt\u00e1n, az Equilor Befektet\u00e9si Zrt. elemz\u0151je.<\/p>\n","protected":false},"author":1,"featured_media":0,"comment_status":"open","ping_status":"closed","sticky":false,"template":"","format":"standard","meta":[],"categories":[10],"tags":[],"_links":{"self":[{"href":"https:\/\/gazdasagportal.hu\/index.php\/wp-json\/wp\/v2\/posts\/79134"}],"collection":[{"href":"https:\/\/gazdasagportal.hu\/index.php\/wp-json\/wp\/v2\/posts"}],"about":[{"href":"https:\/\/gazdasagportal.hu\/index.php\/wp-json\/wp\/v2\/types\/post"}],"author":[{"embeddable":true,"href":"https:\/\/gazdasagportal.hu\/index.php\/wp-json\/wp\/v2\/users\/1"}],"replies":[{"embeddable":true,"href":"https:\/\/gazdasagportal.hu\/index.php\/wp-json\/wp\/v2\/comments?post=79134"}],"version-history":[{"count":1,"href":"https:\/\/gazdasagportal.hu\/index.php\/wp-json\/wp\/v2\/posts\/79134\/revisions"}],"predecessor-version":[{"id":79135,"href":"https:\/\/gazdasagportal.hu\/index.php\/wp-json\/wp\/v2\/posts\/79134\/revisions\/79135"}],"wp:attachment":[{"href":"https:\/\/gazdasagportal.hu\/index.php\/wp-json\/wp\/v2\/media?parent=79134"}],"wp:term":[{"taxonomy":"category","embeddable":true,"href":"https:\/\/gazdasagportal.hu\/index.php\/wp-json\/wp\/v2\/categories?post=79134"},{"taxonomy":"post_tag","embeddable":true,"href":"https:\/\/gazdasagportal.hu\/index.php\/wp-json\/wp\/v2\/tags?post=79134"}],"curies":[{"name":"wp","href":"https:\/\/api.w.org\/{rel}","templated":true}]}}