{"id":79132,"date":"2016-05-11T10:51:46","date_gmt":"2016-05-11T08:51:46","guid":{"rendered":"http:\/\/gazdasagportal.hu\/?p=79132"},"modified":"2016-05-11T10:51:46","modified_gmt":"2016-05-11T08:51:46","slug":"bosch-oregebb-lett-a-magyarorszagi-autoallomany","status":"publish","type":"post","link":"https:\/\/gazdasagportal.hu\/index.php\/bosch-oregebb-lett-a-magyarorszagi-autoallomany\/","title":{"rendered":"Bosch: \u00f6regebb lett a magyarorsz\u00e1gi aut\u00f3\u00e1llom\u00e1ny"},"content":{"rendered":"<p><strong>A magyarorsz\u00e1gi aut\u00f3\u00e1llom\u00e1ny az elm\u00falt k\u00e9t \u00e9vben egy \u00e9vvel lett \u00f6regebb, az aut\u00f3k \u00e1tlagos \u00e9letkora 2016 elej\u00e9n 13,2 \u00e9v, \u00e9s a lakoss\u00e1g fele 10 \u00e9vesn\u00e9l id\u0151sebb aut\u00f3val k\u00f6zlekedik &#8211; der\u00fcl ki abb\u00f3l a felm\u00e9r\u00e9sb\u0151l, amelyet a Bosch megrendel\u00e9s\u00e9re a Medi\u00e1n k\u00e9sz\u00edt 2008 \u00f3ta minden m\u00e1sodik \u00e9vben.<\/strong><!--more--><\/p>\n<div class=\"ads-in-post1\"><div id=\"gazdasagportal.hu_fullbanner_wideboard\"><\/div>\r\n<\/div>\n<p>    Az MTI-hez eljuttatott eredm\u00e9nyek szerint 2016-ban a magyar lakoss\u00e1g alig 2 sz\u00e1zal\u00e9ka k\u00f6zlekedik fiatal &#8211; 0 \u00e9s 2 \u00e9v k\u00f6z\u00f6tti &#8211; aut\u00f3val, valamint 3 \u00e9s 5 \u00e9ves kor k\u00f6z\u00f6tti g\u00e9pj\u00e1rm\u0171vet is csak 9 sz\u00e1zal\u00e9k haszn\u00e1l. A magyar aut\u00f3sok harmada 6-10 \u00e9ves, m\u00edg csaknem fele 11 \u00e9s 20 \u00e9v k\u00f6z\u00f6tti j\u00e1rm\u0171vel k\u00f6zlekedik. Az id\u0151s, 20 \u00e9v feletti aut\u00f3t haszn\u00e1l\u00f3k ar\u00e1nya id\u00e9n 7 sz\u00e1zal\u00e9k.<br \/>\n    A kutat\u00e1s szerint a magyar h\u00e1ztart\u00e1sok 44 sz\u00e1zal\u00e9k\u00e1ban van aut\u00f3: a h\u00e1ztart\u00e1sok 39 sz\u00e1zal\u00e9ka egy, 5 sz\u00e1zal\u00e9kuk pedig kett\u0151 vagy kett\u0151n\u00e9l t\u00f6bb g\u00e9pj\u00e1rm\u0171vet haszn\u00e1l. Az aut\u00f3k jellemz\u0151en saj\u00e1t tulajdon\u00faak, c\u00e9ges aut\u00f3 csak a h\u00e1ztart\u00e1sok t\u00f6red\u00e9k\u00e9ben, mind\u00f6ssze 2 sz\u00e1zal\u00e9k\u00e1ban van.<br \/>\n    A magyar aut\u00f3k \u00e1tlagos fut\u00e1steljes\u00edtm\u00e9nye  az el\u0151z\u0151 felm\u00e9r\u00e9shez hasonl\u00f3an 2016-os felm\u00e9r\u00e9sben  is \u00e9vi 16 ezer kilom\u00e9ter. Az aut\u00f3sok 38 sz\u00e1zal\u00e9ka \u00e9vente 5 \u00e9s 10 ezer kilom\u00e9tert, 28 sz\u00e1zal\u00e9kuk pedig \u00e9vente 11 \u00e9s 20 ezer kilom\u00e9tert tesz meg a j\u00e1rm\u0171v\u00e9vel. Az \u00e9vi 5 ezer kilom\u00e9tern\u00e9l kevesebbet aut\u00f3zok ar\u00e1nya mind\u00f6ssze 11 sz\u00e1zal\u00e9k, a 20 ezer kilom\u00e9tern\u00e9l t\u00f6bbet k\u00f6zleked\u0151k\u00e9 pedig 16 sz\u00e1zal\u00e9k.<br \/>\n    A kutat\u00e1s szerint az aut\u00f3haszn\u00e1l\u00f3k k\u00f6z\u00f6tt kimagasl\u00f3, 62 sz\u00e1zal\u00e9kos a diplom\u00e1sok ar\u00e1nya, m\u00edg a legfeljebb 8 \u00e1ltal\u00e1nos iskolai v\u00e9gzetts\u00e9ggel rendelkez\u0151k 18 sz\u00e1zal\u00e9ka g\u00e9pj\u00e1rm\u0171-tulajdonos. A k\u00f6z\u00e9pfok\u00fa v\u00e9gzetts\u00e9ggel rendelkez\u0151k 53 sz\u00e1zal\u00e9ka, a szakmunk\u00e1sok 42 sz\u00e1zal\u00e9ka rendelkezik aut\u00f3val.<br \/>\n    A h\u00e1ztart\u00e1si j\u00f6vedelem-kateg\u00f3ria szerinti megoszl\u00e1s 2016-ban sem okozott nagyobb meglepet\u00e9st: az als\u00f3 j\u00f6vedelem-kateg\u00f3ri\u00e1ba tartoz\u00f3k kicsivel kevesebb mint egyharmada, 32 sz\u00e1zal\u00e9ka, az als\u00f3-k\u00f6z\u00e9p kateg\u00f3ri\u00e1s j\u00f6vedelm\u0171eknek pedig a 41 sz\u00e1zal\u00e9ka rendelkezik aut\u00f3val. A fels\u0151-k\u00f6z\u00e9p kateg\u00f3ri\u00e1s j\u00f6vedelm\u0171eknek id\u00e9n csak egy sz\u00e1zal\u00e9kkal kisebb ar\u00e1nya, 40 sz\u00e1zal\u00e9ka mondta mag\u00e1t g\u00e9pj\u00e1rm\u0171-tulajdonosnak, m\u00edg ugyanez az ar\u00e1ny a fels\u0151-kateg\u00f3ri\u00e1s j\u00f6vedelm\u0171ek k\u00f6r\u00e9ben 53 sz\u00e1zal\u00e9k.<br \/>\n    M\u00edg a Budapesten \u00e9l\u0151knek alig t\u00f6bb mint egyharmada, addig a k\u00f6zs\u00e9gek lak\u00f3inak csaknem fele aut\u00f3-haszn\u00e1l\u00f3. Ugyanez az ar\u00e1ny a v\u00e1rosban \u00e9l\u0151kn\u00e9l 46 sz\u00e1zal\u00e9k.<br \/>\n    A Bosch kutat\u00e1sa szerint 2016-ban Magyarorsz\u00e1gon a n\u0151k 37 sz\u00e1zal\u00e9ka, m\u00edg a f\u00e9rfiak 52 sz\u00e1zal\u00e9ka rendelkezik aut\u00f3val.<br \/>\n    Csaknem minden t\u00e1rsadalmi csoportban n\u0151tt az aut\u00f3haszn\u00e1lat m\u00e9rt\u00e9ke, a legink\u00e1bb a fiatalok, a budapestiek \u00e9s az \u00e9retts\u00e9gizettek k\u00f6r\u00e9ben. Cs\u00f6kken\u00e9s csup\u00e1n a vid\u00e9ki v\u00e1rosokban \u00e9l\u0151k, a 40-49 \u00e9vesek \u00e9s a diplom\u00e1sok k\u00f6r\u00e9ben volt tapasztalhat\u00f3 &#8211; der\u00fcl ki a kutat\u00e1sb\u00f3l.(MTI)<\/p>\n","protected":false},"excerpt":{"rendered":"<p>A magyarorsz\u00e1gi aut\u00f3\u00e1llom\u00e1ny az elm\u00falt k\u00e9t \u00e9vben egy \u00e9vvel lett \u00f6regebb, az aut\u00f3k \u00e1tlagos \u00e9letkora 2016 elej\u00e9n 13,2 \u00e9v, \u00e9s a lakoss\u00e1g fele 10 \u00e9vesn\u00e9l id\u0151sebb aut\u00f3val k\u00f6zlekedik &#8211; der\u00fcl ki abb\u00f3l a felm\u00e9r\u00e9sb\u0151l, amelyet a Bosch megrendel\u00e9s\u00e9re a Medi\u00e1n k\u00e9sz\u00edt 2008 \u00f3ta minden m\u00e1sodik \u00e9vben.<\/p>\n","protected":false},"author":1,"featured_media":0,"comment_status":"open","ping_status":"closed","sticky":false,"template":"","format":"standard","meta":[],"categories":[19],"tags":[],"_links":{"self":[{"href":"https:\/\/gazdasagportal.hu\/index.php\/wp-json\/wp\/v2\/posts\/79132"}],"collection":[{"href":"https:\/\/gazdasagportal.hu\/index.php\/wp-json\/wp\/v2\/posts"}],"about":[{"href":"https:\/\/gazdasagportal.hu\/index.php\/wp-json\/wp\/v2\/types\/post"}],"author":[{"embeddable":true,"href":"https:\/\/gazdasagportal.hu\/index.php\/wp-json\/wp\/v2\/users\/1"}],"replies":[{"embeddable":true,"href":"https:\/\/gazdasagportal.hu\/index.php\/wp-json\/wp\/v2\/comments?post=79132"}],"version-history":[{"count":1,"href":"https:\/\/gazdasagportal.hu\/index.php\/wp-json\/wp\/v2\/posts\/79132\/revisions"}],"predecessor-version":[{"id":79133,"href":"https:\/\/gazdasagportal.hu\/index.php\/wp-json\/wp\/v2\/posts\/79132\/revisions\/79133"}],"wp:attachment":[{"href":"https:\/\/gazdasagportal.hu\/index.php\/wp-json\/wp\/v2\/media?parent=79132"}],"wp:term":[{"taxonomy":"category","embeddable":true,"href":"https:\/\/gazdasagportal.hu\/index.php\/wp-json\/wp\/v2\/categories?post=79132"},{"taxonomy":"post_tag","embeddable":true,"href":"https:\/\/gazdasagportal.hu\/index.php\/wp-json\/wp\/v2\/tags?post=79132"}],"curies":[{"name":"wp","href":"https:\/\/api.w.org\/{rel}","templated":true}]}}