{"id":79089,"date":"2016-05-10T10:41:59","date_gmt":"2016-05-10T08:41:59","guid":{"rendered":"http:\/\/gazdasagportal.hu\/?p=79089"},"modified":"2016-05-10T10:41:59","modified_gmt":"2016-05-10T08:41:59","slug":"csokken-a-menedekkeroknek-jaro-szocialis-juttatas","status":"publish","type":"post","link":"https:\/\/gazdasagportal.hu\/index.php\/csokken-a-menedekkeroknek-jaro-szocialis-juttatas\/","title":{"rendered":"Cs\u00f6kken a mened\u00e9kk\u00e9r\u0151knek j\u00e1r\u00f3 szoci\u00e1lis juttat\u00e1s"},"content":{"rendered":"<p><strong>Egyszer\u0171s\u00edtette a leteleped\u00e9si k\u00f6tv\u00e9nyt jegyz\u0151k magyarorsz\u00e1gi tart\u00f3zkod\u00e1s\u00e1val kapcsolatos enged\u00e9lyez\u00e9si elj\u00e1r\u00e1sokat, valamint cs\u00f6kkentette a mened\u00e9kk\u00e9r\u0151ket \u00e9s az oltalmazottakat megillet\u0151 szoci\u00e1lis juttat\u00e1sokat kedden az Orsz\u00e1ggy\u0171l\u00e9s.<\/strong><!--more--><\/p>\n<div class=\"ads-in-post1\"><div id=\"gazdasagportal.hu_fullbanner_wideboard\"><\/div>\r\n<\/div>\n<p>    A parlament 113 igen, 40 nem szavazattal \u00e9s 21 tart\u00f3zkod\u00e1s mellett fogadta el az egyes migr\u00e1ci\u00f3s t\u00e1rgy\u00fa \u00e9s ezekkel \u00f6sszef\u00fcgg\u00e9sben m\u00e1s t\u00f6rv\u00e9nyek m\u00f3dos\u00edt\u00e1s\u00e1r\u00f3l sz\u00f3l\u00f3 t\u00f6rv\u00e9nyjavaslatot.<br \/>\n    A bevezet\u00e9se \u00f3ta szerzett gyakorlati tapasztalatok miatt tartotta indokoltnak az el\u0151terjeszt\u0151 Pint\u00e9r S\u00e1ndor bel\u00fcgyminiszter tov\u00e1bb egyszer\u0171s\u00edteni a nemzetgazdas\u00e1gi \u00e9rdekb\u0151l kiadott tart\u00f3zkod\u00e1si \u00e9s leteleped\u00e9si enged\u00e9ly megszerz\u00e9s\u00e9nek a lehet\u0151s\u00e9g\u00e9t.<br \/>\n    A j\u00f6v\u0151ben az \u00e9rintettek k\u00f6zvetlen\u00fcl nemzeti leteleped\u00e9si enged\u00e9lyt k\u00e9relmezhetnek. Az indokl\u00e1s szerint cs\u00f6kkennek a hat\u00f3s\u00e1g \u00e9s a k\u00e9relmez\u0151k adminisztrat\u00edv terhei, ut\u00f3bbiak\u00e9 \u00fagy, hogy kevesebb okiratot kell csatolniuk. Emellett jelent\u0151sen, 70 napr\u00f3l 30 napra cs\u00f6kkennek az elj\u00e1r\u00e1si hat\u00e1rid\u0151k.<br \/>\n    A szoci\u00e1lis igazgat\u00e1si t\u00f6rv\u00e9nyben j\u00fanius 1-j\u00e9vel megsz\u00fcntett\u00e9k az integr\u00e1ci\u00f3s szerz\u0151d\u00e9s int\u00e9zm\u00e9ny\u00e9t. Az indokl\u00e1s szerint ennek r\u00e9v\u00e9n jelenleg a nemzetk\u00f6zi v\u00e9delemben r\u00e9szes\u00edtettek (menek\u00fcltek, oltalmazottak) folyamatosan cs\u00f6kken\u0151 \u00f6sszegben ugyan, de a magyar \u00e1llampolg\u00e1rokat megillet\u0151 szoci\u00e1lis juttat\u00e1sokn\u00e1l magasabb \u00f6sszeg\u0171, magyarorsz\u00e1gi beilleszked\u00e9s\u00fck el\u0151seg\u00edt\u00e9s\u00e9t c\u00e9lz\u00f3 integr\u00e1ci\u00f3s t\u00e1mogat\u00e1st kaphattak.<br \/>\n    A m\u00f3dos\u00edt\u00e1s szerint elismer\u00e9st k\u00f6vet\u0151en a menek\u00fcltek, az oltalmazottak a jelenlegi k\u00e9t h\u00f3nap helyett csak egy h\u00f3napig lesznek jogosultak a befogad\u00f3 \u00e1llom\u00e1son tart\u00f3zkodni.<br \/>\n    Szigor\u00edtott\u00e1k a tart\u00f3zkod\u00e1si enged\u00e9ly belf\u00f6ldi k\u00e9relmez\u00e9s\u00e9nek szab\u00e1lyait. Az indokl\u00e1s szerint ugyanis jelenleg nagy sz\u00e1mban \u00e9lnek vissza harmadik orsz\u00e1gbeli \u00e1llampolg\u00e1rok a belf\u00f6ldi k\u00e9relmez\u00e9s lehet\u0151s\u00e9g\u00e9vel, \u00e9s m\u00e9lt\u00e1nyolhat\u00f3 k\u00f6r\u00fclm\u00e9nyre t\u00f6rt\u00e9n\u0151 hivatkoz\u00e1ssal k\u00e9rik a tart\u00f3zkod\u00e1si enged\u00e9ly ki\u00e1ll\u00edt\u00e1s\u00e1t olyanok, akik a k\u00e9relem el\u0151terjeszt\u00e9s\u00e9vel csup\u00e1n a kiutas\u00edt\u00e1sukat akarj\u00e1k elker\u00fclni.<br \/>\n    A m\u00f3dos\u00edt\u00e1ssal egy\u00e9rtelm\u0171v\u00e9 v\u00e1lik, mely esetek alapozz\u00e1k meg a m\u00e9lt\u00e1nyoss\u00e1got, ilyen p\u00e9ld\u00e1ul kutat\u00e1s c\u00e9lj\u00e1b\u00f3l val\u00f3 itt-tart\u00f3zkod\u00e1s, illetve ha a k\u00e9relmez\u0151 v\u00edzummentesen itt tart\u00f3zkod\u00f3 k\u00fclf\u00f6ldi.<br \/>\n    Az elfogadott t\u00f6rv\u00e9ny szerint \u0151rizetbe lehet venni azt, akit a magyar hat\u00f3s\u00e1gok a dublini elj\u00e1r\u00e1s keret\u00e9ben vettek \u00e1t \u00e9s az \u00e1tad\u00f3 tag\u00e1llamban mened\u00e9kk\u00e9r\u0151, Magyarorsz\u00e1gon azonban nem az. A rendelkez\u00e9s c\u00e9lja, hogy \u00edgy biztos\u00edts\u00e1k az \u00e9rintett r\u00e9szv\u00e9tel\u00e9t az idegenrend\u00e9szeti elj\u00e1r\u00e1sban.<br \/>\n    A t\u00f6rv\u00e9nym\u00f3dos\u00edt\u00e1ssal \u00e1t\u00fcltett\u00e9k a magyar jogba az EU \u00fagynevezett szezon\u00e1lis ir\u00e1nyelv\u00e9t, amelynek az a c\u00e9lja, hogy megk\u00f6nny\u00edtse a harmadik orsz\u00e1gbeli \u00e1llampolg\u00e1rok beutaz\u00e1s\u00e1t az EU-ba id\u00e9nyjelleg\u0171 munkav\u00e1llal\u00e1s c\u00e9lj\u00e1b\u00f3l. Ugyancsak \u00e1t\u00fcltett\u00e9k a magyar jogba azt az ir\u00e1nyelvet, amely a harmadik orsz\u00e1gbeli polg\u00e1rok v\u00e1llalaton bel\u00fcli \u00e1thelyez\u00e9s\u00e9vel kapcsolatos szab\u00e1lyokat tartalmazza.<br \/>\n    Az Eur\u00f3pai Bizotts\u00e1g (EB) megkeres\u00e9s\u00e9re m\u00f3dos\u00edtott\u00e1k a k\u00e9pvisel\u0151k a szabad mozg\u00e1s \u00e9s tart\u00f3zkod\u00e1s jog\u00e1val rendelkez\u0151 szem\u00e9lyek beutaz\u00e1s\u00e1r\u00f3l \u00e9s tart\u00f3zkod\u00e1s\u00e1r\u00f3l sz\u00f3l\u00f3 t\u00f6rv\u00e9nyt. Az EB szerint a magyar szab\u00e1lyoz\u00e1sban t\u00f6bb k\u00e9rd\u00e9s nem volt \u00f6sszhangban a vonatkoz\u00f3 ir\u00e1nyelvvel.<br \/>\n    M\u00f3dos\u00edtott\u00e1k &#8211; a m\u00e1r kor\u00e1bban a magyar jogba ker\u00fclt &#8211; \u00f6sszevont enged\u00e9llyel kapcsolatos szab\u00e1lyokat. A m\u00f3dos\u00edt\u00e1s a harmadik orsz\u00e1gbeli munkav\u00e1llal\u00f3k foglalkoztat\u00e1s\u00e1val kapcsolatos, ez\u00e9rt bevezettek k\u00e9t \u00faj tart\u00f3zkod\u00e1si c\u00e9lt, a munkav\u00e1llal\u00e1st \u00e9s j\u00f6vedelemszerz\u00e9st, illetve lehet\u0151v\u00e9 tett\u00e9k a kiemelt foglalkoztat\u00f3k (korm\u00e1nyzati strat\u00e9giai partnerek \u00e9s a kiemelt korm\u00e1nyzati beruh\u00e1z\u00e1sokat megval\u00f3s\u00edt\u00f3k) sz\u00e1m\u00e1ra a k\u00e9relembeny\u00fajt\u00e1si lehet\u0151s\u00e9get.(MTI)<\/p>\n","protected":false},"excerpt":{"rendered":"<p>Egyszer\u0171s\u00edtette a leteleped\u00e9si k\u00f6tv\u00e9nyt jegyz\u0151k magyarorsz\u00e1gi tart\u00f3zkod\u00e1s\u00e1val kapcsolatos enged\u00e9lyez\u00e9si elj\u00e1r\u00e1sokat, valamint cs\u00f6kkentette a mened\u00e9kk\u00e9r\u0151ket \u00e9s az oltalmazottakat megillet\u0151 szoci\u00e1lis juttat\u00e1sokat kedden az Orsz\u00e1ggy\u0171l\u00e9s.<\/p>\n","protected":false},"author":1,"featured_media":0,"comment_status":"open","ping_status":"closed","sticky":false,"template":"","format":"standard","meta":[],"categories":[4],"tags":[],"_links":{"self":[{"href":"https:\/\/gazdasagportal.hu\/index.php\/wp-json\/wp\/v2\/posts\/79089"}],"collection":[{"href":"https:\/\/gazdasagportal.hu\/index.php\/wp-json\/wp\/v2\/posts"}],"about":[{"href":"https:\/\/gazdasagportal.hu\/index.php\/wp-json\/wp\/v2\/types\/post"}],"author":[{"embeddable":true,"href":"https:\/\/gazdasagportal.hu\/index.php\/wp-json\/wp\/v2\/users\/1"}],"replies":[{"embeddable":true,"href":"https:\/\/gazdasagportal.hu\/index.php\/wp-json\/wp\/v2\/comments?post=79089"}],"version-history":[{"count":1,"href":"https:\/\/gazdasagportal.hu\/index.php\/wp-json\/wp\/v2\/posts\/79089\/revisions"}],"predecessor-version":[{"id":79090,"href":"https:\/\/gazdasagportal.hu\/index.php\/wp-json\/wp\/v2\/posts\/79089\/revisions\/79090"}],"wp:attachment":[{"href":"https:\/\/gazdasagportal.hu\/index.php\/wp-json\/wp\/v2\/media?parent=79089"}],"wp:term":[{"taxonomy":"category","embeddable":true,"href":"https:\/\/gazdasagportal.hu\/index.php\/wp-json\/wp\/v2\/categories?post=79089"},{"taxonomy":"post_tag","embeddable":true,"href":"https:\/\/gazdasagportal.hu\/index.php\/wp-json\/wp\/v2\/tags?post=79089"}],"curies":[{"name":"wp","href":"https:\/\/api.w.org\/{rel}","templated":true}]}}