{"id":78872,"date":"2016-05-05T12:17:49","date_gmt":"2016-05-05T10:17:49","guid":{"rendered":"http:\/\/gazdasagportal.hu\/?p=78872"},"modified":"2016-05-05T12:17:49","modified_gmt":"2016-05-05T10:17:49","slug":"attorte-a-hatarsorompot-autojaval-egy-embercsempesz-letenyen-majd-a-migransokkal-egyutt-elfutott","status":"publish","type":"post","link":"https:\/\/gazdasagportal.hu\/index.php\/attorte-a-hatarsorompot-autojaval-egy-embercsempesz-letenyen-majd-a-migransokkal-egyutt-elfutott\/","title":{"rendered":"\u00c1tt\u00f6rte a hat\u00e1rsoromp\u00f3t aut\u00f3j\u00e1val egy embercsemp\u00e9sz Leteny\u00e9n majd a migr\u00e1nsokkal egy\u00fctt elfutott"},"content":{"rendered":"<p><strong>\u00c1tt\u00f6rte a hat\u00e1rsoromp\u00f3t aut\u00f3j\u00e1val egy embercsemp\u00e9sz cs\u00fct\u00f6rt\u00f6kre virrad\u00f3 \u00e9jjel Leteny\u00e9n, a kifel\u00e9 vezet\u0151 oldalon, majd nem sokkal t\u00e1volabb otthagyta a j\u00e1rm\u0171vet \u00e9s az abban sz\u00e1ll\u00edtott migr\u00e1nsokkal egy\u00fctt elfutott &#8211; k\u00f6z\u00f6lte a Zala Megyei Rend\u0151r-f\u0151kapit\u00e1nys\u00e1g a rend\u0151rs\u00e9g honlapj\u00e1n.<br \/>\n<\/strong><!--more--><\/p>\n<div class=\"ads-in-post1\"><div id=\"gazdasagportal.hu_fullbanner_wideboard\"><\/div>\r\n<\/div>\n    Az M7-es aut\u00f3p\u00e1lya letenyei hat\u00e1r\u00e1tkel\u0151j\u00e9n\u00e9l nem sokkal \u00e9jf\u00e9l ut\u00e1n jelent meg egy magyar rendsz\u00e1m\u00fa, egyter\u0171 szem\u00e9lyg\u00e9pkocsi a kil\u00e9p\u0151s\u00e1vban. Amikor a rend\u0151r\u00f6k ellen\u0151rizni akart\u00e1k az aut\u00f3t \u00e9s utasait, a sof\u0151r hirtelen g\u00e1zt adott \u00e9s a soromp\u00f3t \u00e1tt\u00f6rve elhajtott Horv\u00e1torsz\u00e1g ir\u00e1ny\u00e1ba.<br \/>\n    A j\u00e1rm\u0171 m\u00e9g magyar ter\u00fcleten meg\u00e1llt, majd a kocsit h\u00e1trahagyva a vezet\u0151 az utasokkal egy\u00fctt elfutott. A rend\u0151r\u00f6k kora reggel, az M7-es aut\u00f3p\u00e1lya mellett elfogtak a menek\u00fcl\u0151k k\u00f6z\u00fcl k\u00e9t-k\u00e9t pakiszt\u00e1ni, bangladesi \u00e9s afg\u00e1n f\u00e9rfit, majd n\u00e9h\u00e1ny \u00f3r\u00e1val k\u00e9s\u0151bb egy pakiszt\u00e1ni t\u00e1rsukat.<br \/>\n    Az illeg\u00e1lis bev\u00e1ndorl\u00f3k nem rendelkeztek a schengeni tag\u00e1llamokba beutaz\u00e1shoz \u00e9s az ottani tart\u00f3zkod\u00e1shoz sz\u00fcks\u00e9ges okm\u00e1nyokkal, ez\u00e9rt idegenrend\u00e9szeti elj\u00e1r\u00e1st ind\u00edtottak vel\u00fck szemben. Kihallgat\u00e1suk sor\u00e1n elmondt\u00e1k, hogy az embercsemp\u00e9sz seg\u00edts\u00e9g\u00e9vel Olaszorsz\u00e1gba akartak eljutni.<br \/>\n    A rend\u0151rs\u00e9g k\u00f6z\u00f6lte azt is: az aut\u00f3 sof\u0151rj\u00e9t a d\u00e9lel\u0151tti \u00f3r\u00e1kig m\u00e9g nem siker\u00fclt k\u00e9zre ker\u00edteni.<br \/>\n    A szem\u00e9lyaut\u00f3t lefoglalt\u00e1k, az \u00fcgyben embercsemp\u00e9sz\u00e9s megalapozott gyan\u00faja miatt indult b\u00fcntet\u0151elj\u00e1r\u00e1s ismeretlen tettes ellen.(MTI)<\/p>\n","protected":false},"excerpt":{"rendered":"<p>\u00c1tt\u00f6rte a hat\u00e1rsoromp\u00f3t aut\u00f3j\u00e1val egy embercsemp\u00e9sz cs\u00fct\u00f6rt\u00f6kre virrad\u00f3 \u00e9jjel Leteny\u00e9n, a kifel\u00e9 vezet\u0151 oldalon, majd nem sokkal t\u00e1volabb otthagyta a j\u00e1rm\u0171vet \u00e9s az abban sz\u00e1ll\u00edtott migr\u00e1nsokkal egy\u00fctt elfutott &#8211; k\u00f6z\u00f6lte a Zala Megyei Rend\u0151r-f\u0151kapit\u00e1nys\u00e1g a rend\u0151rs\u00e9g honlapj\u00e1n.<\/p>\n","protected":false},"author":1,"featured_media":0,"comment_status":"open","ping_status":"closed","sticky":false,"template":"","format":"standard","meta":[],"categories":[4],"tags":[],"_links":{"self":[{"href":"https:\/\/gazdasagportal.hu\/index.php\/wp-json\/wp\/v2\/posts\/78872"}],"collection":[{"href":"https:\/\/gazdasagportal.hu\/index.php\/wp-json\/wp\/v2\/posts"}],"about":[{"href":"https:\/\/gazdasagportal.hu\/index.php\/wp-json\/wp\/v2\/types\/post"}],"author":[{"embeddable":true,"href":"https:\/\/gazdasagportal.hu\/index.php\/wp-json\/wp\/v2\/users\/1"}],"replies":[{"embeddable":true,"href":"https:\/\/gazdasagportal.hu\/index.php\/wp-json\/wp\/v2\/comments?post=78872"}],"version-history":[{"count":1,"href":"https:\/\/gazdasagportal.hu\/index.php\/wp-json\/wp\/v2\/posts\/78872\/revisions"}],"predecessor-version":[{"id":78873,"href":"https:\/\/gazdasagportal.hu\/index.php\/wp-json\/wp\/v2\/posts\/78872\/revisions\/78873"}],"wp:attachment":[{"href":"https:\/\/gazdasagportal.hu\/index.php\/wp-json\/wp\/v2\/media?parent=78872"}],"wp:term":[{"taxonomy":"category","embeddable":true,"href":"https:\/\/gazdasagportal.hu\/index.php\/wp-json\/wp\/v2\/categories?post=78872"},{"taxonomy":"post_tag","embeddable":true,"href":"https:\/\/gazdasagportal.hu\/index.php\/wp-json\/wp\/v2\/tags?post=78872"}],"curies":[{"name":"wp","href":"https:\/\/api.w.org\/{rel}","templated":true}]}}