{"id":78868,"date":"2016-05-05T11:27:11","date_gmt":"2016-05-05T09:27:11","guid":{"rendered":"http:\/\/gazdasagportal.hu\/?p=78868"},"modified":"2016-05-05T11:17:27","modified_gmt":"2016-05-05T09:17:27","slug":"osszecsapasok-tortek-ki-a-gazai-ovezet-hataran-az-izraeli-legiero-bombazott","status":"publish","type":"post","link":"https:\/\/gazdasagportal.hu\/index.php\/osszecsapasok-tortek-ki-a-gazai-ovezet-hataran-az-izraeli-legiero-bombazott\/","title":{"rendered":"\u00d6sszecsap\u00e1sok t\u00f6rtek ki a G\u00e1zai \u00f6vezet hat\u00e1r\u00e1n, az izraeli l\u00e9gier\u0151 bomb\u00e1zott"},"content":{"rendered":"<p><strong>\u00d6sszecsap\u00e1sok t\u00f6rtek ki a G\u00e1zai \u00f6vezet hat\u00e1r\u00e1n palesztin fegyveresek \u00e9s az izraeli hadsereg k\u00f6z\u00f6tt, \u00e9s Izrael cs\u00fct\u00f6rt\u00f6k hajnalban m\u00e1r l\u00e9gierej\u00e9t is bevetette: csap\u00e1sokat m\u00e9rt az \u00f6vezetben a Ham\u00e1sz radik\u00e1lis palesztin szervezet n\u00e9gy had\u00e1ll\u00e1s\u00e1ra &#8211; k\u00f6z\u00f6lt\u00e9k izraeli katonai illet\u00e9kesek.<\/strong><!--more--><\/p>\n<div class=\"ads-in-post1\"><div id=\"gazdasagportal.hu_fullbanner_wideboard\"><\/div>\r\n<\/div>\n<p>    Egy kov\u00e1csm\u0171hely elleni l\u00e9gicsap\u00e1sban a g\u00e1zai eg\u00e9szs\u00e9g\u00fcgyi miniszt\u00e9rium jelent\u00e9se szerint megsebes\u00fclt h\u00e1rom gyermek \u00e9s egy 65 \u00e9ves palesztin f\u00e9rfi.<br \/>\n    Az izraeli hadsereg k\u00f6zlem\u00e9nye szerint a Ham\u00e1sz szervezet &#8222;terrorista infrastrukt\u00far\u00e1j\u00e1ra&#8221;, valamint m\u00e9g szerd\u00e1n a r\u00e1di\u00f3 jelent\u00e9se szerint a hat\u00e1rn\u00e1l l\u00e9v\u0151 \u0151rhelyekre m\u00e9rtek csap\u00e1sokat.<br \/>\n    Az \u00f6sszecsap\u00e1sok azzal f\u00fcggnek \u00f6ssze, hogy Izrael kutatja, hol vannak olyan alagutak, amelyeket a palesztinok \u00e1stak az \u00f6vezetb\u0151l kiindulva Izrael ter\u00fclete al\u00e1. Palesztin fegyveresek szerd\u00e1n \u00f6tsz\u00f6r l\u0151ttek aknat\u00fczet az alag\u00fatkutat\u00f3 izraeli egys\u00e9gekre, amire az izraeli hadsereg \u00e1gy\u00fat\u0171zzel felelt, majd a l\u00e9gier\u0151t is bevetette. Hasonl\u00f3 l\u00f6v\u00e9sv\u00e1lt\u00e1sra a 2014. ny\u00e1ri Er\u0151s Szikla hadm\u0171velet \u00f3ta nem volt p\u00e9lda.<br \/>\n    Az izraeli g\u00e9pek az \u00f6vezetnek mind az \u00e9szaki, mind a d\u00e9li r\u00e9sz\u00e9ben t\u00e1madtak felt\u00e9telezett Ham\u00e1sz-\u00e1ll\u00e1sokat.<br \/>\n    A Ynet, a Jedi\u00f3t Ahron\u00f3t c\u00edm\u0171 \u00fajs\u00e1g honlapj\u00e1nak \u00e9rtes\u00fcl\u00e9se szerint a l\u00e9git\u00e1mad\u00e1s k\u00f6zvetlen el\u0151zm\u00e9nye, hogy \u00e9jszaka a G\u00e1zai \u00f6vezetb\u0151l ism\u00e9t aknavet\u0151kkel l\u0151tt\u00e9k a hat\u00e1rker\u00edt\u00e9s mellett \u00e1llom\u00e1soz\u00f3 izraeli csapatokat.<br \/>\n    Kor\u00e1bban a k\u00e9t napja tart\u00f3 n\u00f6vekv\u0151 hat\u00e1r menti fesz\u00fclts\u00e9g v\u00e9g\u00e9t \u00edg\u00e9rte Musza Abu Marzuk, a Ham\u00e1sz egy vezet\u0151je, amikor bejelentette, hogy egyiptomi k\u00f6zvet\u00edt\u00e9ssel fegyversz\u00fcneti meg\u00e1llapod\u00e1sra jutottak Izraellel, \u00e9s izraeli csapatkivon\u00e1sokr\u00f3l \u00e9rkeztek h\u00edrek.<br \/>\n     Noha a fesz\u00fclts\u00e9g jelent\u0151sen fokoz\u00f3dott, egyel\u0151re els\u0151sorban k\u00f6lcs\u00f6n\u00f6s figyelmeztet\u00e9sekr\u0151l van sz\u00f3, a l\u00f6v\u00e9sek nem oltottak ki ember\u00e9letet egyik oldalon sem.<br \/>\n    Izraelben m\u00e9gis att\u00f3l tartanak, hogy a Ham\u00e1sz az izraeli ter\u00fcletre tart\u00f3 t\u00e1mad\u00f3 alagutak felkutat\u00e1sa \u00e9s felsz\u00e1mol\u00e1sa miatt l\u00e9p\u00e9sk\u00e9nyszerbe ker\u00fcl, \u00e9s ism\u00e9t ki\u00fajulhatnak a harcok a G\u00e1zai \u00f6vezetet ir\u00e1ny\u00edt\u00f3 Ham\u00e1sz-korm\u00e1nnyal.<br \/>\n     Err\u0151l besz\u00e9lt a Ynetnek Jo\u00e1v Galant nyugalmazott t\u00e1bornok, a korm\u00e1ny \u00e9p\u00edt\u00e9s\u00fcgyi minisztere is cs\u00fct\u00f6rt\u00f6k reggel, \u00e9s hangs\u00falyozta, hogy a Ham\u00e1sz legfontosabb strat\u00e9giai eszk\u00f6z\u00e9nek elveszt\u00e9s\u00e9t\u0151l tart, amelyet m\u00e9g azok felsz\u00e1mol\u00e1sa el\u0151tt megpr\u00f3b\u00e1lhat megakad\u00e1lyozni egy megel\u0151z\u0151 h\u00e1bor\u00faval.<br \/>\n    Hasonl\u00f3 k\u00f6vetkeztet\u00e9sre jutott a The Jerusalem Post c\u00edm\u0171 izraeli \u00fajs\u00e1g honlapja is cs\u00fct\u00f6rt\u00f6ki elemz\u00e9s\u00e9ben. Az izraeli hadsereg a lap szerint high-tech alag\u00fatfelt\u00e1r\u00f3 eszk\u00f6z\u00f6kkel dolgozik az \u00f6vezet hat\u00e1r\u00e1n, miut\u00e1n Jeruzs\u00e1lem 600 milli\u00f3 s\u00e9kelt (t\u00f6bb mint 42 milli\u00e1rd forintot) fektetett az eff\u00e9le eszk\u00f6z\u00f6k kifejleszt\u00e9s\u00e9be. Ennek eredm\u00e9nyek\u00e9pp az ut\u00f3bbi hetekben megtal\u00e1ltak sz\u00e1mos, t\u00f6bb tucat m\u00e9terrel a f\u00f6ldfelsz\u00edn al\u00e1 \u00e1sott alagutat.<br \/>\n    A Ham\u00e1sz az ut\u00f3bbi \u00e9vekben a G\u00e1zai \u00f6vezet er\u0151forr\u00e1sainak jelent\u0151s r\u00e9sz\u00e9t a t\u00e1mad\u00f3 alagutak l\u00e9trehoz\u00e1s\u00e1ra ford\u00edtotta, hogy meglepet\u00e9sszer\u0171en a f\u00f6ld al\u00f3l felbukkan\u00f3 kommand\u00f3sokkal \u00e9rjenek el katonai sikereket egy Izrael elleni j\u00f6v\u0151beli h\u00e1bor\u00faban.(MTI)<\/p>\n","protected":false},"excerpt":{"rendered":"<p>\u00d6sszecsap\u00e1sok t\u00f6rtek ki a G\u00e1zai \u00f6vezet hat\u00e1r\u00e1n palesztin fegyveresek \u00e9s az izraeli hadsereg k\u00f6z\u00f6tt, \u00e9s Izrael cs\u00fct\u00f6rt\u00f6k hajnalban m\u00e1r l\u00e9gierej\u00e9t is bevetette: csap\u00e1sokat m\u00e9rt az \u00f6vezetben a Ham\u00e1sz radik\u00e1lis palesztin szervezet n\u00e9gy had\u00e1ll\u00e1s\u00e1ra &#8211; k\u00f6z\u00f6lt\u00e9k izraeli katonai illet\u00e9kesek.<\/p>\n","protected":false},"author":1,"featured_media":0,"comment_status":"open","ping_status":"closed","sticky":false,"template":"","format":"standard","meta":[],"categories":[16],"tags":[],"_links":{"self":[{"href":"https:\/\/gazdasagportal.hu\/index.php\/wp-json\/wp\/v2\/posts\/78868"}],"collection":[{"href":"https:\/\/gazdasagportal.hu\/index.php\/wp-json\/wp\/v2\/posts"}],"about":[{"href":"https:\/\/gazdasagportal.hu\/index.php\/wp-json\/wp\/v2\/types\/post"}],"author":[{"embeddable":true,"href":"https:\/\/gazdasagportal.hu\/index.php\/wp-json\/wp\/v2\/users\/1"}],"replies":[{"embeddable":true,"href":"https:\/\/gazdasagportal.hu\/index.php\/wp-json\/wp\/v2\/comments?post=78868"}],"version-history":[{"count":1,"href":"https:\/\/gazdasagportal.hu\/index.php\/wp-json\/wp\/v2\/posts\/78868\/revisions"}],"predecessor-version":[{"id":78869,"href":"https:\/\/gazdasagportal.hu\/index.php\/wp-json\/wp\/v2\/posts\/78868\/revisions\/78869"}],"wp:attachment":[{"href":"https:\/\/gazdasagportal.hu\/index.php\/wp-json\/wp\/v2\/media?parent=78868"}],"wp:term":[{"taxonomy":"category","embeddable":true,"href":"https:\/\/gazdasagportal.hu\/index.php\/wp-json\/wp\/v2\/categories?post=78868"},{"taxonomy":"post_tag","embeddable":true,"href":"https:\/\/gazdasagportal.hu\/index.php\/wp-json\/wp\/v2\/tags?post=78868"}],"curies":[{"name":"wp","href":"https:\/\/api.w.org\/{rel}","templated":true}]}}