{"id":78660,"date":"2016-05-02T15:07:16","date_gmt":"2016-05-02T13:07:16","guid":{"rendered":"http:\/\/gazdasagportal.hu\/?p=78660"},"modified":"2016-05-02T15:07:16","modified_gmt":"2016-05-02T13:07:16","slug":"szabadkereskedelmi-targyalasok-a-nemet-kormany-szerint-minel-hamarabb-le-kell-zarni-a-targyalasokat","status":"publish","type":"post","link":"https:\/\/gazdasagportal.hu\/index.php\/szabadkereskedelmi-targyalasok-a-nemet-kormany-szerint-minel-hamarabb-le-kell-zarni-a-targyalasokat\/","title":{"rendered":"Szabadkereskedelmi t\u00e1rgyal\u00e1sok &#8211; A n\u00e9met korm\u00e1ny szerint min\u00e9l hamarabb le kell z\u00e1rni a t\u00e1rgyal\u00e1sokat"},"content":{"rendered":"<p><strong>N\u00e9metorsz\u00e1g alapvet\u0151 \u00e9rdeke a szabadkereskedelem a transzatlanti t\u00e9rs\u00e9gben, ez\u00e9rt min\u00e9l hamarabb le kell z\u00e1rni az Eur\u00f3pai Uni\u00f3 \u00e9s az Egyes\u00fclt \u00c1llamok t\u00e1rgyal\u00e1sait a szabadkereskedelmi \u00f6vezetr\u0151l sz\u00f3l\u00f3 szerz\u0151d\u00e9sr\u0151l (TTIP) &#8211; mondta a n\u00e9met korm\u00e1ny sz\u00f3viv\u0151je h\u00e9tf\u0151n Berlinben.<\/strong><!--more--><\/p>\n<div class=\"ads-in-post1\"><div id=\"gazdasagportal.hu_fullbanner_wideboard\"><\/div>\r\n<\/div>\n<p>    Steffen Seibert t\u00e1j\u00e9koztat\u00f3j\u00e1n a TTIP-r\u0151l a nyilv\u00e1noss\u00e1g kiz\u00e1r\u00e1s\u00e1val zajl\u00f3 t\u00e1rgyal\u00e1sokr\u00f3l kisziv\u00e1rogtatott iratokkal kapcsolatban k\u00e9rd\u00e9sre v\u00e1laszolva hangs\u00falyozta, hogy N\u00e9metorsz\u00e1gnak az exportra \u00e9p\u00fcl\u0151 gazdas\u00e1ga r\u00e9v\u00e9n nagy sz\u00fcks\u00e9ge van a nemzetk\u00f6zi kereskedelem szabads\u00e1g\u00e1ra. Az \u00fcgy jelent\u0151s\u00e9g\u00e9t mutatja, hogy minden negyedik n\u00e9metorsz\u00e1gi munkahely f\u00fcgg az exportt\u00f3l &#8211; mondta.<br \/>\n    Hozz\u00e1tette, hogy a koal\u00edci\u00f3s p\u00e1rtok egy\u00f6ntet\u0171 meggy\u0151z\u0151d\u00e9se, hogy sikerre kell vinni a TTIP-t\u00e1rgyal\u00e1sokat \u00e9s egy &#8222;ambici\u00f3zus&#8221; szerz\u0151d\u00e9st kell kidolgozni.<br \/>\n    A n\u00e9met korm\u00e1ny tudom\u00e1sul veszi a TTIP-iratok megjelen\u00e9s\u00e9t &#8211; mondta Steffen Seibert. Hozz\u00e1tette, hogy nem ismeri a Greenpeace nemzetk\u00f6zi k\u00f6rnyezetv\u00e9d\u0151 civil szervezet \u00e1ltal nyilv\u00e1noss\u00e1gra hozott dokumentumokat, \u00edgy azt sem tudja megmondani, hogy eredetiek-e.<br \/>\n    Az azonban biztos, hogy nem \u00e9rdemes messzemen\u0151 k\u00f6vetkeztet\u00e9seket levonni a Greenpeace szerint a t\u00e1rgyal\u00e1sok \u00e1prilisi \u00e1ll\u00e1s\u00e1t r\u00f6gz\u00edt\u0151 dokumentumok tartalm\u00e1b\u00f3l, mert egy t\u00e1rgyal\u00e1si folyamat &#8222;k\u00f6ztes eredm\u00e9nye nem egyenl\u0151 a v\u00e9geredm\u00e9nnyel&#8221;.<br \/>\n    A legnagyobb korm\u00e1nyp\u00e1rt, a Kereszt\u00e9nydemokrata Uni\u00f3 (CDU) egyik aleln\u00f6ke, Armin Laschet h\u00e9tf\u0151n Berlinben tett nyilatkozat\u00e1ban kiemelte, hogy az EU nem engedhet a munkav\u00e1llal\u00f3kat, a fogyaszt\u00f3kat \u00e9s a k\u00f6rnyezet v\u00e9d\u0151 el\u0151\u00edr\u00e1sai szigor\u00fas\u00e1g\u00e1b\u00f3l. Azonban az eur\u00f3paiaknak \u00e9rdemes lenne tudom\u00e1sul venni\u00fck, hogy nem az a helyzet, hogy az eur\u00f3pai szabv\u00e1nyok mind j\u00f3k, az amerikaiak pedig mind alacsonyabb szint\u0171ek, rosszabb min\u0151s\u00e9g\u0171ek.<br \/>\n    Ennek bel\u00e1t\u00e1s\u00e1hoz el\u00e9g felid\u00e9zni, hogy a d\u00edzelbotr\u00e1ny nem az\u00e9rt robbant ki, mert az \u00e9rintett motorok k\u00e1rosanyag-kibocs\u00e1t\u00e1sa nem felelt meg az eur\u00f3pai el\u0151\u00edr\u00e1soknak, hanem az\u00e9rt, mert nem felelt meg a sokkal szigor\u00fabb amerikai el\u0151\u00edr\u00e1soknak, \u00e9s a csal\u00f3kat nem is az eur\u00f3pai, hanem az amerikai hat\u00f3s\u00e1gok leplezt\u00e9k le, mint ahogy p\u00e9ld\u00e1ul a FIFA korrupci\u00f3s botr\u00e1nyait is amerikai \u00fcgy\u00e9szek t\u00e1rt\u00e1k fel &#8211; fejtette ki Armin Laschet.<br \/>\n    A CDU bajor testv\u00e9rp\u00e1rtja, a Kereszt\u00e9nyszoci\u00e1lis Uni\u00f3 (CSU) eln\u00f6ke, Horst Seehofer bajor minisztereln\u00f6k M\u00fcnchenben tett nyilatkozat\u00e1ban hangs\u00falyozta, hogy gondoskodni kell a t\u00e1rgyal\u00e1si folyamat \u00e1tl\u00e1that\u00f3s\u00e1g\u00e1r\u00f3l. Felel\u0151s politikus csak akkor tud \u00e1ll\u00e1st foglalni a szerz\u0151d\u00e9s \u00fcgy\u00e9ben, ha ismert a tartalma, \u00e9s ha a nyilv\u00e1noss\u00e1g nem biztos\u00edtott, a CSU nem t\u00e1mogatja a TTIP-et &#8211; mondta.<br \/>\n    A CDU\/CSU p\u00e1rtsz\u00f6vets\u00e9ggel korm\u00e1nyz\u00f3 szoci\u00e1ldemokrat\u00e1k (SPD) r\u00e9g\u00f3ta s\u00fcrgetik a nagyobb nyilv\u00e1noss\u00e1got, \u00e9s \u00e1ll\u00e1spontjuk szerint elfogadhatatlan lenne, ha a TTIP miatt gyeng\u00fcln\u00e9nek az uni\u00f3s el\u0151\u00edr\u00e1sok, \u00e9s a szerz\u0151d\u00e9sben az amerikai f\u00e9l \u00e1ltal szorgalmazott, demokratikus ellen\u0151rz\u00e9s n\u00e9lk\u00fcli vitarendez\u00e9si mechanizmust r\u00f6gz\u00edten\u00e9k.<br \/>\n    A  Transzatlanti Kereskedelmi \u00e9s Beruh\u00e1z\u00e1si Partners\u00e9g (Transatlantic Trade and Investment Partnership, TTIP) nev\u0171 egyezm\u00e9nyr\u0151l 2013-ban kezd\u0151dtek a t\u00e1rgyal\u00e1sok. Eddig 13 t\u00e1rgyal\u00e1si fordul\u00f3t tartottak, rendre z\u00e1rt ajt\u00f3k m\u00f6g\u00f6tt. A Greenpeace \u00e1ltal h\u00e9tf\u0151n nyilv\u00e1noss\u00e1gra hozott iratanyag az els\u0151 olyan hitelesnek mondott dokumentumgy\u0171jtem\u00e9ny, amely betekint\u00e9st enged a nyilv\u00e1noss\u00e1gnak a t\u00e1rgyal\u00e1sok menet\u00e9be.<br \/>\n    A t\u00e1rgyal\u00e1sok egyel\u0151re nem hoztak \u00e1tt\u00f6r\u00e9st, aminek f\u0151 oka az, hogy az eur\u00f3pai politikai k\u00f6zv\u00e9lem\u00e9ny egy r\u00e9sze aggodalommal tekint a szerz\u0151d\u00e9sre, att\u00f3l tart, hogy megnyitja majd az utat az amerikai nagyv\u00e1llalatok &#8211; k\u00f6rnyezet-, illetve fogyaszt\u00f3v\u00e9delmi szempontokon \u00e1tg\u00e1zol\u00f3 &#8211; \u00e9rdekeinek eur\u00f3pai \u00e9rv\u00e9nyes\u00edt\u00e9se el\u0151tt.(MTI)<\/p>\n","protected":false},"excerpt":{"rendered":"<p>N\u00e9metorsz\u00e1g alapvet\u0151 \u00e9rdeke a szabadkereskedelem a transzatlanti t\u00e9rs\u00e9gben, ez\u00e9rt min\u00e9l hamarabb le kell z\u00e1rni az Eur\u00f3pai Uni\u00f3 \u00e9s az Egyes\u00fclt \u00c1llamok t\u00e1rgyal\u00e1sait a szabadkereskedelmi \u00f6vezetr\u0151l sz\u00f3l\u00f3 szerz\u0151d\u00e9sr\u0151l (TTIP) &#8211; mondta a n\u00e9met korm\u00e1ny sz\u00f3viv\u0151je h\u00e9tf\u0151n Berlinben.<\/p>\n","protected":false},"author":1,"featured_media":0,"comment_status":"open","ping_status":"closed","sticky":false,"template":"","format":"standard","meta":[],"categories":[246],"tags":[],"_links":{"self":[{"href":"https:\/\/gazdasagportal.hu\/index.php\/wp-json\/wp\/v2\/posts\/78660"}],"collection":[{"href":"https:\/\/gazdasagportal.hu\/index.php\/wp-json\/wp\/v2\/posts"}],"about":[{"href":"https:\/\/gazdasagportal.hu\/index.php\/wp-json\/wp\/v2\/types\/post"}],"author":[{"embeddable":true,"href":"https:\/\/gazdasagportal.hu\/index.php\/wp-json\/wp\/v2\/users\/1"}],"replies":[{"embeddable":true,"href":"https:\/\/gazdasagportal.hu\/index.php\/wp-json\/wp\/v2\/comments?post=78660"}],"version-history":[{"count":1,"href":"https:\/\/gazdasagportal.hu\/index.php\/wp-json\/wp\/v2\/posts\/78660\/revisions"}],"predecessor-version":[{"id":78661,"href":"https:\/\/gazdasagportal.hu\/index.php\/wp-json\/wp\/v2\/posts\/78660\/revisions\/78661"}],"wp:attachment":[{"href":"https:\/\/gazdasagportal.hu\/index.php\/wp-json\/wp\/v2\/media?parent=78660"}],"wp:term":[{"taxonomy":"category","embeddable":true,"href":"https:\/\/gazdasagportal.hu\/index.php\/wp-json\/wp\/v2\/categories?post=78660"},{"taxonomy":"post_tag","embeddable":true,"href":"https:\/\/gazdasagportal.hu\/index.php\/wp-json\/wp\/v2\/tags?post=78660"}],"curies":[{"name":"wp","href":"https:\/\/api.w.org\/{rel}","templated":true}]}}