{"id":78640,"date":"2016-05-02T10:56:09","date_gmt":"2016-05-02T08:56:09","guid":{"rendered":"http:\/\/gazdasagportal.hu\/?p=78640"},"modified":"2016-05-02T10:56:09","modified_gmt":"2016-05-02T08:56:09","slug":"iszlam-allam-a-terrorszervezet-tobb-tagjaval-vegzett-a-torok-hadsereg","status":"publish","type":"post","link":"https:\/\/gazdasagportal.hu\/index.php\/iszlam-allam-a-terrorszervezet-tobb-tagjaval-vegzett-a-torok-hadsereg\/","title":{"rendered":"Iszl\u00e1m \u00c1llam &#8211; A terrorszervezet t\u00f6bb tagj\u00e1val v\u00e9gzett a t\u00f6r\u00f6k hadsereg"},"content":{"rendered":"<p><strong>Ism\u00e9t az Iszl\u00e1m \u00c1llam (I\u00c1) nev\u0171 terrorszervezet \u00e1ll\u00e1sait l\u0151tte vas\u00e1rnap a t\u00f6r\u00f6k hader\u0151 Sz\u00edria \u00e9szaki r\u00e9sz\u00e9n, meg\u00f6lve legkevesebb 34 sz\u00e9ls\u0151s\u00e9gest &#8211; jelentette h\u00e9tf\u0151n az Anadolu t\u00f6r\u00f6k \u00e1llami h\u00edr\u00fcgyn\u00f6ks\u00e9g.<\/strong><!--more--><\/p>\n<div class=\"ads-in-post1\"><div id=\"gazdasagportal.hu_fullbanner_wideboard\"><\/div>\r\n<\/div>\n<p>    Az akci\u00f3 v\u00e1lasz volt az I\u00c1 vas\u00e1rnapi t\u00e1mad\u00e1saira, amelyek sor\u00e1n n\u00e9gy \u00fajabb, sz\u00edriai ter\u00fcletr\u0151l ind\u00edtott aknagr\u00e1n\u00e1t csap\u00f3dott be a d\u00e9lkelet-t\u00f6r\u00f6korsz\u00e1gi Kilis v\u00e1rosban. Ott nyolcan s\u00e9r\u00fcltek meg, k\u00f6zt\u00fck egy v\u00e1rand\u00f3s n\u0151 is. Kilisben az elm\u00falt hetekben szinte mindennaposak a hasonl\u00f3 incidensek; janu\u00e1r 18. \u00f3ta a robban\u00e1sokban tizennyolc ember vesztette \u00e9let\u00e9t, k\u00f6zt\u00fck h\u00e9t sz\u00edriai \u00e1llampolg\u00e1r.<br \/>\n    A t\u00f6r\u00f6k t\u00fcz\u00e9rs\u00e9g az ut\u00f3bbi napokban m\u00e1r fegyveres dr\u00f3nokat is bevet az I\u00c1 elleni k\u00fczdelemben. Vas\u00e1rnap n\u00e9gy t\u00e1vir\u00e1ny\u00edt\u00e1s\u00fa szerkezet sz\u00e1llt fel a d\u00e9lkelet-t\u00f6r\u00f6korsz\u00e1gi Incirlik l\u00e9gi b\u00e1zisr\u00f3l, amelyek huszonkilenc dzsihadist\u00e1val v\u00e9geztek. A t\u00fcz\u00e9rs\u00e9gi l\u00f6vegek \u00e9s rak\u00e9t\u00e1k ezen fel\u00fcl m\u00e9g harmincn\u00e9gy terrorist\u00e1t &#8222;semleges\u00edtettek&#8221;. A sz\u00edriai hat\u00e1rt\u00f3l tizenk\u00e9t kilom\u00e9terre zajl\u00f3 katonai m\u0171veletben megsemmis\u00fclt az ellens\u00e9g tov\u00e1bbi hat j\u00e1rm\u0171ve \u00e9s \u00f6t t\u00fczel\u0151\u00e1ll\u00e1sa is.<br \/>\n    Az USA m\u00e1jusban teheraut\u00f3kra \u00e9p\u00edtett rak\u00e9tavet\u0151 rendszert (HIMARS) telep\u00edt T\u00f6r\u00f6korsz\u00e1g sz\u00edriai hat\u00e1rvid\u00e9k\u00e9re, hogy hat\u00e9konyabb\u00e1 tegye a k\u00fczdelmet.(MTI)<\/p>\n","protected":false},"excerpt":{"rendered":"<p>Ism\u00e9t az Iszl\u00e1m \u00c1llam (I\u00c1) nev\u0171 terrorszervezet \u00e1ll\u00e1sait l\u0151tte vas\u00e1rnap a t\u00f6r\u00f6k hader\u0151 Sz\u00edria \u00e9szaki r\u00e9sz\u00e9n, meg\u00f6lve legkevesebb 34 sz\u00e9ls\u0151s\u00e9gest &#8211; jelentette h\u00e9tf\u0151n az Anadolu t\u00f6r\u00f6k \u00e1llami h\u00edr\u00fcgyn\u00f6ks\u00e9g.<\/p>\n","protected":false},"author":1,"featured_media":0,"comment_status":"open","ping_status":"closed","sticky":false,"template":"","format":"standard","meta":[],"categories":[16],"tags":[],"_links":{"self":[{"href":"https:\/\/gazdasagportal.hu\/index.php\/wp-json\/wp\/v2\/posts\/78640"}],"collection":[{"href":"https:\/\/gazdasagportal.hu\/index.php\/wp-json\/wp\/v2\/posts"}],"about":[{"href":"https:\/\/gazdasagportal.hu\/index.php\/wp-json\/wp\/v2\/types\/post"}],"author":[{"embeddable":true,"href":"https:\/\/gazdasagportal.hu\/index.php\/wp-json\/wp\/v2\/users\/1"}],"replies":[{"embeddable":true,"href":"https:\/\/gazdasagportal.hu\/index.php\/wp-json\/wp\/v2\/comments?post=78640"}],"version-history":[{"count":1,"href":"https:\/\/gazdasagportal.hu\/index.php\/wp-json\/wp\/v2\/posts\/78640\/revisions"}],"predecessor-version":[{"id":78641,"href":"https:\/\/gazdasagportal.hu\/index.php\/wp-json\/wp\/v2\/posts\/78640\/revisions\/78641"}],"wp:attachment":[{"href":"https:\/\/gazdasagportal.hu\/index.php\/wp-json\/wp\/v2\/media?parent=78640"}],"wp:term":[{"taxonomy":"category","embeddable":true,"href":"https:\/\/gazdasagportal.hu\/index.php\/wp-json\/wp\/v2\/categories?post=78640"},{"taxonomy":"post_tag","embeddable":true,"href":"https:\/\/gazdasagportal.hu\/index.php\/wp-json\/wp\/v2\/tags?post=78640"}],"curies":[{"name":"wp","href":"https:\/\/api.w.org\/{rel}","templated":true}]}}