{"id":78545,"date":"2016-04-30T08:42:06","date_gmt":"2016-04-30T06:42:06","guid":{"rendered":"http:\/\/gazdasagportal.hu\/?p=78545"},"modified":"2016-04-30T08:42:06","modified_gmt":"2016-04-30T06:42:06","slug":"ismet-duhos-tuntetok-vartak-egy-kaliforniai-valasztasi-gyulesen-donald-trumpot","status":"publish","type":"post","link":"https:\/\/gazdasagportal.hu\/index.php\/ismet-duhos-tuntetok-vartak-egy-kaliforniai-valasztasi-gyulesen-donald-trumpot\/","title":{"rendered":"Ism\u00e9t d\u00fch\u00f6s t\u00fcntet\u0151k v\u00e1rt\u00e1k egy kaliforniai v\u00e1laszt\u00e1si gy\u0171l\u00e9sen Donald Trumpot"},"content":{"rendered":"<p><strong>Ism\u00e9t d\u00fch\u00f6s t\u00fcntet\u0151k v\u00e1rt\u00e1k egy kaliforniai v\u00e1laszt\u00e1si gy\u0171l\u00e9sen Donald Trumpot, a republik\u00e1nusok vezet\u0151 eln\u00f6kjel\u00f6lt-aspir\u00e1ns\u00e1t, aki arr\u00f3l sz\u00f3nokolt a rendezv\u00e9nyen, hogy gy\u0151zni tud akkor is, ha p\u00e1rtja nem \u00e1ll ki mellette egys\u00e9gesen.<\/strong><!--more--><\/p>\n<div class=\"ads-in-post1\"><div id=\"gazdasagportal.hu_fullbanner_wideboard\"><\/div>\r\n<\/div>\n<p>    Donald Trump nem akart farkasszemet n\u00e9zni a protest\u00e1l\u00f3kkal, a rendezv\u00e9nyre a h\u00e1ts\u00f3 ajt\u00f3n ment be. A San Francisco melletti Burlingame v\u00e1ros\u00e1ban, a Hyatt sz\u00e1ll\u00f3 el\u0151tt &#8211; amely otthont adott a republik\u00e1nus tan\u00e1cskoz\u00e1snak &#8211; mintegy 250-300 t\u00fcntet\u0151 tolongott, amerikai sajt\u00f3jelent\u00e9sek szerint nagy r\u00e9sz\u00fck a demokrat\u00e1k eln\u00f6kjel\u00f6lts\u00e9g\u00e9\u00e9rt k\u00fczd\u0151 k\u00e9t politikus, Hillary Clinton vagy Bernie Sanders t\u00e1mogat\u00f3ja volt.<br \/>\n    Egyes t\u00fcntet\u0151k mexik\u00f3i z\u00e1szl\u00f3t lobogtattak, m\u00e1sok az amerikai z\u00e1szl\u00f3t \u00e9gett\u00e9k. Egyik csoportjuk f\u00e9lmeztelen\u00fcl skand\u00e1lta: &#8222;szeretkezzetek \u00e9s ne falat \u00e9p\u00edtsetek!&#8221;. Az egyik tiltakoz\u00f3 az ABC telev\u00edzi\u00f3 esti h\u00edrad\u00f3j\u00e1nak elmondta: k\u00e9t hete szervezik a t\u00fcntet\u00e9st, hogy kifejezz\u00e9k el\u00e9gedetlens\u00e9g\u00fcket amiatt, amit Trump &#8222;a bev\u00e1ndorl\u00f3k, a spanyolajk\u00faak, \u00e9s a muszlim k\u00f6z\u00f6ss\u00e9gek ellen mond&#8221;. A protest\u00e1l\u00f3k toj\u00e1sokkal dob\u00e1lt\u00e1k meg a sz\u00e1llod\u00e1t, egy f\u00e9rfi be akarta t\u00f6rni az ablakokat. Egy Trumpot n\u00e9pszer\u0171s\u00edt\u0151 trik\u00f3ban l\u00e9v\u0151 f\u00e9rfit elzavartak a helysz\u00ednr\u0151l, egy trumpos sapk\u00e1t visel\u0151 f\u00e9rfit pedig megvertek. A rend\u0151rs\u00e9g k\u00f6rbevette a hotelt.<br \/>\n    &#8222;Nem ez volt \u00e9letem legk\u00f6nnyebb bel\u00e9p\u0151je&#8230; \u00dagy \u00e9reztem magam, mintha a hat\u00e1ron keln\u00e9k \u00e1t&#8221; &#8211; viccel\u0151d\u00f6tt Donald Trump besz\u00e9de elej\u00e9n.<br \/>\n    A New York-i milli\u00e1rdos huszon\u00f6t perces besz\u00e9d\u00e9ben kev\u00e9s id\u0151t szentelt a j\u00fanius 7-ei kaliforniai el\u0151v\u00e1laszt\u00e1snak, t\u00f6bbnyire a Republik\u00e1nus P\u00e1rt bels\u0151 helyzet\u00e9r\u0151l besz\u00e9lt, \u00e9s g\u00fanyol\u00f3dott m\u00e9g versenyben l\u00e9v\u0151 vet\u00e9lyt\u00e1rsain, akiket veszteseknek nevezett. K\u00e9tszer is hangs\u00falyozta, hogy abban az esetben is k\u00e9pes elnyerni az eln\u00f6kjel\u00f6lts\u00e9get, ha a p\u00e1rt nem \u00e1ll mell\u00e9 egys\u00e9gesen.<br \/>\n    Egys\u00e9gre sz\u00f3l\u00edtotta ugyanakkor a p\u00e1rtot, mert szerinte m\u00e9giscsak \u00fagy lehet legy\u0151zni Hillary Clintont, a demokrat\u00e1k v\u00e1rhat\u00f3 eln\u00f6kjel\u00f6ltj\u00e9t.<br \/>\n    &#8222;Az lenne az ide\u00e1lis, ha \u00f6sszefogn\u00e1nk&#8221; &#8211; fogalmazott, de k\u00e9s\u0151bb azt mondta: &#8222;Szerintem akkor is gy\u0151z\u00fcnk, ha nem fogunk \u00f6ssze. \u0150szint\u00e9n sz\u00f3lva, van n\u00e9h\u00e1ny ember, akinek a t\u00e1mogat\u00e1s\u00e1t nem is akarom&#8221;.<br \/>\n    N\u00e9v szerint is megeml\u00edtette Ted Cruz texasi szen\u00e1tort, aki m\u00e9g mindig versenyben van az eln\u00f6kjel\u00f6lts\u00e9g\u00e9rt, \u00e9s Jeb Bush volt floridai korm\u00e1nyz\u00f3t, aki m\u00e1r kisz\u00e1llt. Humoriz\u00e1lt Ted Cruz aleln\u00f6kjel\u00f6ltj\u00e9n, Carly Fiorin\u00e1n, valamint a m\u00e1sik eln\u00f6kjel\u00f6lt-aspir\u00e1nson, John Kasich ohi\u00f3i korm\u00e1nyz\u00f3n is.<br \/>\n    &#8222;Kedvelem Carlyt, de amikor kisz\u00e1llt, egyetlen szavazata sem volt&#8221; &#8211; mondta Fiorin\u00e1r\u00f3l Trump, utalva arra, hogy az \u00fczletasszony szint\u00e9n indult az eln\u00f6kjel\u00f6lts\u00e9g\u00e9rt, de nagyon kev\u00e9s szavazatot kapott.<br \/>\n    Az eln\u00f6kjel\u00f6lts\u00e9g\u00e9rt m\u00e9g k\u00fczdelemben l\u00e9v\u0151 k\u00e9t vet\u00e9lyt\u00e1rs\u00e1t, Cruzt \u00e9s Kasichet dacos gyermekekhez hasonl\u00edtotta.<br \/>\n    K\u00f6zben a Fox telev\u00edzi\u00f3 p\u00e9ntek este egy\u00f3r\u00e1s besz\u00e9lget\u00e9st szervezett Indianapolisban Ted Cruzzal, aki Carly Fiorin\u00e1val egy\u00fctt az \u00fajs\u00e1g\u00edr\u00f3 k\u00e9rd\u00e9sei mellett a vend\u00e9gek k\u00e9rd\u00e9seire is v\u00e1laszolt. A texasi szen\u00e1tor lesz\u00f6gezte: a j\u00f6v\u0151 keddi el\u0151v\u00e1laszt\u00e1s Indiana \u00e1llamban eld\u00f6nti majd, ki lesz a republik\u00e1nusok eln\u00f6kjel\u00f6ltje. A besz\u00e9lget\u00e9st vezet\u0151 \u00fajs\u00e1g\u00edr\u00f3, Sean Hannity k\u00e9rd\u00e9s\u00e9re, hogy egy esetleges indianai veres\u00e9g ut\u00e1n feladja-e k\u00fczdelmet, Cruz nem akart v\u00e1laszolni.<br \/>\n    Ostorozta \u00e9s a korrupt rendszer r\u00e9sz\u00e9nek nevezte Donald Trumpot, Hillary Clintont \u00e9s John Boehnert, a k\u00e9pvisel\u0151h\u00e1z kor\u00e1bbi republik\u00e1nus eln\u00f6k\u00e9t. Boehner cs\u00fct\u00f6rt\u00f6k\u00f6n az \u00f6rd\u00f6g megtestes\u00fcl\u00e9s\u00e9nek, a h\u00fasv\u00e9r emberbe b\u00fajt S\u00e1t\u00e1nnak nevezte Ted Cruzt. &#8222;Boehner megnyilv\u00e1nul\u00e1sa mindent elmond arr\u00f3l, amit tudni kell Washingtonr\u00f3l&#8221; &#8211; mondta Ted Cruz, \u00e9s hozz\u00e1f\u0171zte: &#8222;Washingtonban nem k\u00e9t p\u00e1rt van, hanem egyetlen k\u00e9tp\u00e1rti korrupt z\u0171rzavar&#8221;.(MTI)<\/p>\n","protected":false},"excerpt":{"rendered":"<p>Ism\u00e9t d\u00fch\u00f6s t\u00fcntet\u0151k v\u00e1rt\u00e1k egy kaliforniai v\u00e1laszt\u00e1si gy\u0171l\u00e9sen Donald Trumpot, a republik\u00e1nusok vezet\u0151 eln\u00f6kjel\u00f6lt-aspir\u00e1ns\u00e1t, aki arr\u00f3l sz\u00f3nokolt a rendezv\u00e9nyen, hogy gy\u0151zni tud akkor is, ha p\u00e1rtja nem \u00e1ll ki mellette egys\u00e9gesen.<\/p>\n","protected":false},"author":1,"featured_media":0,"comment_status":"open","ping_status":"closed","sticky":false,"template":"","format":"standard","meta":[],"categories":[13],"tags":[],"_links":{"self":[{"href":"https:\/\/gazdasagportal.hu\/index.php\/wp-json\/wp\/v2\/posts\/78545"}],"collection":[{"href":"https:\/\/gazdasagportal.hu\/index.php\/wp-json\/wp\/v2\/posts"}],"about":[{"href":"https:\/\/gazdasagportal.hu\/index.php\/wp-json\/wp\/v2\/types\/post"}],"author":[{"embeddable":true,"href":"https:\/\/gazdasagportal.hu\/index.php\/wp-json\/wp\/v2\/users\/1"}],"replies":[{"embeddable":true,"href":"https:\/\/gazdasagportal.hu\/index.php\/wp-json\/wp\/v2\/comments?post=78545"}],"version-history":[{"count":1,"href":"https:\/\/gazdasagportal.hu\/index.php\/wp-json\/wp\/v2\/posts\/78545\/revisions"}],"predecessor-version":[{"id":78546,"href":"https:\/\/gazdasagportal.hu\/index.php\/wp-json\/wp\/v2\/posts\/78545\/revisions\/78546"}],"wp:attachment":[{"href":"https:\/\/gazdasagportal.hu\/index.php\/wp-json\/wp\/v2\/media?parent=78545"}],"wp:term":[{"taxonomy":"category","embeddable":true,"href":"https:\/\/gazdasagportal.hu\/index.php\/wp-json\/wp\/v2\/categories?post=78545"},{"taxonomy":"post_tag","embeddable":true,"href":"https:\/\/gazdasagportal.hu\/index.php\/wp-json\/wp\/v2\/tags?post=78545"}],"curies":[{"name":"wp","href":"https:\/\/api.w.org\/{rel}","templated":true}]}}