{"id":78542,"date":"2016-04-30T03:47:01","date_gmt":"2016-04-30T01:47:01","guid":{"rendered":"http:\/\/gazdasagportal.hu\/?p=78542"},"modified":"2016-04-29T21:45:53","modified_gmt":"2016-04-29T19:45:53","slug":"tarlos-biztosan-megepul-a-romai-parti-gat","status":"publish","type":"post","link":"https:\/\/gazdasagportal.hu\/index.php\/tarlos-biztosan-megepul-a-romai-parti-gat\/","title":{"rendered":"Tarl\u00f3s: biztosan meg\u00e9p\u00fcl a r\u00f3mai-parti g\u00e1t"},"content":{"rendered":"<p><strong>Biztosan meg\u00e9p\u00fcl a r\u00f3mai-parti v\u00e9dm\u0171, a partrendez\u00e9si tervekr\u0151l a ny\u00e1ron t\u00e1j\u00e9koztatni fogj\u00e1k az ott \u00e9l\u0151ket &#8211; k\u00f6z\u00f6lte Tarl\u00f3s Istv\u00e1n f\u0151polg\u00e1rmester p\u00e9nteki sajt\u00f3t\u00e1j\u00e9koztat\u00f3j\u00e1n.<\/strong><!--more--><\/p>\n<div class=\"ads-in-post1\"><div id=\"gazdasagportal.hu_fullbanner_wideboard\"><\/div>\r\n<\/div>\n<p>    Tarl\u00f3s Istv\u00e1n azt mondta, v\u00e9lem\u00e9ny\u00fck szerint &#8222;\u00e9rthetetlen gy\u0171l\u00f6letkelt\u00e9s&#8221; zajlik a r\u00f3mai-parti v\u00e9dm\u0171 \u00fcgy\u00e9ben. Azt 25 \u00e9ve meg kellett volna m\u00e1r \u00e9p\u00edteni &#8211; hangs\u00falyozta.<br \/>\n    A f\u0151polg\u00e1rmester eml\u00e9keztetett: a Nemzeti Fejleszt\u00e9si Miniszt\u00e9rium megk\u00fcldte a csillaghegyi-\u00f6bl\u00f6zet \u00e1rv\u00edzv\u00e9delmi m\u0171v\u00e9nek t\u00e1mogat\u00e1si szerz\u0151d\u00e9s\u00e9t, \u00e9s szerd\u00e1n ezt a F\u0151v\u00e1rosi K\u00f6zgy\u0171l\u00e9s el is fogadta. Ebb\u0151l k\u00e9t k\u00f6vetkeztet\u00e9s vonhat\u00f3 le: az egyik az, hogy az \u00e1rv\u00edzv\u00e9delmi m\u0171 biztosan meg fog \u00e9p\u00fclni, a m\u00e1sik pedig, hogy a korm\u00e1ny az anyagi fedezet jelent\u0151s r\u00e9sz\u00e9r\u0151l gondoskodik is &#8211; mondta.<br \/>\n    K\u00f6z\u00f6lte azt is, az Orsz\u00e1gos V\u00edz\u00fcgyi F\u0151igazgat\u00f3s\u00e1g \u00e1prilis 22-\u00e9n t\u00e1j\u00e9koztatta arr\u00f3l, hogy a part menti nyomvonalv\u00e1ltozatot t\u00e1mogatja.<br \/>\n    A partrendez\u00e9sr\u0151l, arr\u00f3l, hogy mennyire lesz \u00e9lvezhet\u0151 a R\u00f3mai-part, az ott \u00e9l\u0151ket t\u00e1j\u00e9koztatni fogj\u00e1k, a ny\u00e1ron kihelyezik majd a l\u00e1tv\u00e1nyterveket a parton. Annyit k\u00e9rnek, hogy a k\u00f6vetkeztet\u00e9seket azokb\u00f3l vonj\u00e1k majd le, \u00e9s &#8222;ne katasztr\u00f3faturist\u00e1k \u00e9s megr\u00f6gz\u00f6tt v\u00e1daskod\u00f3k, gy\u0171l\u00f6lk\u00f6d\u0151k propagand\u00e1j\u00e1b\u00f3l&#8221; &#8211; mondta Tarl\u00f3s Istv\u00e1n, hozz\u00e1t\u00e9ve: a v\u00e9dm\u0171nek 2018 v\u00e9gig el kell k\u00e9sz\u00fclnie.<br \/>\n    Megjegyezte azt is, hogy a kor\u00e1bbi, Demszky-f\u00e9le k\u00f6zgy\u0171l\u00e9s is egy\u00e9rtelm\u0171en a parti nyomvonal mellett d\u00f6nt\u00f6tt.<br \/>\n    B\u00fas Bal\u00e1zs (Fidesz-KDNP), \u00d3buda-B\u00e9k\u00e1smegyer polg\u00e1rmestere arr\u00f3l besz\u00e9lt, hogy a c\u00e9ljuk a teljes csillaghegyi-\u00f6bl\u00f6zet megv\u00e9d\u00e9se mellett a R\u00f3mai-part \u00fcd\u00fcl\u0151\u00f6vezeti fenntart\u00e1sa, a rekre\u00e1ci\u00f3s, szabadid\u0151s, idegenforgalmi \u00e9s sportol\u00e1si funkci\u00f3k meg\u0151rz\u00e9se \u00e9s fejleszt\u00e9se.<br \/>\n    Kiemelte, a jelenlegi N\u00e1n\u00e1si \u00fat \u00e9s Kir\u00e1lyok \u00fatja vonal\u00e1ban h\u00faz\u00f3d\u00f3, a f\u0151v\u00e1ros \u00e1ltal els\u0151rend\u0171 v\u00e9dvonalnak tekintett \u00fagynevezett ny\u00falg\u00e1t mai \u00e1llapot\u00e1ban nem felel meg a jogszab\u00e1lyi k\u00f6vetelm\u00e9nyeknek. Magass\u00e1ga nem kiel\u00e9g\u00edt\u0151, szelv\u00e9nye kisebb az el\u0151\u00edrtakn\u00e1l, probl\u00e9m\u00e1t jelentenek a kapubehajt\u00f3k, \u00e1tv\u00e1g\u00e1sok, valamint az \u00e1rt\u00e9ri r\u00e9zs\u0171ben h\u00faz\u00f3d\u00f3 fasor.<br \/>\n    B\u00fas Bal\u00e1zs kijelentette: mindezek alapj\u00e1n a mai els\u0151rend\u0171nek tekintett g\u00e1t v\u00e9dm\u0171 jellege er\u0151sen megk\u00e9rd\u0151jelezhet\u0151. A tervezett mobilg\u00e1t meg\u00e9p\u00edt\u00e9se &#8222;nem az \u00fcd\u00fcl\u0151knek \u00e1lc\u00e1zott t\u00f6bbszintes lak\u00f3\u00e9p\u00fcletek megv\u00e9d\u00e9se miatt indokolt&#8221;, hiszen els\u0151rend\u0171 v\u00e9dm\u0171 hi\u00e1ny\u00e1ban nemcsak a r\u00f3mai-parti \u00fcd\u00fcl\u0151telep, hanem az eg\u00e9sz csillaghegyi-\u00f6bl\u00f6zet 356 hekt\u00e1ros ter\u00fclete v\u00edz al\u00e1 ker\u00fclhet &#8211; mondta.<br \/>\n    A polg\u00e1rmester k\u00f6z\u00f6lte azt is, hogy a megl\u00e9v\u0151, egyetlen jogszab\u00e1lyi el\u0151\u00edr\u00e1snak sem megfelel\u0151 v\u00e9dm\u0171 kell\u0151 m\u0171szaki szintre emel\u00e9se term\u00e9szetv\u00e9delmi szempontb\u00f3l legal\u00e1bb akkora m\u00e9rt\u00e9k\u0171 beavatkoz\u00e1ssal j\u00e1rna, mint a part menti mobilg\u00e1t meg\u00e9p\u00edt\u00e9se.<br \/>\n    R\u00e1mutatott arra is, hogy a vonatkoz\u00f3 korm\u00e1nyrendelet \u00e9rtelm\u00e9ben az \u00e1rv\u00edzv\u00e9delmi t\u00f6lt\u00e9st t\u00edz m\u00e9teren bel\u00fcl semmilyen m\u0171t\u00e1rggyal nem szabad megk\u00f6zel\u00edteni. Szerinte a v\u00e9dm\u0171 nyomvonal\u00e1t \u00fagy kell meghat\u00e1rozni, hogy a legkisebb k\u00f6rnyezeti k\u00e1r keletkezzen.<br \/>\n    B\u00fas Bal\u00e1zs egy kor\u00e1bbi felm\u00e9r\u00e9s\u00fckre hivatkozva elmondta, hogy a R\u00f3mai-parton 39 lak\u00e1sc\u00e9l\u00fa ingatlan van, ezekbe 106 ember van bejelentve. A 39 lak\u00f3\u00e9p\u00fclet eset\u00e9ben a legut\u00f3bbi \u00e1rv\u00edz idej\u00e9n a k\u00e1r el\u00e9rte az 50 milli\u00f3 forintot, \u00e9s a R\u00f3mai-parton l\u00e9v\u0151 ingatlanokban keletkezett k\u00e1r \u00f6ssz\u00e9rt\u00e9ke a 417 milli\u00f3 forintot.<br \/>\n    Hangs\u00falyozta: az \u00e1ltala vezetett \u00f6nkorm\u00e1nyzat t\u00e1mogatja a f\u0151v\u00e1ros t\u00f6rekv\u00e9seit, hogy a ter\u00fcletet min\u00e9l hamarabb \u00e1rv\u00edzmentes\u00edts\u00e9k.<br \/>\n    A 3-as metr\u00f3 fel\u00faj\u00edt\u00e1sa kapcs\u00e1n Tarl\u00f3s Istv\u00e1n egy sajt\u00f3inform\u00e1ci\u00f3ra reag\u00e1lva elmondta: az els\u0151 fel\u00faj\u00edtott szerelv\u00e9nynek a szerz\u0151d\u00e9s szerint j\u00fanius 2-\u00e1n kell meg\u00e9rkeznie.<br \/>\n    A 3-as metr\u00f3vonal rekonstrukci\u00f3ja miatt sz\u00fcks\u00e9ges j\u00e1rm\u0171p\u00f3tl\u00e1sra vonatkoz\u00f3 k\u00e9rd\u00e9sre v\u00e1laszolva elmondta, hogy a leggazdas\u00e1gosabb megold\u00e1s mellett tette le a voks\u00e1t. Az \u00fcgyben szerd\u00e1n tett bejelent\u00e9sre nem volt sem korm\u00e1nyzati, sem f\u0151v\u00e1rosi felhatalmaz\u00e1s &#8211; k\u00f6z\u00f6lte, egy buszgy\u00e1rt\u00f3 c\u00e9g k\u00e9t nappal ezel\u0151tti bemutat\u00f3j\u00e1ra utalva.<br \/>\n    A taxis demonstr\u00e1ci\u00f3kr\u00f3l sz\u00f3lva azt mondta, hogy fel\u00fclvizsg\u00e1lj\u00e1k a f\u0151v\u00e1rosi taxirendeletet, de az nem fogja megoldani az Uber-\u00fcgyet. A f\u0151v\u00e1rosi taxirendelet ma is vonatkozik az Uberre, csak egyszer\u0171en nem tartj\u00e1k be. Szerinte jogszab\u00e1llyal lehetne rendezni a k\u00e9rd\u00e9st.<br \/>\n    A ker\u00e9kp\u00e1ros k\u00f6zleked\u00e9st \u00e9rintve Tarl\u00f3s Istv\u00e1n arr\u00f3l besz\u00e9lt, a k\u00e9rd\u00e9ssel foglalkoz\u00f3 munkacsoportba a ker\u00e9kp\u00e1rosok k\u00e9pvisel\u0151i mellett val\u00f3sz\u00edn\u0171leg meg fogja h\u00edvni az aut\u00f3sok k\u00e9pvisel\u0151it is, az Aut\u00f3s Nagykoal\u00edci\u00f3 k\u00e9r\u00e9s\u00e9nek eleget t\u00e9ve.<br \/>\n    A f\u0151polg\u00e1rmester visszautas\u00edtotta \u00e9s kik\u00e9rte mag\u00e1nak, hogy a holland nagyk\u00f6vet &#8222;egy \u00e9jszakai b\u00e1rb\u00f3l \u00fczenget&#8221; neki a k\u00e9rd\u00e9sben.<br \/>\n    A Budapesti Fesztiv\u00e1lzenekar f\u0151v\u00e1rosi t\u00e1mogat\u00e1sa kapcs\u00e1n, Fischer Iv\u00e1n zeneigazgat\u00f3 nyilatkozat\u00e1ra reag\u00e1lva visszautas\u00edtotta, hogy a t\u00e1mogat\u00e1si \u00f6sszeg meghat\u00e1roz\u00e1sa a v\u00e1rosvezet\u00e9s &#8222;konok \u00e9s er\u0151szakos&#8221; d\u00f6nt\u00e9se volt. Arr\u00f3l &#8211; mondta &#8211; a F\u0151v\u00e1rosi K\u00f6zgy\u0171l\u00e9s d\u00f6nt\u00f6tt t\u00f6bbs\u00e9ggel.<br \/>\n    Tarl\u00f3s Istv\u00e1n kijelentette: a v\u00e1ros nem pazarol, hanem takar\u00e9koskodik, \u00e9s a kult\u00far\u00e1t t\u00e1mogatja &#8222;olyan m\u00e9rt\u00e9kben, hogy addig ny\u00fajt\u00f3zkodik, ameddig a takar\u00f3ja \u00e9r&#8221;.(MTI)<\/p>\n","protected":false},"excerpt":{"rendered":"<p>Biztosan meg\u00e9p\u00fcl a r\u00f3mai-parti v\u00e9dm\u0171, a partrendez\u00e9si tervekr\u0151l a ny\u00e1ron t\u00e1j\u00e9koztatni fogj\u00e1k az ott \u00e9l\u0151ket &#8211; k\u00f6z\u00f6lte Tarl\u00f3s Istv\u00e1n f\u0151polg\u00e1rmester p\u00e9nteki sajt\u00f3t\u00e1j\u00e9koztat\u00f3j\u00e1n.<\/p>\n","protected":false},"author":1,"featured_media":0,"comment_status":"open","ping_status":"closed","sticky":false,"template":"","format":"standard","meta":[],"categories":[4],"tags":[],"_links":{"self":[{"href":"https:\/\/gazdasagportal.hu\/index.php\/wp-json\/wp\/v2\/posts\/78542"}],"collection":[{"href":"https:\/\/gazdasagportal.hu\/index.php\/wp-json\/wp\/v2\/posts"}],"about":[{"href":"https:\/\/gazdasagportal.hu\/index.php\/wp-json\/wp\/v2\/types\/post"}],"author":[{"embeddable":true,"href":"https:\/\/gazdasagportal.hu\/index.php\/wp-json\/wp\/v2\/users\/1"}],"replies":[{"embeddable":true,"href":"https:\/\/gazdasagportal.hu\/index.php\/wp-json\/wp\/v2\/comments?post=78542"}],"version-history":[{"count":1,"href":"https:\/\/gazdasagportal.hu\/index.php\/wp-json\/wp\/v2\/posts\/78542\/revisions"}],"predecessor-version":[{"id":78543,"href":"https:\/\/gazdasagportal.hu\/index.php\/wp-json\/wp\/v2\/posts\/78542\/revisions\/78543"}],"wp:attachment":[{"href":"https:\/\/gazdasagportal.hu\/index.php\/wp-json\/wp\/v2\/media?parent=78542"}],"wp:term":[{"taxonomy":"category","embeddable":true,"href":"https:\/\/gazdasagportal.hu\/index.php\/wp-json\/wp\/v2\/categories?post=78542"},{"taxonomy":"post_tag","embeddable":true,"href":"https:\/\/gazdasagportal.hu\/index.php\/wp-json\/wp\/v2\/tags?post=78542"}],"curies":[{"name":"wp","href":"https:\/\/api.w.org\/{rel}","templated":true}]}}