{"id":78530,"date":"2016-04-30T04:26:13","date_gmt":"2016-04-30T02:26:13","guid":{"rendered":"http:\/\/gazdasagportal.hu\/?p=78530"},"modified":"2016-04-29T21:27:55","modified_gmt":"2016-04-29T19:27:55","slug":"utlezarasok-sokasaga-budapesten-a-nagy-futam-autos-es-legi-parade-idejen","status":"publish","type":"post","link":"https:\/\/gazdasagportal.hu\/index.php\/utlezarasok-sokasaga-budapesten-a-nagy-futam-autos-es-legi-parade-idejen\/","title":{"rendered":"Utlez\u00e1r\u00e1sok sokas\u00e1ga Budapesten a Nagy Futam aut\u00f3s \u00e9s l\u00e9gi par\u00e1d\u00e9 idej\u00e9n"},"content":{"rendered":"<p><strong>Jelent\u0151sen v\u00e1ltozik a felsz\u00edni k\u00f6z\u00f6ss\u00e9gi k\u00f6zleked\u00e9s menetrendje vas\u00e1rnap Budapesten a Nagy Futam aut\u00f3s \u00e9s l\u00e9gi par\u00e1d\u00e9 miatt.<\/strong><!--more--><\/p>\n<div class=\"ads-in-post1\"><div id=\"gazdasagportal.hu_fullbanner_wideboard\"><\/div>\r\n<\/div>\n<p>    A Budapesti K\u00f6zleked\u00e9si K\u00f6zpont (BKK) t\u00e1j\u00e9koztat\u00e1sa szerint lez\u00e1rj\u00e1k az Erzs\u00e9bet hidat, a L\u00e1nchidat, Pesten a Kossuth Lajos utc\u00e1t, valamint a Pesti als\u00f3 rakpart egy r\u00e9sz\u00e9t, Bud\u00e1n a Hegyalja \u00fat, a Budai als\u00f3 rakpart, az Attila \u00fat \u00e9s a Krisztina k\u00f6r\u00fat egy r\u00e9sz\u00e9t, a F\u0151 utc\u00e1t, valamint a Szent Gell\u00e9rt rakpartot. A lez\u00e1rt belv\u00e1rosi \u00fatvonalak elker\u00fcl\u00e9s\u00e9re a BKK a Nagyk\u00f6r\u00fat-Alkot\u00e1s utca, illetve a R\u00e1k\u00f3czi h\u00edd-K\u00f6nyves K\u00e1lm\u00e1n k\u00f6r\u00fat-Hung\u00e1ria k\u00f6r\u00fat-R\u00f3bert K\u00e1roly k\u00f6r\u00fat-\u00c1rp\u00e1d h\u00edd \u00fatvonalat aj\u00e1nlja.<br \/>\n    A lez\u00e1r\u00e1sok \u00e9s forgalomkorl\u00e1toz\u00e1sok miatt v\u00e1ltozik a D13-as haj\u00f3, a 2-es, a 19-es, a 41-es, \u00e9s az 56A villamos, valamint az 5-\u00f6s, a 7-es, a 107-es \u00e9s 133-as, a 8-as, a 16-os \u00e9s 16A, a 105-\u00f6s, a 110-es, a 112-es, \u00e9s a 178-as busz menetrendje.<\/p>\n","protected":false},"excerpt":{"rendered":"<p>Jelent\u0151sen v\u00e1ltozik a felsz\u00edni k\u00f6z\u00f6ss\u00e9gi k\u00f6zleked\u00e9s menetrendje vas\u00e1rnap Budapesten a Nagy Futam aut\u00f3s \u00e9s l\u00e9gi par\u00e1d\u00e9 miatt.<\/p>\n","protected":false},"author":1,"featured_media":0,"comment_status":"open","ping_status":"closed","sticky":false,"template":"","format":"standard","meta":[],"categories":[4],"tags":[],"_links":{"self":[{"href":"https:\/\/gazdasagportal.hu\/index.php\/wp-json\/wp\/v2\/posts\/78530"}],"collection":[{"href":"https:\/\/gazdasagportal.hu\/index.php\/wp-json\/wp\/v2\/posts"}],"about":[{"href":"https:\/\/gazdasagportal.hu\/index.php\/wp-json\/wp\/v2\/types\/post"}],"author":[{"embeddable":true,"href":"https:\/\/gazdasagportal.hu\/index.php\/wp-json\/wp\/v2\/users\/1"}],"replies":[{"embeddable":true,"href":"https:\/\/gazdasagportal.hu\/index.php\/wp-json\/wp\/v2\/comments?post=78530"}],"version-history":[{"count":1,"href":"https:\/\/gazdasagportal.hu\/index.php\/wp-json\/wp\/v2\/posts\/78530\/revisions"}],"predecessor-version":[{"id":78531,"href":"https:\/\/gazdasagportal.hu\/index.php\/wp-json\/wp\/v2\/posts\/78530\/revisions\/78531"}],"wp:attachment":[{"href":"https:\/\/gazdasagportal.hu\/index.php\/wp-json\/wp\/v2\/media?parent=78530"}],"wp:term":[{"taxonomy":"category","embeddable":true,"href":"https:\/\/gazdasagportal.hu\/index.php\/wp-json\/wp\/v2\/categories?post=78530"},{"taxonomy":"post_tag","embeddable":true,"href":"https:\/\/gazdasagportal.hu\/index.php\/wp-json\/wp\/v2\/tags?post=78530"}],"curies":[{"name":"wp","href":"https:\/\/api.w.org\/{rel}","templated":true}]}}