{"id":78522,"date":"2016-04-30T02:19:35","date_gmt":"2016-04-30T00:19:35","guid":{"rendered":"http:\/\/gazdasagportal.hu\/?p=78522"},"modified":"2016-04-29T21:21:36","modified_gmt":"2016-04-29T19:21:36","slug":"az-uber-szerint-munkahelyeket-tesz-tonkre-a-kormany-javaslata","status":"publish","type":"post","link":"https:\/\/gazdasagportal.hu\/index.php\/az-uber-szerint-munkahelyeket-tesz-tonkre-a-kormany-javaslata\/","title":{"rendered":"Az Uber szerint munkahelyeket tesz t\u00f6nkre a korm\u00e1ny javaslata"},"content":{"rendered":"<p><strong>Az Uber szerint munkahelyeket tesz t\u00f6nkre \u00e9s nem veszi figyelembe 150 ezer, t\u00f6bbs\u00e9g\u00e9ben fiatal felhaszn\u00e1l\u00f3 \u00e9rdekeit a korm\u00e1ny javaslata, amely az eddigin\u00e9l s\u00falyosabb szankci\u00f3kkal s\u00fajtan\u00e1 az enged\u00e9ly n\u00e9lk\u00fcl taxiz\u00f3kat.<\/strong><!--more--><\/p>\n<div class=\"ads-in-post1\"><div id=\"gazdasagportal.hu_fullbanner_wideboard\"><\/div>\r\n<\/div>\n<p>    Fekete Zolt\u00e1n, az Uber magyarorsz\u00e1gi vezet\u0151je F\u00f3nagy J\u00e1nos, a Nemzeti Fejleszt\u00e9si Miniszt\u00e9rium (NFM) parlamenti \u00e1llamtitk\u00e1ra p\u00e9nteki nyilatkozat\u00e1ra reag\u00e1lt MTI-hez eljuttatott k\u00f6zlem\u00e9ny\u00e9ben.<br \/>\n    Magyarorsz\u00e1gon 1200 aut\u00f3s partner haszn\u00e1lja az Uber platformj\u00e1t, aki rendelkezik szem\u00e9lysz\u00e1ll\u00edt\u00f3i enged\u00e9llyel, befizeti az ad\u00f3kat, \u00e9s minden egyes utat k\u00f6vet\u0151en sz\u00e1ml\u00e1t ad az utasnak &#8211; \u00e1ll az Uber k\u00f6zlem\u00e9ny\u00e9ben.<br \/>\n    A sajt\u00f3ban megjelent h\u00edrek alapj\u00e1n \u00fagy l\u00e1tj\u00e1k, hogy a korm\u00e1ny tervei alkotm\u00e1nyellenesek, \u00e9s s\u00e9rtik az uni\u00f3s jogot is, emiatt min\u00e9l el\u0151bb szeretn\u00e9k megismerni a tervezett v\u00e1ltoz\u00e1sok pontos r\u00e9szleteit.<br \/>\n    Addig is az Uber folytatja m\u0171k\u00f6d\u00e9s\u00e9t Budapesten, \u00e9s v\u00e1ltozatlanul ki\u00e1ll minden egyes aut\u00f3s partnere mellett &#8211; sz\u00f6gezte le Fekete Zolt\u00e1n.<br \/>\n    A F\u00f3nagy J\u00e1nos \u00e1ltal ismertetett javaslatok k\u00f6z\u00f6tt van, hogy h\u00e1rom \u00e9vre is levehetn\u00e9k a rendsz\u00e1m\u00e1t annak, akit ism\u00e9telten tiltott taxiz\u00e1son kapnak.<br \/>\n    A tervezett v\u00e1ltoz\u00e1sokkal azok a sof\u0151r\u00f6k is szankcion\u00e1lhat\u00f3v\u00e1 v\u00e1lnak, akik szem\u00e9lyg\u00e9pkocsi szem\u00e9lysz\u00e1ll\u00edt\u00f3 enged\u00e9ly kiv\u00e1lt\u00e1s\u00e1val pr\u00f3b\u00e1lj\u00e1k legaliz\u00e1lni tev\u00e9kenys\u00e9g\u00fcket.<br \/>\n    Az Orsz\u00e1ggy\u0171l\u00e9s a javaslat elfogad\u00e1sa eset\u00e9n felhatalmaz\u00e1st adhat a szakhat\u00f3s\u00e1goknak a b\u00edrs\u00e1g ellen\u00e9re ism\u00e9telten enged\u00e9ly n\u00e9lk\u00fcl v\u00e9gzett diszp\u00e9csertev\u00e9kenys\u00e9g korl\u00e1toz\u00e1sa \u00e9rdek\u00e9ben a k\u00f6vetelm\u00e9nyeknek nem megfelel\u0151 szolg\u00e1ltat\u00e1st biztos\u00edt\u00f3, vagy azt n\u00e9pszer\u0171s\u00edt\u0151 elektronikus adat ideiglenes hozz\u00e1f\u00e9rhetetlenn\u00e9 t\u00e9tel\u00e9re. A honlapok, alkalmaz\u00e1sok blokkol\u00e1sa 365 napra sz\u00f3lhat.<br \/>\n    A t\u00f6rv\u00e9nyjavaslatot h\u00e9tf\u0151n ny\u00fajtj\u00e1k be a parlamentnek, amelyet a k\u00e9pvisel\u0151k h\u00e1rom h\u00e9t, egy h\u00f3nap alatt elfogadhatnak.(MTI)<\/p>\n","protected":false},"excerpt":{"rendered":"<p>Az Uber szerint munkahelyeket tesz t\u00f6nkre \u00e9s nem veszi figyelembe 150 ezer, t\u00f6bbs\u00e9g\u00e9ben fiatal felhaszn\u00e1l\u00f3 \u00e9rdekeit a korm\u00e1ny javaslata, amely az eddigin\u00e9l s\u00falyosabb szankci\u00f3kkal s\u00fajtan\u00e1 az enged\u00e9ly n\u00e9lk\u00fcl taxiz\u00f3kat.<\/p>\n","protected":false},"author":1,"featured_media":0,"comment_status":"open","ping_status":"closed","sticky":false,"template":"","format":"standard","meta":[],"categories":[4,19],"tags":[],"_links":{"self":[{"href":"https:\/\/gazdasagportal.hu\/index.php\/wp-json\/wp\/v2\/posts\/78522"}],"collection":[{"href":"https:\/\/gazdasagportal.hu\/index.php\/wp-json\/wp\/v2\/posts"}],"about":[{"href":"https:\/\/gazdasagportal.hu\/index.php\/wp-json\/wp\/v2\/types\/post"}],"author":[{"embeddable":true,"href":"https:\/\/gazdasagportal.hu\/index.php\/wp-json\/wp\/v2\/users\/1"}],"replies":[{"embeddable":true,"href":"https:\/\/gazdasagportal.hu\/index.php\/wp-json\/wp\/v2\/comments?post=78522"}],"version-history":[{"count":1,"href":"https:\/\/gazdasagportal.hu\/index.php\/wp-json\/wp\/v2\/posts\/78522\/revisions"}],"predecessor-version":[{"id":78524,"href":"https:\/\/gazdasagportal.hu\/index.php\/wp-json\/wp\/v2\/posts\/78522\/revisions\/78524"}],"wp:attachment":[{"href":"https:\/\/gazdasagportal.hu\/index.php\/wp-json\/wp\/v2\/media?parent=78522"}],"wp:term":[{"taxonomy":"category","embeddable":true,"href":"https:\/\/gazdasagportal.hu\/index.php\/wp-json\/wp\/v2\/categories?post=78522"},{"taxonomy":"post_tag","embeddable":true,"href":"https:\/\/gazdasagportal.hu\/index.php\/wp-json\/wp\/v2\/tags?post=78522"}],"curies":[{"name":"wp","href":"https:\/\/api.w.org\/{rel}","templated":true}]}}