{"id":78520,"date":"2016-04-30T04:44:19","date_gmt":"2016-04-30T02:44:19","guid":{"rendered":"http:\/\/gazdasagportal.hu\/?p=78520"},"modified":"2016-05-01T08:14:32","modified_gmt":"2016-05-01T06:14:32","slug":"az-ev-vegeig-legyozheto-az-iszlam-allam","status":"publish","type":"post","link":"https:\/\/gazdasagportal.hu\/index.php\/az-ev-vegeig-legyozheto-az-iszlam-allam\/","title":{"rendered":"Az \u00e9v v\u00e9g\u00e9ig legy\u0151zhet\u0151 az Iszl\u00e1m \u00c1llam"},"content":{"rendered":"<p><strong>\u00c9v v\u00e9g\u00e9ig nagyj\u00e1b\u00f3l legy\u0151zhet\u0151 az Iszl\u00e1m \u00c1llam, ha komolyan veszik &#8211; v\u00e9lekedett Gyarmati Istv\u00e1n biztons\u00e1gpolitikai szak\u00e9rt\u0151 az M1 aktu\u00e1lis csatorna p\u00e9ntek esti m\u0171sor\u00e1ban.<\/strong><!--more--><\/p>\n<div class=\"ads-in-post1\"><div id=\"gazdasagportal.hu_fullbanner_wideboard\"><\/div>\r\n<\/div>\n<p>    A szak\u00e9rt\u0151 szerint ezt a c\u00e9lt Oroszorsz\u00e1g \u00e9s Ir\u00e1n is hajland\u00f3 t\u00e1mogatni, \u00e1m az Iszl\u00e1m \u00c1llam ut\u00e1n Sz\u00edria \u00e9s Irak probl\u00e9m\u00e1ja is megold\u00e1sra v\u00e1r, ami nem kisebb probl\u00e9ma, mint az Iszl\u00e1m \u00c1llam maga, a nemzetk\u00f6zi \u00f6sszefog\u00e1s viszont nehezebben teremthet\u0151 meg hozz\u00e1.<br \/>\n    <a href=\"https:\/\/gazdasagportal.hu\/wp-content\/uploads\/2015\/12\/iszlamallam.jpg\"><img decoding=\"async\" loading=\"lazy\" src=\"https:\/\/gazdasagportal.hu\/wp-content\/uploads\/2015\/12\/iszlamallam-300x168.jpg\" alt=\"iszlamallam\" width=\"300\" height=\"168\" class=\"alignleft size-medium wp-image-71471\" srcset=\"https:\/\/gazdasagportal.hu\/wp-content\/uploads\/2015\/12\/iszlamallam-300x168.jpg 300w, https:\/\/gazdasagportal.hu\/wp-content\/uploads\/2015\/12\/iszlamallam.jpg 1000w\" sizes=\"(max-width: 300px) 100vw, 300px\" \/><\/a>Gyarmati Istv\u00e1n besz\u00e9lt arr\u00f3l is, hogy T\u00f6r\u00f6korsz\u00e1g t\u00f6rt\u00e9nelmi l\u00e9pt\u00e9kben viszonylag hamar megkaphatja az EU-t\u00f3l a v\u00edzummentess\u00e9get. Sokan f\u00e9lnek t\u0151le, de azt kell m\u00e9rlegelni, hogy a migr\u00e1nsk\u00e9rd\u00e9s megold\u00e1s\u00e1ban mennyire van sz\u00fcks\u00e9ge az uni\u00f3nak T\u00f6r\u00f6korsz\u00e1gra.<br \/>\n    A szakember szerint nem lesz el\u00e9g a T\u00f6r\u00f6korsz\u00e1gnak eddig \u00edg\u00e9rt t\u00f6bb milli\u00e1rd eur\u00f3 a migr\u00e1nsok humanit\u00e1rius katasztr\u00f3f\u00e1j\u00e1nak megel\u0151z\u00e9s\u00e9re. Nyilv\u00e1nval\u00f3an \u00fajabb \u00e9s \u00fajabb t\u00e1mogat\u00e1sokra lesz sz\u00fcks\u00e9ge T\u00f6r\u00f6korsz\u00e1gnak, mert nagy probl\u00e9m\u00e1r\u00f3l van sz\u00f3, nagy teher nehezedik az orsz\u00e1gra.(MTI)<\/p>\n","protected":false},"excerpt":{"rendered":"<p>\u00c9v v\u00e9g\u00e9ig nagyj\u00e1b\u00f3l legy\u0151zhet\u0151 az Iszl\u00e1m \u00c1llam, ha komolyan veszik &#8211; v\u00e9lekedett Gyarmati Istv\u00e1n biztons\u00e1gpolitikai szak\u00e9rt\u0151 az M1 aktu\u00e1lis csatorna p\u00e9ntek esti m\u0171sor\u00e1ban.<\/p>\n","protected":false},"author":1,"featured_media":71471,"comment_status":"open","ping_status":"closed","sticky":false,"template":"","format":"standard","meta":[],"categories":[403,146,301,4,16],"tags":[],"_links":{"self":[{"href":"https:\/\/gazdasagportal.hu\/index.php\/wp-json\/wp\/v2\/posts\/78520"}],"collection":[{"href":"https:\/\/gazdasagportal.hu\/index.php\/wp-json\/wp\/v2\/posts"}],"about":[{"href":"https:\/\/gazdasagportal.hu\/index.php\/wp-json\/wp\/v2\/types\/post"}],"author":[{"embeddable":true,"href":"https:\/\/gazdasagportal.hu\/index.php\/wp-json\/wp\/v2\/users\/1"}],"replies":[{"embeddable":true,"href":"https:\/\/gazdasagportal.hu\/index.php\/wp-json\/wp\/v2\/comments?post=78520"}],"version-history":[{"count":3,"href":"https:\/\/gazdasagportal.hu\/index.php\/wp-json\/wp\/v2\/posts\/78520\/revisions"}],"predecessor-version":[{"id":78585,"href":"https:\/\/gazdasagportal.hu\/index.php\/wp-json\/wp\/v2\/posts\/78520\/revisions\/78585"}],"wp:featuredmedia":[{"embeddable":true,"href":"https:\/\/gazdasagportal.hu\/index.php\/wp-json\/wp\/v2\/media\/71471"}],"wp:attachment":[{"href":"https:\/\/gazdasagportal.hu\/index.php\/wp-json\/wp\/v2\/media?parent=78520"}],"wp:term":[{"taxonomy":"category","embeddable":true,"href":"https:\/\/gazdasagportal.hu\/index.php\/wp-json\/wp\/v2\/categories?post=78520"},{"taxonomy":"post_tag","embeddable":true,"href":"https:\/\/gazdasagportal.hu\/index.php\/wp-json\/wp\/v2\/tags?post=78520"}],"curies":[{"name":"wp","href":"https:\/\/api.w.org\/{rel}","templated":true}]}}