{"id":78516,"date":"2016-04-29T18:07:53","date_gmt":"2016-04-29T16:07:53","guid":{"rendered":"http:\/\/gazdasagportal.hu\/?p=78516"},"modified":"2016-04-29T21:28:51","modified_gmt":"2016-04-29T19:28:51","slug":"oroszorszag-fokonzulatusat-aknaveto-tamadas-erte-a-sziriai-aleppo-varosaban","status":"publish","type":"post","link":"https:\/\/gazdasagportal.hu\/index.php\/oroszorszag-fokonzulatusat-aknaveto-tamadas-erte-a-sziriai-aleppo-varosaban\/","title":{"rendered":"Oroszorsz\u00e1g f\u0151konzul\u00e1tus\u00e1t aknavet\u0151 t\u00e1mad\u00e1s \u00e9rte a sz\u00edriai Alepp\u00f3 v\u00e1ros\u00e1ban"},"content":{"rendered":"<p><strong>Aknavet\u0151-t\u00e1mad\u00e1s \u00e9rte cs\u00fct\u00f6rt\u00f6k\u00f6n Oroszorsz\u00e1g f\u0151konzul\u00e1tus\u00e1t a sz\u00edriai Alepp\u00f3 v\u00e1ros\u00e1ban &#8211; k\u00f6z\u00f6lte p\u00e9nteken az orosz k\u00fcl\u00fcgyminiszt\u00e9rium. Az incidensnek nincsenek halottjai, s\u00e9r\u00fcltjei.<\/strong><!--more--><\/p>\n<div class=\"ads-in-post1\"><div id=\"gazdasagportal.hu_fullbanner_wideboard\"><\/div>\r\n<\/div>\n    A moszkvai hivatalos t\u00e1j\u00e9koztat\u00e1s szerint a f\u0151konzul\u00e1tus ter\u00fclet\u00e9re egy akna hullott, tov\u00e1bbi h\u00e1rom pedig a ker\u00edt\u00e9sen k\u00edv\u00fcl robbant fel. Az anyagi k\u00e1r felm\u00e9r\u00e9se folyamatban van.<br \/>\n    Az orosz diplom\u00e1ciai t\u00e1rca t\u00e1j\u00e9koztat\u00e1sa szerint az alepp\u00f3i f\u0151konzul\u00e1tus tev\u00e9kenys\u00e9g\u00e9t 2013-ban biztons\u00e1gi megfontol\u00e1sokb\u00f3l felf\u00fcggesztett\u00e9k, a munkat\u00e1rsak egy r\u00e9sz\u00e9t evaku\u00e1lt\u00e1k, egy m\u00e1sik r\u00e9sz\u00e9t pedig Damaszkuszba ir\u00e1ny\u00edtott\u00e1k \u00e1t. A k\u00e9pviseletre jelenleg sz\u00edriai \u00e1llampolg\u00e1rs\u00e1g\u00fa m\u0171szaki szem\u00e9lyzet fel\u00fcgyel.<br \/>\n    Az orosz diplom\u00e1cia t\u00e1rca hat\u00e1rozottan el\u00edt\u00e9lte a terrort\u00e1mad\u00e1st, amelyet \u00e9rtes\u00fcl\u00e9sei szerint az an-N\u00faszra Front \u00e9s a vele sz\u00f6vets\u00e9ges szervezetek hajtottak v\u00e9gre. A k\u00fcl\u00fcgyminiszt\u00e9rium sz\u00e1nd\u00e9kosnak min\u0151s\u00edtette az incidenst, \u00e9s rendk\u00edv\u00fcl fontosnak nevezte az ilyen akci\u00f3k visszaszor\u00edt\u00e1s\u00e1t, valamint a febru\u00e1r 22-\u00e9n meghirdetett t\u0171zsz\u00fcnet betart\u00e1s\u00e1t k\u00f6zvetlen\u00fcl fel\u00fcgyel\u0151 Sz\u00edri\u00e1t T\u00e1mogat\u00f3 Nemzetk\u00f6zi Csoport k\u00e9t t\u00e1rseln\u00f6ke, Oroszorsz\u00e1g \u00e9s az Egyes\u00fclt \u00c1llamok k\u00f6z\u00f6tti koordin\u00e1ci\u00f3 er\u0151s\u00edt\u00e9s\u00e9t.<br \/>\n    A k\u00fcl\u00fcgyminiszt\u00e9rium felh\u00edv\u00e1st int\u00e9zett a t\u00e1mogat\u00f3 csoport minden tagj\u00e1hoz, hogy tegyenek meg mindent, amit tudnak a t\u0171zsz\u00fcnet tiszteletben tart\u00e1sa \u00e9rdek\u00e9ben, \u00e9s annak r\u00e9szesei minden \u00e9rtelemben, \u00edgy f\u00f6ldrajzilag is hat\u00e1rol\u00f3djanak el a terrorist\u00e1kt\u00f3l.(MTI)<\/p>\n","protected":false},"excerpt":{"rendered":"<p>Aknavet\u0151-t\u00e1mad\u00e1s \u00e9rte cs\u00fct\u00f6rt\u00f6k\u00f6n Oroszorsz\u00e1g f\u0151konzul\u00e1tus\u00e1t a sz\u00edriai Alepp\u00f3 v\u00e1ros\u00e1ban &#8211; k\u00f6z\u00f6lte p\u00e9nteken az orosz k\u00fcl\u00fcgyminiszt\u00e9rium. Az incidensnek nincsenek halottjai, s\u00e9r\u00fcltjei.<\/p>\n","protected":false},"author":1,"featured_media":0,"comment_status":"open","ping_status":"closed","sticky":false,"template":"","format":"standard","meta":[],"categories":[16],"tags":[],"_links":{"self":[{"href":"https:\/\/gazdasagportal.hu\/index.php\/wp-json\/wp\/v2\/posts\/78516"}],"collection":[{"href":"https:\/\/gazdasagportal.hu\/index.php\/wp-json\/wp\/v2\/posts"}],"about":[{"href":"https:\/\/gazdasagportal.hu\/index.php\/wp-json\/wp\/v2\/types\/post"}],"author":[{"embeddable":true,"href":"https:\/\/gazdasagportal.hu\/index.php\/wp-json\/wp\/v2\/users\/1"}],"replies":[{"embeddable":true,"href":"https:\/\/gazdasagportal.hu\/index.php\/wp-json\/wp\/v2\/comments?post=78516"}],"version-history":[{"count":2,"href":"https:\/\/gazdasagportal.hu\/index.php\/wp-json\/wp\/v2\/posts\/78516\/revisions"}],"predecessor-version":[{"id":78532,"href":"https:\/\/gazdasagportal.hu\/index.php\/wp-json\/wp\/v2\/posts\/78516\/revisions\/78532"}],"wp:attachment":[{"href":"https:\/\/gazdasagportal.hu\/index.php\/wp-json\/wp\/v2\/media?parent=78516"}],"wp:term":[{"taxonomy":"category","embeddable":true,"href":"https:\/\/gazdasagportal.hu\/index.php\/wp-json\/wp\/v2\/categories?post=78516"},{"taxonomy":"post_tag","embeddable":true,"href":"https:\/\/gazdasagportal.hu\/index.php\/wp-json\/wp\/v2\/tags?post=78516"}],"curies":[{"name":"wp","href":"https:\/\/api.w.org\/{rel}","templated":true}]}}