{"id":78190,"date":"2016-04-25T14:54:14","date_gmt":"2016-04-25T12:54:14","guid":{"rendered":"http:\/\/gazdasagportal.hu\/?p=78190"},"modified":"2016-04-25T14:54:14","modified_gmt":"2016-04-25T12:54:14","slug":"foldrengest-eszleltek-becs-kozeleben","status":"publish","type":"post","link":"https:\/\/gazdasagportal.hu\/index.php\/foldrengest-eszleltek-becs-kozeleben\/","title":{"rendered":"F\u00f6ldreng\u00e9st \u00e9szleltek B\u00e9cs k\u00f6zel\u00e9ben"},"content":{"rendered":"<p>Kisebb f\u00f6ldreng\u00e9st \u00e9szleltek az als\u00f3-ausztriai Allandn\u00e1l \u00e9s B\u00e9cs k\u00f6zel\u00e9ben h\u00e9tf\u0151 d\u00e9lben &#8211; k\u00f6z\u00f6lte az Osztr\u00e1k Meteorol\u00f3giai Szolg\u00e1lat (ZAMG).<!--more--><\/p>\n<div class=\"ads-in-post1\"><div id=\"gazdasagportal.hu_fullbanner_wideboard\"><\/div>\r\n<\/div>\n<p>    A Richter-sk\u00e1la szerinti 4,1-es er\u0151ss\u00e9g\u0171 f\u00f6ldmozg\u00e1st az als\u00f3-ausztriai Hollabrunn, Melk \u00e9s Semmering telep\u00fcl\u00e9sekn\u00e9l \u00e9s az osztr\u00e1k f\u0151v\u00e1ros egyes r\u00e9szein is \u00e9rezni lehetett.<br \/>\n    A reng\u00e9s epicentruma a B\u00e9cst\u0151l h\u00fasz kilom\u00e9terre d\u00e9lkeletre tal\u00e1lhat\u00f3 als\u00f3-ausztriai Alland telep\u00fcl\u00e9sn\u00e9l volt. F\u00f6ldmozg\u00e1sr\u00f3l \u00e9rkezett n\u00e9h\u00e1ny tov\u00e1bbi bejelent\u00e9s Fels\u0151-Ausztria \u00e9s Burgenland tartom\u00e1nyokb\u00f3l is.<br \/>\n    Az int\u00e9zet k\u00f6zl\u00e9se szerint a vas\u00e1rnap virrad\u00f3ra az als\u00f3-ausztriai Baden telep\u00fcl\u00e9sn\u00e9l \u00e9szlelt 0,8 \u00e9s 1,7 k\u00f6z\u00f6tti er\u0151ss\u00e9g\u0171 f\u00f6ldmozg\u00e1s m\u00e1r el\u0151reng\u00e9sek lehettek.<br \/>\n    Az als\u00f3-ausztriai \u00e9s a b\u00e9csi t\u0171zolt\u00f3s\u00e1g sz\u00e1mos agg\u00f3d\u00f3 lakoss\u00e1gi telefonh\u00edv\u00e1st kapott, azonban k\u00e1resetet nem jelentettek. A meteorol\u00f3giai szolg\u00e1lat szerint kisebb \u00e9p\u00fcletk\u00e1rok el\u0151fordulhatnak.<br \/>\n    Ausztri\u00e1ban nem jellemz\u0151 az er\u0151s f\u00f6ldmozg\u00e1s; 1972-ben Als\u00f3-Ausztri\u00e1ban jegyeztek fel egy 5,3-es er\u0151ss\u00e9g\u0171 f\u00f6ldmozg\u00e1st.(MTI)<\/p>\n","protected":false},"excerpt":{"rendered":"<p>Kisebb f\u00f6ldreng\u00e9st \u00e9szleltek az als\u00f3-ausztriai Allandn\u00e1l \u00e9s B\u00e9cs k\u00f6zel\u00e9ben h\u00e9tf\u0151 d\u00e9lben &#8211; k\u00f6z\u00f6lte az Osztr\u00e1k Meteorol\u00f3giai Szolg\u00e1lat (ZAMG).<\/p>\n","protected":false},"author":1,"featured_media":0,"comment_status":"open","ping_status":"closed","sticky":false,"template":"","format":"standard","meta":[],"categories":[12],"tags":[],"_links":{"self":[{"href":"https:\/\/gazdasagportal.hu\/index.php\/wp-json\/wp\/v2\/posts\/78190"}],"collection":[{"href":"https:\/\/gazdasagportal.hu\/index.php\/wp-json\/wp\/v2\/posts"}],"about":[{"href":"https:\/\/gazdasagportal.hu\/index.php\/wp-json\/wp\/v2\/types\/post"}],"author":[{"embeddable":true,"href":"https:\/\/gazdasagportal.hu\/index.php\/wp-json\/wp\/v2\/users\/1"}],"replies":[{"embeddable":true,"href":"https:\/\/gazdasagportal.hu\/index.php\/wp-json\/wp\/v2\/comments?post=78190"}],"version-history":[{"count":1,"href":"https:\/\/gazdasagportal.hu\/index.php\/wp-json\/wp\/v2\/posts\/78190\/revisions"}],"predecessor-version":[{"id":78191,"href":"https:\/\/gazdasagportal.hu\/index.php\/wp-json\/wp\/v2\/posts\/78190\/revisions\/78191"}],"wp:attachment":[{"href":"https:\/\/gazdasagportal.hu\/index.php\/wp-json\/wp\/v2\/media?parent=78190"}],"wp:term":[{"taxonomy":"category","embeddable":true,"href":"https:\/\/gazdasagportal.hu\/index.php\/wp-json\/wp\/v2\/categories?post=78190"},{"taxonomy":"post_tag","embeddable":true,"href":"https:\/\/gazdasagportal.hu\/index.php\/wp-json\/wp\/v2\/tags?post=78190"}],"curies":[{"name":"wp","href":"https:\/\/api.w.org\/{rel}","templated":true}]}}