{"id":78182,"date":"2016-04-25T10:45:03","date_gmt":"2016-04-25T08:45:03","guid":{"rendered":"http:\/\/gazdasagportal.hu\/?p=78182"},"modified":"2016-04-25T10:15:47","modified_gmt":"2016-04-25T08:15:47","slug":"foldrenges-volt-zalaban","status":"publish","type":"post","link":"https:\/\/gazdasagportal.hu\/index.php\/foldrenges-volt-zalaban\/","title":{"rendered":"F\u00f6ldreng\u00e9s volt Zal\u00e1ban"},"content":{"rendered":"<p><strong>Kisebb f\u00f6ldreng\u00e9s volt h\u00e9tf\u0151 reggel Zala megy\u00e9ben, a Nagykanizs\u00e1hoz k\u00f6zeli Sand t\u00e9rs\u00e9g\u00e9ben, de k\u00e1rok nem keletkeztek &#8211; k\u00f6z\u00f6lte az MTA Csillag\u00e1szati \u00e9s F\u00f6ldtudom\u00e1nyi Kutat\u00f3k\u00f6zpont Geod\u00e9ziai \u00e9s Geofizikai Int\u00e9zet K\u00f6vesligethy Rad\u00f3 Szeizmol\u00f3giai Obszervat\u00f3riuma.<\/strong><!--more--><\/p>\n<div class=\"ads-in-post1\"><div id=\"gazdasagportal.hu_fullbanner_wideboard\"><\/div>\r\n<\/div>\n<p>    A k\u00f6zlem\u00e9ny szerint a h\u00e9t kilom\u00e9teres m\u00e9lys\u00e9gben 7 \u00f3ra 54 perckor bek\u00f6vetkezett f\u00f6ldreng\u00e9s ereje a Richter-sk\u00e1la szerint 2,8-as er\u0151ss\u00e9g\u0171 volt.<br \/>\n    Csereszny\u00e9s D\u00e1niel, a Zala Megyei Katasztr\u00f3fav\u00e9delmi Igazgat\u00f3s\u00e1g sz\u00f3viv\u0151je az MTI \u00e9rdekl\u0151d\u00e9s\u00e9re azt mondta: k\u00e1rok nem keletkeztek, egyetlen bejelent\u00e9s sem \u00e9rkezett a f\u00f6ldreng\u00e9st k\u00f6vet\u0151en.<br \/>\n    H\u00e1bli N\u00e1ndor, Sand (f\u00fcggetlen) polg\u00e1rmestere az MTI megkeres\u00e9s\u00e9re k\u00f6z\u00f6lte: a telep\u00fcl\u00e9sen a legt\u00f6bben nem is \u00e9rz\u00e9kelt\u00e9k a reng\u00e9st.<br \/>\n    Hozz\u00e1tette, hogy a polg\u00e1rmesteri hivatalban bent l\u00e9v\u0151 dolgoz\u00f3k sem nagyon vett\u00e9k \u00e9szre a t\u00f6rt\u00e9nteket. Volt, aki egy m\u00e9lyr\u0151l j\u00f6v\u0151 d\u00fcb\u00f6rg\u00e9st \u00e9rz\u00e9kelt, de ez is tal\u00e1n csak n\u00e9h\u00e1ny m\u00e1sodpercig tartott, m\u00e1st nem tapasztaltak, \u00e9s a telep\u00fcl\u00e9s lak\u00f3i k\u00f6z\u00fcl sem jelzett senki k\u00e1rokat.(MTI)<\/p>\n","protected":false},"excerpt":{"rendered":"<p>Kisebb f\u00f6ldreng\u00e9s volt h\u00e9tf\u0151 reggel Zala megy\u00e9ben, a Nagykanizs\u00e1hoz k\u00f6zeli Sand t\u00e9rs\u00e9g\u00e9ben, de k\u00e1rok nem keletkeztek &#8211; k\u00f6z\u00f6lte az MTA Csillag\u00e1szati \u00e9s F\u00f6ldtudom\u00e1nyi Kutat\u00f3k\u00f6zpont Geod\u00e9ziai \u00e9s Geofizikai Int\u00e9zet K\u00f6vesligethy Rad\u00f3 Szeizmol\u00f3giai Obszervat\u00f3riuma.<\/p>\n","protected":false},"author":1,"featured_media":0,"comment_status":"open","ping_status":"closed","sticky":false,"template":"","format":"standard","meta":[],"categories":[4],"tags":[],"_links":{"self":[{"href":"https:\/\/gazdasagportal.hu\/index.php\/wp-json\/wp\/v2\/posts\/78182"}],"collection":[{"href":"https:\/\/gazdasagportal.hu\/index.php\/wp-json\/wp\/v2\/posts"}],"about":[{"href":"https:\/\/gazdasagportal.hu\/index.php\/wp-json\/wp\/v2\/types\/post"}],"author":[{"embeddable":true,"href":"https:\/\/gazdasagportal.hu\/index.php\/wp-json\/wp\/v2\/users\/1"}],"replies":[{"embeddable":true,"href":"https:\/\/gazdasagportal.hu\/index.php\/wp-json\/wp\/v2\/comments?post=78182"}],"version-history":[{"count":1,"href":"https:\/\/gazdasagportal.hu\/index.php\/wp-json\/wp\/v2\/posts\/78182\/revisions"}],"predecessor-version":[{"id":78183,"href":"https:\/\/gazdasagportal.hu\/index.php\/wp-json\/wp\/v2\/posts\/78182\/revisions\/78183"}],"wp:attachment":[{"href":"https:\/\/gazdasagportal.hu\/index.php\/wp-json\/wp\/v2\/media?parent=78182"}],"wp:term":[{"taxonomy":"category","embeddable":true,"href":"https:\/\/gazdasagportal.hu\/index.php\/wp-json\/wp\/v2\/categories?post=78182"},{"taxonomy":"post_tag","embeddable":true,"href":"https:\/\/gazdasagportal.hu\/index.php\/wp-json\/wp\/v2\/tags?post=78182"}],"curies":[{"name":"wp","href":"https:\/\/api.w.org\/{rel}","templated":true}]}}