{"id":78178,"date":"2016-04-25T14:40:31","date_gmt":"2016-04-25T12:40:31","guid":{"rendered":"http:\/\/gazdasagportal.hu\/?p=78178"},"modified":"2016-04-25T10:01:27","modified_gmt":"2016-04-25T08:01:27","slug":"gki-harmadik-honapja-csokken-a-gki-konjunkturaindex","status":"publish","type":"post","link":"https:\/\/gazdasagportal.hu\/index.php\/gki-harmadik-honapja-csokken-a-gki-konjunkturaindex\/","title":{"rendered":"GKI: harmadik h\u00f3napja cs\u00f6kken a GKI konjunkt\u00faraindex"},"content":{"rendered":"<p><strong>Harmadik h\u00f3napja cs\u00f6kken a GKI konjunkt\u00faraindex szezon\u00e1lis hat\u00e1sokt\u00f3l megtiszt\u00edtott \u00e9rt\u00e9ke, \u00e1prilisban az \u00fczleti v\u00e1rakoz\u00e1sok romlottak, a fogyaszt\u00f3iak kiss\u00e9 javultak, de ez ut\u00f3bbiak \u00edgy sem \u00e9rt\u00e9k el a febru\u00e1ri szintet &#8211; der\u00fcl ki a GKI Gazdas\u00e1gkutat\u00f3 Zrt. felm\u00e9r\u00e9s\u00e9b\u0151l, amelyet az Eur\u00f3pai Uni\u00f3 t\u00e1mogat\u00e1s\u00e1val k\u00e9sz\u00edtett.<\/strong><!--more--><\/p>\n<div class=\"ads-in-post1\"><div id=\"gazdasagportal.hu_fullbanner_wideboard\"><\/div>\r\n<\/div>\n<p>    \u00c1prilisban a janu\u00e1ri, igen magas szinthez k\u00e9pest minden \u00e1gazatban \u00e9s a fogyaszt\u00f3k k\u00f6r\u00e9ben is valamivel kisebb lett a gazdas\u00e1gi bizalom.<br \/>\n    A konjunkt\u00faraindex a m\u00e1rciusi m\u00ednusz 2,8 pontr\u00f3l m\u00ednusz 3,9 pontra romlott, az \u00fczleti bizalmi index 4,6 pontr\u00f3l 2,2 pontra cs\u00f6kkent, a fogyaszt\u00f3i bizalmi index pedig m\u00ednusz 23,8 pontr\u00f3l m\u00ednusz 21,1 pontra javult \u00e1prilisban.<br \/>\n    \u00c1prilisban az \u00fczleti v\u00e1rakoz\u00e1sok a kereskedelem kiv\u00e9tel\u00e9vel minden \u00e1gazatban \u00e9rezhet\u0151en kedvez\u0151tlenebbek lettek. Az ipari bizalmi index nagyj\u00e1b\u00f3l egy \u00e9ve volt ilyen alacsony. Gyeng\u00e9bb lett az elm\u00falt id\u0151szak termel\u00e9s\u00e9nek, a rendel\u00e9s\u00e1llom\u00e1nynak &#8211; ezen bel\u00fcl az exportrendel\u00e9snek &#8211; valamint a kil\u00e1t\u00e1soknak a meg\u00edt\u00e9l\u00e9se is. A k\u00e9szletekr\u0151l alkotott v\u00e9lem\u00e9ny nem v\u00e1ltozott. A v\u00e1laszol\u00f3k szerint a szerz\u0151d\u00e9ssel lefedett id\u0151szak kiss\u00e9 r\u00f6videbb, az \u00faj megrendel\u00e9sek nagys\u00e1ga kisebb volt a janu\u00e1rin\u00e1l.<br \/>\n    Az \u00e9p\u00edt\u0151ipari bizalmi index \u00e1prilisban visszaesett a febru\u00e1ri szintre. Az el\u0151z\u0151 h\u00e1romhavi termel\u00e9s meg\u00edt\u00e9l\u00e9se enyh\u00e9n romlott, a rendel\u00e9s\u00e1llom\u00e1ny\u00e9 hibahat\u00e1ron bel\u00fcl javult.<br \/>\n    A kereskedelmi bizalmi index \u00e1prilisban kiss\u00e9 emelkedett, de szintje \u00edgy is elmaradt a febru\u00e1rit\u00f3l, \u00edgy tov\u00e1bbra is bennmaradt az elm\u00falt, imm\u00e1r t\u00f6bb mint k\u00e9t \u00e9vet jellemz\u0151 viszonylag keskeny s\u00e1vban. Az elad\u00e1si poz\u00edci\u00f3 meg\u00edt\u00e9l\u00e9se kiss\u00e9 romlott, m\u00edg k\u00e9szletszintet \u00e9s a rendel\u00e9sek v\u00e1rhat\u00f3 alakul\u00e1s\u00e1t kism\u00e9rt\u00e9k\u0171 javul\u00e1s jellemezte.<br \/>\n    A szolg\u00e1ltat\u00f3i bizalmi index \u00e1prilisban imm\u00e1r harmadik h\u00f3napja cs\u00f6kkent, s visszat\u00e9rt a tavaly \u00e9v v\u00e9gi szintre. F\u0151leg az \u00e1ltal\u00e1nos \u00fczletmenet meg\u00edt\u00e9l\u00e9se romlott, a forgalmi v\u00e1rakoz\u00e1s kiss\u00e9 kedvez\u0151bb lett.<br \/>\n    Az elemz\u00e9s szerint a foglakoztat\u00e1si hajland\u00f3s\u00e1g az iparban er\u0151s\u00f6d\u00f6tt, az \u00e9p\u00edt\u0151iparban hat\u00e1rozottan, a szolg\u00e1ltat\u00f3 \u00e9s kereskedelemi c\u00e9gekn\u00e9l enn\u00e9l kev\u00e9sb\u00e9 romlott, ugyanakkor enyh\u00fclt a lakoss\u00e1g munkan\u00e9lk\u00fclis\u00e9gt\u0151l val\u00f3 f\u00e9lelme. Az \u00e1remel\u00e9si sz\u00e1nd\u00e9k a szolg\u00e1ltat\u00f3 szektorban \u00e9s az iparban minim\u00e1lisan er\u0151s\u00f6d\u00f6tt, az \u00e9p\u00edt\u0151iparban viszont a m\u00e1rciusi megugr\u00e1s ut\u00e1n szinte elt\u0171nt, mik\u00e9nt a kereskedelemben is az \u00e1r tart\u00e1s\u00e1ra t\u00f6rekv\u0151 c\u00e9gek voltak \u00f3ri\u00e1si t\u00f6bbs\u00e9gben. A fogyaszt\u00f3k infl\u00e1ci\u00f3s v\u00e1rakoz\u00e1sa cs\u00f6kkent. A magyar gazdas\u00e1g j\u00f6v\u0151j\u00e9t az iparban \u00e9s a lakoss\u00e1g k\u00f6r\u00e9ben a m\u00e1rciusin\u00e1l kiss\u00e9 optimist\u00e1bban, az \u00e9p\u00edt\u0151iparban azzal azonosan, a szolg\u00e1ltat\u00f3 v\u00e1llalkoz\u00e1sokn\u00e1l valamivel, a kereskedelemben viszont sokkal pesszimist\u00e1bban l\u00e1tt\u00e1k, mint \u00e1prilisban.<br \/>\n    A GKI fogyaszt\u00f3i bizalmi index \u00e1prilisban a m\u00e1rciusi cs\u00f6kken\u00e9st k\u00f6vet\u0151en, ann\u00e1l kev\u00e9sb\u00e9 emelkedett. A lakoss\u00e1g saj\u00e1t p\u00e9nz\u00fcgyi helyzet\u00e9t a k\u00f6vetkez\u0151 egy \u00e9vben a m\u00e1rciusban gondoltn\u00e1l kiss\u00e9 kedvez\u0151bbnek, megtakar\u00edt\u00e1si k\u00e9pess\u00e9g\u00e9t viszont n\u00e9mileg roml\u00f3nak gondolta. A lakoss\u00e1g a nagy \u00e9rt\u00e9k\u0171 tart\u00f3s fogyaszt\u00e1si cikkek jelenlegi v\u00e1s\u00e1rl\u00e1si lehet\u0151s\u00e9g\u00e9t javul\u00f3nak, a k\u00f6vetkez\u0151 egy \u00e9vre vonatkoz\u00f3t stagn\u00e1l\u00f3nak \u00e9rz\u00e9kelte.<br \/>\n(MTI)<\/p>\n","protected":false},"excerpt":{"rendered":"<p>Harmadik h\u00f3napja cs\u00f6kken a GKI konjunkt\u00faraindex szezon\u00e1lis hat\u00e1sokt\u00f3l megtiszt\u00edtott \u00e9rt\u00e9ke, \u00e1prilisban az \u00fczleti v\u00e1rakoz\u00e1sok romlottak, a fogyaszt\u00f3iak kiss\u00e9 javultak, de ez ut\u00f3bbiak \u00edgy sem \u00e9rt\u00e9k el a febru\u00e1ri szintet &#8211; der\u00fcl ki a GKI Gazdas\u00e1gkutat\u00f3 Zrt. felm\u00e9r\u00e9s\u00e9b\u0151l, amelyet az Eur\u00f3pai Uni\u00f3 t\u00e1mogat\u00e1s\u00e1val k\u00e9sz\u00edtett.<\/p>\n","protected":false},"author":1,"featured_media":0,"comment_status":"open","ping_status":"closed","sticky":false,"template":"","format":"standard","meta":[],"categories":[19],"tags":[],"_links":{"self":[{"href":"https:\/\/gazdasagportal.hu\/index.php\/wp-json\/wp\/v2\/posts\/78178"}],"collection":[{"href":"https:\/\/gazdasagportal.hu\/index.php\/wp-json\/wp\/v2\/posts"}],"about":[{"href":"https:\/\/gazdasagportal.hu\/index.php\/wp-json\/wp\/v2\/types\/post"}],"author":[{"embeddable":true,"href":"https:\/\/gazdasagportal.hu\/index.php\/wp-json\/wp\/v2\/users\/1"}],"replies":[{"embeddable":true,"href":"https:\/\/gazdasagportal.hu\/index.php\/wp-json\/wp\/v2\/comments?post=78178"}],"version-history":[{"count":1,"href":"https:\/\/gazdasagportal.hu\/index.php\/wp-json\/wp\/v2\/posts\/78178\/revisions"}],"predecessor-version":[{"id":78179,"href":"https:\/\/gazdasagportal.hu\/index.php\/wp-json\/wp\/v2\/posts\/78178\/revisions\/78179"}],"wp:attachment":[{"href":"https:\/\/gazdasagportal.hu\/index.php\/wp-json\/wp\/v2\/media?parent=78178"}],"wp:term":[{"taxonomy":"category","embeddable":true,"href":"https:\/\/gazdasagportal.hu\/index.php\/wp-json\/wp\/v2\/categories?post=78178"},{"taxonomy":"post_tag","embeddable":true,"href":"https:\/\/gazdasagportal.hu\/index.php\/wp-json\/wp\/v2\/tags?post=78178"}],"curies":[{"name":"wp","href":"https:\/\/api.w.org\/{rel}","templated":true}]}}