{"id":78176,"date":"2016-04-25T13:58:54","date_gmt":"2016-04-25T11:58:54","guid":{"rendered":"http:\/\/gazdasagportal.hu\/?p=78176"},"modified":"2016-04-25T09:59:51","modified_gmt":"2016-04-25T07:59:51","slug":"kosa-finomitani-kell-az-onkormanyzatok-gazdalkodasat-ellenorzo-torvenyjavaslaton","status":"publish","type":"post","link":"https:\/\/gazdasagportal.hu\/index.php\/kosa-finomitani-kell-az-onkormanyzatok-gazdalkodasat-ellenorzo-torvenyjavaslaton\/","title":{"rendered":"K\u00f3sa: finom\u00edtani kell az \u00f6nkorm\u00e1nyzatok gazd\u00e1lkod\u00e1s\u00e1t ellen\u0151rz\u0151 t\u00f6rv\u00e9nyjavaslaton"},"content":{"rendered":"<p><strong>A Fidesz frakci\u00f3vezet\u0151je szerint finom\u00edtani kell az \u00f6nkorm\u00e1nyzatok gazd\u00e1lkod\u00e1s\u00e1t ellen\u0151rz\u0151 t\u00f6rv\u00e9nyjavaslaton, a naprak\u00e9sz adatok azonban fontosak.<\/strong><!--more--><\/p>\n<div class=\"ads-in-post1\"><div id=\"gazdasagportal.hu_fullbanner_wideboard\"><\/div>\r\n<\/div>\n<p>    K\u00f3sa Lajos az ATV h\u00e9tf\u0151 reggeli m\u0171sor\u00e1ban azt mondta, ha nem akarjuk, hogy az \u00f6nkorm\u00e1nyzatok ugyanazt a p\u00e1ly\u00e1t fuss\u00e1k be, mint a konszolid\u00e1ci\u00f3 el\u0151tt, akkor kell r\u00e1l\u00e1t\u00e1s a gazd\u00e1lkod\u00e1sukra, \u00e9s nem csak akkor, amikor m\u00e1r baj van. A politikus szerint vannak kir\u00edv\u00f3 esetek egyes helyhat\u00f3s\u00e1gok gazdas\u00e1gi m\u0171k\u00f6d\u00e9s\u00e9ben, \u00e1ltal\u00e1nos\u00edtani azonban nem lehet.<br \/>\n    A Pint\u00e9r S\u00e1ndor bel\u00fcgyminiszter \u00e1ltal nemr\u00e9g beny\u00fajtott t\u00f6rv\u00e9nym\u00f3dos\u00edt\u00e1si javaslat k\u00f6telez\u0151 jelleggel vezetn\u00e9 be az ASP-t, egy olyan informatikai rendszert, amellyel a korm\u00e1ny k\u00f6zponti hivatal\u00e1nak r\u00e1l\u00e1t\u00e1sa lenne a telep\u00fcl\u00e9sek teljes \u00fcgyvitel\u00e9re, bele\u00e9rtve gazd\u00e1lkod\u00e1suk minden adat\u00e1t.<br \/>\n    K\u00f3sa Lajos azt mondta, hogy a javaslaton finom\u00edtani kell, mert az \u00f6nkorm\u00e1nyzatok gazd\u00e1lkod\u00e1s\u00e1nak szabads\u00e1g\u00e1t nem lehet s\u00e9rteni. T\u00e1j\u00e9koztat\u00f3 adatokat k\u00e9rhetnek, de az a rendszer, amelyet elk\u00e9pzeltek &#8222;k\u00f6lts\u00e9ges is, \u00e9s nem biztos, hogy m\u0171k\u00f6dik&#8221; &#8211; fogalmazott a Fidesz frakci\u00f3vezet\u0151je a m\u0171sorban.(MTI)<\/p>\n","protected":false},"excerpt":{"rendered":"<p>A Fidesz frakci\u00f3vezet\u0151je szerint finom\u00edtani kell az \u00f6nkorm\u00e1nyzatok gazd\u00e1lkod\u00e1s\u00e1t ellen\u0151rz\u0151 t\u00f6rv\u00e9nyjavaslaton, a naprak\u00e9sz adatok azonban fontosak.<\/p>\n","protected":false},"author":1,"featured_media":0,"comment_status":"open","ping_status":"closed","sticky":false,"template":"","format":"standard","meta":[],"categories":[4],"tags":[],"_links":{"self":[{"href":"https:\/\/gazdasagportal.hu\/index.php\/wp-json\/wp\/v2\/posts\/78176"}],"collection":[{"href":"https:\/\/gazdasagportal.hu\/index.php\/wp-json\/wp\/v2\/posts"}],"about":[{"href":"https:\/\/gazdasagportal.hu\/index.php\/wp-json\/wp\/v2\/types\/post"}],"author":[{"embeddable":true,"href":"https:\/\/gazdasagportal.hu\/index.php\/wp-json\/wp\/v2\/users\/1"}],"replies":[{"embeddable":true,"href":"https:\/\/gazdasagportal.hu\/index.php\/wp-json\/wp\/v2\/comments?post=78176"}],"version-history":[{"count":1,"href":"https:\/\/gazdasagportal.hu\/index.php\/wp-json\/wp\/v2\/posts\/78176\/revisions"}],"predecessor-version":[{"id":78177,"href":"https:\/\/gazdasagportal.hu\/index.php\/wp-json\/wp\/v2\/posts\/78176\/revisions\/78177"}],"wp:attachment":[{"href":"https:\/\/gazdasagportal.hu\/index.php\/wp-json\/wp\/v2\/media?parent=78176"}],"wp:term":[{"taxonomy":"category","embeddable":true,"href":"https:\/\/gazdasagportal.hu\/index.php\/wp-json\/wp\/v2\/categories?post=78176"},{"taxonomy":"post_tag","embeddable":true,"href":"https:\/\/gazdasagportal.hu\/index.php\/wp-json\/wp\/v2\/tags?post=78176"}],"curies":[{"name":"wp","href":"https:\/\/api.w.org\/{rel}","templated":true}]}}