{"id":78172,"date":"2016-04-25T12:36:16","date_gmt":"2016-04-25T10:36:16","guid":{"rendered":"http:\/\/gazdasagportal.hu\/?p=78172"},"modified":"2016-04-25T09:57:06","modified_gmt":"2016-04-25T07:57:06","slug":"szavay-istvan-meg-nem-dontotte-el-hogy-indul-e-ujra-a-jobbik-alelnoki-posztjaert","status":"publish","type":"post","link":"https:\/\/gazdasagportal.hu\/index.php\/szavay-istvan-meg-nem-dontotte-el-hogy-indul-e-ujra-a-jobbik-alelnoki-posztjaert\/","title":{"rendered":"Sz\u00e1vay Istv\u00e1n m\u00e9g nem d\u00f6nt\u00f6tte el, hogy indul-e \u00fajra a Jobbik aleln\u00f6ki posztj\u00e1\u00e9rt"},"content":{"rendered":"<p><strong>Sz\u00e1vay Istv\u00e1n m\u00e9g nem d\u00f6nt\u00f6tte el, hogy indul-e \u00fajra a Jobbik aleln\u00f6ki posztj\u00e1\u00e9rt, err\u0151l a k\u00f6vetkez\u0151 egy-k\u00e9t napban hat\u00e1roz majd. Az ellenz\u00e9ki p\u00e1rt politikusa az M1 aktu\u00e1lis csatorna h\u00e9tf\u0151 reggeli m\u0171sor\u00e1ban besz\u00e9lt err\u0151l, ahol azt mondta: nagy a dilemm\u00e1ja, mivel \u00fagy \u00e9rzi, a tags\u00e1gnak komoly elv\u00e1r\u00e1sai vannak vele szemben; ugyanakkor nem ragaszkodik a poz\u00edci\u00f3j\u00e1hoz.<\/strong><br \/>\n<div class=\"ads-in-post1\"><div id=\"gazdasagportal.hu_fullbanner_wideboard\"><\/div>\r\n<\/div>\n<p>    Sz\u00e1vay Istv\u00e1n hangs\u00falyozta: nem lesz p\u00e1rtszakad\u00e1s a Jobbikban, b\u00e1r ennek sokan \u00f6r\u00fcln\u00e9nek, &#8222;jobbr\u00f3l \u00e9s balr\u00f3l&#8221;, akik sz\u00e9t akart\u00e1k \u00e9s akarj\u00e1k verni a p\u00e1rtot. Ezt az \u00f6r\u00f6m\u00f6t azonban a jobbikosok semmif\u00e9lek\u00e9ppen nem adj\u00e1k meg senkinek, \u00e9s nem vesz\u00e9lyeztetik a p\u00e1rt 2018-as v\u00e1laszt\u00e1si gy\u0151zelm\u00e9t azzal, hogy engedik fokoz\u00f3dni a konfliktust &#8211; tette hozz\u00e1.<br \/>\n    Sz\u00e1vay Istv\u00e1n arr\u00f3l is besz\u00e9lt, hogy nem egy radik\u00e1lis-nem radik\u00e1lis t\u00f6r\u00e9svonal keletkezett a p\u00e1rtban, mint ahogyan ez t\u00f6bb helyen megjelent. Arr\u00f3l sincs sz\u00f3 tov\u00e1bb\u00e1, hogy &#8222;egys\u00e9ges sz\u00e1rnyat&#8221; alkotna \u00e9s &#8222;\u00f6sszeesk\u00fcv\u00e9st sz\u0151ne&#8221; a t\u00f6bbi, Vona G\u00e1bor p\u00e1rteln\u00f6k \u00e1ltal nem t\u00e1mogatott aleln\u00f6kkel &#8211; mondta.<br \/>\n    Vona G\u00e1bor p\u00e9nteki sajt\u00f3t\u00e1j\u00e9koztat\u00f3j\u00e1n meger\u0151s\u00edtette, hogy a jelenlegi aleln\u00f6k\u00f6k k\u00f6z\u00fcl &#8211; eln\u00f6ki jogk\u00f6r\u00e9vel \u00e9lve &#8211; nem t\u00e1mogatja Nov\u00e1k El\u0151d, Ap\u00e1ti Istv\u00e1n \u00e9s Sz\u00e1vay Istv\u00e1n \u00fajr\u00e1z\u00e1s\u00e1t. D\u00f6nt\u00e9s\u00e9t v\u00e9glegesnek nevezte.(MTI)<\/p>\n","protected":false},"excerpt":{"rendered":"<p>Sz\u00e1vay Istv\u00e1n m\u00e9g nem d\u00f6nt\u00f6tte el, hogy indul-e \u00fajra a Jobbik aleln\u00f6ki posztj\u00e1\u00e9rt, err\u0151l a k\u00f6vetkez\u0151 egy-k\u00e9t napban hat\u00e1roz majd. Az ellenz\u00e9ki p\u00e1rt politikusa az M1 aktu\u00e1lis csatorna h\u00e9tf\u0151 reggeli m\u0171sor\u00e1ban besz\u00e9lt err\u0151l, ahol azt mondta: nagy a dilemm\u00e1ja, mivel \u00fagy \u00e9rzi, a tags\u00e1gnak komoly elv\u00e1r\u00e1sai vannak vele szemben; ugyanakkor nem ragaszkodik a poz\u00edci\u00f3j\u00e1hoz. Sz\u00e1vay &#8230;<\/p>\n","protected":false},"author":1,"featured_media":0,"comment_status":"open","ping_status":"closed","sticky":false,"template":"","format":"standard","meta":[],"categories":[4,18],"tags":[],"_links":{"self":[{"href":"https:\/\/gazdasagportal.hu\/index.php\/wp-json\/wp\/v2\/posts\/78172"}],"collection":[{"href":"https:\/\/gazdasagportal.hu\/index.php\/wp-json\/wp\/v2\/posts"}],"about":[{"href":"https:\/\/gazdasagportal.hu\/index.php\/wp-json\/wp\/v2\/types\/post"}],"author":[{"embeddable":true,"href":"https:\/\/gazdasagportal.hu\/index.php\/wp-json\/wp\/v2\/users\/1"}],"replies":[{"embeddable":true,"href":"https:\/\/gazdasagportal.hu\/index.php\/wp-json\/wp\/v2\/comments?post=78172"}],"version-history":[{"count":1,"href":"https:\/\/gazdasagportal.hu\/index.php\/wp-json\/wp\/v2\/posts\/78172\/revisions"}],"predecessor-version":[{"id":78173,"href":"https:\/\/gazdasagportal.hu\/index.php\/wp-json\/wp\/v2\/posts\/78172\/revisions\/78173"}],"wp:attachment":[{"href":"https:\/\/gazdasagportal.hu\/index.php\/wp-json\/wp\/v2\/media?parent=78172"}],"wp:term":[{"taxonomy":"category","embeddable":true,"href":"https:\/\/gazdasagportal.hu\/index.php\/wp-json\/wp\/v2\/categories?post=78172"},{"taxonomy":"post_tag","embeddable":true,"href":"https:\/\/gazdasagportal.hu\/index.php\/wp-json\/wp\/v2\/tags?post=78172"}],"curies":[{"name":"wp","href":"https:\/\/api.w.org\/{rel}","templated":true}]}}