{"id":78170,"date":"2016-04-25T15:54:28","date_gmt":"2016-04-25T13:54:28","guid":{"rendered":"http:\/\/gazdasagportal.hu\/?p=78170"},"modified":"2016-04-25T10:14:43","modified_gmt":"2016-04-25T08:14:43","slug":"uj-piacot-nyitott-az-autogumi-szektorban-a-kerekhotel-szolgaltatas","status":"publish","type":"post","link":"https:\/\/gazdasagportal.hu\/index.php\/uj-piacot-nyitott-az-autogumi-szektorban-a-kerekhotel-szolgaltatas\/","title":{"rendered":"\u00daj piacot nyitott az aut\u00f3gumi szektorban a ker\u00e9khotel szolg\u00e1ltat\u00e1s"},"content":{"rendered":"<p><strong>T\u00edzb\u0151l egy gumit t\u00e1rolnak a magyar aut\u00f3sok ker\u00e9khotelben, der\u00fclt ki az \u00e9vente t\u00f6bb t\u00edzezer gumiabroncs-cser\u00e9t v\u00e9grehajt\u00f3, a szegmensben piacvezet\u0151 Abroncs Keresked\u0151h\u00e1z adataib\u00f3l. A t\u00edz \u00e9ve m\u00e9g szinte ismeretlen szolg\u00e1ltat\u00e1s m\u00e1ra n\u00e9pszer\u0171 lett els\u0151sorban az \u00fczleti flott\u00e1t \u00fczemeltet\u0151 c\u00e9gek sz\u00e1m\u00e1ra. A t\u00e9li-ny\u00e1ri abroncs \u00e1tcser\u00e9l\u00e9si szezon egy\u00e9bk\u00e9nt hetekkel k\u00e9s\u0151bb indult el id\u00e9n, mert senki sem hitte el, hogy nem lesz t\u00f6bb havaz\u00e1s.<\/strong><!--more--><\/p>\n<div class=\"ads-in-post1\"><div id=\"gazdasagportal.hu_fullbanner_wideboard\"><\/div>\r\n<\/div>\n<p>M\u00edg Lengyelorsz\u00e1gban 10 aut\u00f3sb\u00f3l 5 m\u00e1r ker\u00e9khotelben t\u00e1rolja abroncsait, addig Magyarorsz\u00e1gon mind\u00f6ssze egy g\u00e9pj\u00e1rm\u0171 tulajdonos veszi ig\u00e9nybe. Ezek d\u00f6nt\u0151 t\u00f6bbs\u00e9ge is ink\u00e1bb c\u00e9ges aut\u00f3k haszn\u00e1l\u00f3ja, akinek a munkaad\u00f3ja fizeti a k\u00e9nyelmi szolg\u00e1ltat\u00e1st. Pedig a ker\u00e9khotel nem omladoz\u00f3 rakt\u00e1rakat jelent, az elm\u00falt \u00e9vekben jelent\u0151s fejleszt\u00e9seket hajtottak v\u00e9gre a szektorban. Ezek k\u00f6z\u00fcl kiemelkedik az Abroncs Keresked\u0151h\u00e1z beruh\u00e1z\u00e1sa, amelybe 9 telephelyr\u0151l naponta sz\u00e1ll\u00edtj\u00e1k a gumikat. A c\u00e9gcsoport az elm\u00falt \u00e9vekben \u00f6sszesen 2,5 milli\u00e1rd forintos fejleszt\u00e9st hajtott v\u00e9gre a Kom\u00e1rom-Esztergom megy\u00e9ben tal\u00e1lhat\u00f3 Baj k\u00f6zs\u00e9gben, ahol csaknem sz\u00e1z embernek adnak munk\u00e1t. Itt 120 ezer aut\u00f3gumit t\u00e1rolnak k\u00e9t szezon k\u00f6z\u00f6tt, a c\u00e9g piacvezet\u0151 e szegmensben.<\/p>\n<p>Penzi\u00e1s G\u00e1bor, az Abroncs Keresked\u0151h\u00e1z Kft. tulajdonos-\u00fcgyvezet\u0151je elmondta: Magyarorsz\u00e1gon is egyre n\u00e9pszer\u0171bb a k\u00fclf\u00f6ld\u00f6n m\u00e1r sz\u00e9les k\u00f6rben haszn\u00e1lt ker\u00e9khotel szolg\u00e1ltat\u00e1s, amely a szakszer\u0171 t\u00e1rol\u00e1son k\u00edv\u00fcl sz\u00e1mos m\u00e1s szolg\u00e1ltat\u00e1st is foglal mag\u00e1ban. Jelenleg a felm\u00e9r\u00e9sek szerint Budapesten \u00e9s vid\u00e9ken mintegy k\u00e9tsz\u00e1z helysz\u00ednen t\u00e1rolnak a holtid\u0151szakban &#8211; megfelel\u0151, napf\u00e9nyt\u0151l v\u00e9dett k\u00f6r\u00fclm\u00e9nyek k\u00f6z\u00f6tt &#8211; aut\u00f3gumikat. A szolg\u00e1ltat\u00e1st f\u0151k\u00e9nt \u00fczleti flott\u00e1k \u00e9s azok \u00fczemeltet\u0151i veszik ig\u00e9nybe, de egyre t\u00f6bb mag\u00e1nszem\u00e9ly d\u00f6nt \u00fagy, hogy nem viszi haza a gumiabroncsait. Akik viszont m\u00e9gis \u00fagy d\u00f6ntenek, hogy otthoni k\u00f6r\u00fclm\u00e9nyek k\u00f6z\u00f6tt szeretn\u00e9k t\u00e1rolni, a szakemberek azt tan\u00e1csolj\u00e1k, hogy napf\u00e9nyt\u0151l v\u00e9dett, z\u00e1rt helyen t\u00e1rolj\u00e1k, hiszen \u00edgy nem romlik az \u00e9lettartama.<\/p><div id=\"gazda-2425586190\" class=\"gazda-tartalomban gazda-entity-placement\"><script async src=\"https:\/\/pagead2.googlesyndication.com\/pagead\/js\/adsbygoogle.js\"><\/script>\r\n<ins class=\"adsbygoogle\"\r\n     style=\"display:block\"\r\n     data-ad-format=\"fluid\"\r\n     data-ad-layout-key=\"-6t+ed+2i-1n-4w\"\r\n     data-ad-client=\"ca-pub-1959107119989764\"\r\n     data-ad-slot=\"4008251320\"><\/ins>\r\n<script>\r\n     (adsbygoogle = window.adsbygoogle || []).push({});\r\n<\/script><\/div>\n<p>M\u00edg az elm\u00falt \u00e9vekben m\u00e1rcius 15-e ut\u00e1n megkezd\u0151d\u00f6tt a t\u00e9li \u2013 ny\u00e1ri gumicsere, addig id\u00e9n kiv\u00e1rtak az aut\u00f3sok, mert az enyhe t\u00e9l miatt att\u00f3l f\u00e9ltek, hogy m\u00e1rcius v\u00e9g\u00e9re ism\u00e9t visszat\u00e9r a h\u00f3. Azt\u00e1n az \u00e1prilis eleji hirtelen meleg miatt szinte megrohamozt\u00e1k a szervizeket. \u00c9rdekes, hogy az orsz\u00e1gr\u00e9szek k\u00f6z\u00f6tt is nagy k\u00fcl\u00f6nbs\u00e9gek vannak, m\u00edg a Dun\u00e1nt\u00falon m\u00e1r \u00e1prilis elej\u00e9n fesz\u00edtett munka folyt, addig a keleti orsz\u00e1gr\u00e9szekben alig indultak el az aut\u00f3sok kereket cser\u00e9ltetni, fejtette ki Tiszay \u00c1rp\u00e1d, az Abroncs Keresked\u0151h\u00e1z Kft. kereskedelmi vezet\u0151je a c\u00e9g k\u00e9tezer partner\u00e9t\u0151l be\u00e9rkezett inform\u00e1ci\u00f3k alapj\u00e1n. Az el\u0151rejelz\u00e9sek szerint m\u00e1jus els\u0151 het\u00e9re enyh\u00fcl a nagy roham, jelenleg minden gumiszerviz\u00fckben telt h\u00e1z van.<\/p>\n<p>A v\u00e1ls\u00e1g k\u00f6vetkezm\u00e9nyek\u00e9nt egy\u00e9bk\u00e9nt valamelyest felborult a megszokott t\u00e9li \u2013 ny\u00e1ri \u00e1t\u00e1ll\u00e1si rend. T\u00f6bb aut\u00f3s \u2013 v\u00e9lhet\u0151en anyagi okok miatt &#8211; ink\u00e1bb eg\u00e9sz \u00e9vben koptatta aut\u00f3ja gumij\u00e1t. Ez a j\u00f3l megfigyelhet\u0151 trend az elm\u00falt k\u00e9t \u00e9vben kezdett helyrebillenni. A ny\u00e1ri gumi t\u00e9li haszn\u00e1lat\u00e1nak vesz\u00e9lyeir\u0151l m\u00e1r sok figyelemfelkelt\u0151 kamp\u00e1ny sz\u00f3lt, azonban a t\u00e9li gumi ny\u00e1ri haszn\u00e1lata is kock\u00e1zatokkal j\u00e1r, hangs\u00falyozta a szakember. Egy j\u00f3 min\u0151s\u00e9g\u0171 ny\u00e1ri abronccsal felszerelt aut\u00f3 f\u00e9k\u00fatja k\u00f6zel harmad\u00e1val is r\u00f6videbb lehet, mintha t\u00e9li abroncs fesz\u00fclne a kerekeken. S\u0151t, a h\u00edrek szerint baleset eset\u00e9n a biztos\u00edt\u00f3k is vizsg\u00e1lni fogj\u00e1k, hogy milyen gumi volt a k\u00e1rt okoz\u00f3 aut\u00f3n.<\/p>\n<p>A t\u00e9li gumit haszn\u00e1l\u00f3k ar\u00e1nya Angli\u00e1ban a legalacsonyabb Eur\u00f3p\u00e1ban, a kontinens \u00e1tlaga 43 sz\u00e1zal\u00e9k. Az itthoni ar\u00e1ny enn\u00e9l valamivel jobb, de pontos sz\u00e1mot neh\u00e9z mondani, hiszen a kontinens sz\u00e1mos orsz\u00e1g\u00e1val ellent\u00e9tben n\u00e1lunk nem k\u00f6telez\u0151, csak er\u0151sen aj\u00e1nlott a t\u00e9li gumi haszn\u00e1lata a jelenleg haszn\u00e1lt csaknem n\u00e9gymilli\u00f3s k\u00f6z\u00fati j\u00e1rm\u0171\u00e1llom\u00e1nyon.<\/p>\n","protected":false},"excerpt":{"rendered":"<p>T\u00edzb\u0151l egy gumit t\u00e1rolnak a magyar aut\u00f3sok ker\u00e9khotelben, der\u00fclt ki az \u00e9vente t\u00f6bb t\u00edzezer gumiabroncs-cser\u00e9t v\u00e9grehajt\u00f3, a szegmensben piacvezet\u0151 Abroncs Keresked\u0151h\u00e1z adataib\u00f3l. A t\u00edz \u00e9ve m\u00e9g szinte ismeretlen szolg\u00e1ltat\u00e1s m\u00e1ra n\u00e9pszer\u0171 lett els\u0151sorban az \u00fczleti flott\u00e1t \u00fczemeltet\u0151 c\u00e9gek sz\u00e1m\u00e1ra. A t\u00e9li-ny\u00e1ri abroncs \u00e1tcser\u00e9l\u00e9si szezon egy\u00e9bk\u00e9nt hetekkel k\u00e9s\u0151bb indult el id\u00e9n, mert senki sem hitte el, &#8230;<\/p>\n","protected":false},"author":1,"featured_media":0,"comment_status":"open","ping_status":"closed","sticky":false,"template":"","format":"standard","meta":[],"categories":[19],"tags":[],"_links":{"self":[{"href":"https:\/\/gazdasagportal.hu\/index.php\/wp-json\/wp\/v2\/posts\/78170"}],"collection":[{"href":"https:\/\/gazdasagportal.hu\/index.php\/wp-json\/wp\/v2\/posts"}],"about":[{"href":"https:\/\/gazdasagportal.hu\/index.php\/wp-json\/wp\/v2\/types\/post"}],"author":[{"embeddable":true,"href":"https:\/\/gazdasagportal.hu\/index.php\/wp-json\/wp\/v2\/users\/1"}],"replies":[{"embeddable":true,"href":"https:\/\/gazdasagportal.hu\/index.php\/wp-json\/wp\/v2\/comments?post=78170"}],"version-history":[{"count":1,"href":"https:\/\/gazdasagportal.hu\/index.php\/wp-json\/wp\/v2\/posts\/78170\/revisions"}],"predecessor-version":[{"id":78171,"href":"https:\/\/gazdasagportal.hu\/index.php\/wp-json\/wp\/v2\/posts\/78170\/revisions\/78171"}],"wp:attachment":[{"href":"https:\/\/gazdasagportal.hu\/index.php\/wp-json\/wp\/v2\/media?parent=78170"}],"wp:term":[{"taxonomy":"category","embeddable":true,"href":"https:\/\/gazdasagportal.hu\/index.php\/wp-json\/wp\/v2\/categories?post=78170"},{"taxonomy":"post_tag","embeddable":true,"href":"https:\/\/gazdasagportal.hu\/index.php\/wp-json\/wp\/v2\/tags?post=78170"}],"curies":[{"name":"wp","href":"https:\/\/api.w.org\/{rel}","templated":true}]}}