{"id":78155,"date":"2016-04-25T07:57:48","date_gmt":"2016-04-25T05:57:48","guid":{"rendered":"http:\/\/gazdasagportal.hu\/?p=78155"},"modified":"2016-04-25T07:32:30","modified_gmt":"2016-04-25T05:32:30","slug":"az-ot-eve-kihirdetett-alaptorvenyre-emlekezik-az-orszaggyules","status":"publish","type":"post","link":"https:\/\/gazdasagportal.hu\/index.php\/az-ot-eve-kihirdetett-alaptorvenyre-emlekezik-az-orszaggyules\/","title":{"rendered":"Az \u00f6t \u00e9ve kihirdetett alapt\u00f6rv\u00e9nyre eml\u00e9kezik az Orsz\u00e1ggy\u0171l\u00e9s"},"content":{"rendered":"<p><strong>Az \u00f6t \u00e9ve ezen a napon kihirdetett alapt\u00f6rv\u00e9nyre eml\u00e9kez\u00e9ssel kezdi meg ma n\u00e9gynapos \u00fcl\u00e9s\u00e9t az Orsz\u00e1ggy\u0171l\u00e9s. <\/strong><!--more--><\/p>\n<div class=\"ads-in-post1\"><div id=\"gazdasagportal.hu_fullbanner_wideboard\"><\/div>\r\n<\/div>\n<p>    A h\u00e1zeln\u00f6k el\u0151zetes napirendi javaslata alapj\u00e1n az \u00fcl\u00e9s 13 \u00f3rakor kezd\u0151dik, a k\u00e9pvisel\u0151k ekkor tartj\u00e1k meg a megeml\u00e9kez\u00e9st az alkotm\u00e1ny z\u00e1r\u00f3 \u00e9s vegyes rendelkez\u00e9seinek azon pontja alapj\u00e1n, amely \u00e1prilis 25-\u00e9t az alapt\u00f6rv\u00e9ny napj\u00e1v\u00e1 min\u0151s\u00edti.<br \/>\n    A napirend el\u0151tti felsz\u00f3lal\u00e1sokat k\u00f6vet\u0151en az interpell\u00e1ci\u00f3kra ism\u00e9telten k\u00e9t \u00f3ra \u00e1ll majd rendelkez\u00e9sre, az azonnali k\u00e9rd\u00e9sek \u00e9s v\u00e1laszok pedig egy \u00f3r\u00e1ban hangozhatnak el. Az els\u0151 \u00fcl\u00e9snap v\u00e9g\u00e9n a kedden elfogadni tervezett javaslatok utols\u00f3, bizotts\u00e1gi jelent\u00e9sekr\u0151l sz\u00f3l\u00f3 vit\u00e1it bonyol\u00edtj\u00e1k le.<br \/>\n    A parlament kedden v\u00e1ltoztathat p\u00e9ld\u00e1ul a kor\u00e1bban alkotm\u00e1nyellenesnek \u00edt\u00e9lt jegybankt\u00f6rv\u00e9ny-m\u00f3dos\u00edt\u00e1son, az eredeti javaslatn\u00e1l sz\u0171kebb lehet\u0151s\u00e9get hagyva a Magyar Nemzeti Bank (MNB) \u00e1ltal alap\u00edtott gazdas\u00e1gi t\u00e1rsas\u00e1gok adatainak titkos\u00edt\u00e1s\u00e1ra.(MTI)<\/p>\n","protected":false},"excerpt":{"rendered":"<p>Az \u00f6t \u00e9ve ezen a napon kihirdetett alapt\u00f6rv\u00e9nyre eml\u00e9kez\u00e9ssel kezdi meg ma n\u00e9gynapos \u00fcl\u00e9s\u00e9t az Orsz\u00e1ggy\u0171l\u00e9s.<\/p>\n","protected":false},"author":1,"featured_media":0,"comment_status":"open","ping_status":"closed","sticky":false,"template":"","format":"standard","meta":[],"categories":[19],"tags":[],"_links":{"self":[{"href":"https:\/\/gazdasagportal.hu\/index.php\/wp-json\/wp\/v2\/posts\/78155"}],"collection":[{"href":"https:\/\/gazdasagportal.hu\/index.php\/wp-json\/wp\/v2\/posts"}],"about":[{"href":"https:\/\/gazdasagportal.hu\/index.php\/wp-json\/wp\/v2\/types\/post"}],"author":[{"embeddable":true,"href":"https:\/\/gazdasagportal.hu\/index.php\/wp-json\/wp\/v2\/users\/1"}],"replies":[{"embeddable":true,"href":"https:\/\/gazdasagportal.hu\/index.php\/wp-json\/wp\/v2\/comments?post=78155"}],"version-history":[{"count":1,"href":"https:\/\/gazdasagportal.hu\/index.php\/wp-json\/wp\/v2\/posts\/78155\/revisions"}],"predecessor-version":[{"id":78156,"href":"https:\/\/gazdasagportal.hu\/index.php\/wp-json\/wp\/v2\/posts\/78155\/revisions\/78156"}],"wp:attachment":[{"href":"https:\/\/gazdasagportal.hu\/index.php\/wp-json\/wp\/v2\/media?parent=78155"}],"wp:term":[{"taxonomy":"category","embeddable":true,"href":"https:\/\/gazdasagportal.hu\/index.php\/wp-json\/wp\/v2\/categories?post=78155"},{"taxonomy":"post_tag","embeddable":true,"href":"https:\/\/gazdasagportal.hu\/index.php\/wp-json\/wp\/v2\/tags?post=78155"}],"curies":[{"name":"wp","href":"https:\/\/api.w.org\/{rel}","templated":true}]}}