{"id":78153,"date":"2016-04-25T07:27:40","date_gmt":"2016-04-25T05:27:40","guid":{"rendered":"http:\/\/gazdasagportal.hu\/?p=78153"},"modified":"2016-04-25T07:27:40","modified_gmt":"2016-04-25T05:27:40","slug":"osztrak-elnokvalasztas-a-szabadsagparti-jelolt-vegzett-az-elso-helyen-az-elozetes-eredmenyek-szerint","status":"publish","type":"post","link":"https:\/\/gazdasagportal.hu\/index.php\/osztrak-elnokvalasztas-a-szabadsagparti-jelolt-vegzett-az-elso-helyen-az-elozetes-eredmenyek-szerint\/","title":{"rendered":"Osztr\u00e1k eln\u00f6kv\u00e1laszt\u00e1s &#8211; A szabads\u00e1gp\u00e1rti jel\u00f6lt v\u00e9gzett az els\u0151 helyen az el\u0151zetes eredm\u00e9nyek szerint"},"content":{"rendered":"<p><strong>A szabads\u00e1gp\u00e1rti jel\u00f6lt, Norbert Hofer 36,40 sz\u00e1zal\u00e9kkal v\u00e9gzett az els\u0151 helyen a vas\u00e1rnap rendezett osztr\u00e1k \u00e1llamf\u0151v\u00e1laszt\u00e1son az el\u0151zetes eredm\u00e9nyek szerint.<\/strong><!--more--><\/p>\n<div class=\"ads-in-post1\"><div id=\"gazdasagportal.hu_fullbanner_wideboard\"><\/div>\r\n<\/div>\n<p>    A m\u00e1sodik a Z\u00f6ldek \u00e1ltal t\u00e1mogatott Alexander Van der Bellen lett 20,4 sz\u00e1zal\u00e9kkal, a f\u00fcggetlenk\u00e9nt indul\u00f3 Irmgard Griss csaknem 18,5 sz\u00e1zal\u00e9kot \u00e9rt el. A korm\u00e1nyp\u00e1rtok \u00e1ltal ind\u00edtott k\u00e9t jel\u00f6lt, a n\u00e9pp\u00e1rti Andread Khol \u00e9s a szoci\u00e1ldemokrata Rudolf Hundstorfer mintegy 11-11 sz\u00e1zal\u00e9kos t\u00e1mogatotts\u00e1ggal b\u00edrt. Az \u00e9p\u00edt\u00e9si v\u00e1llalkoz\u00f3 Richard Lugner 2,4 sz\u00e1zal\u00e9kot kapott.<br \/>\n    Mivel az els\u0151 fordul\u00f3ban senki nem szerezte meg a szavazatok abszol\u00fat t\u00f6bbs\u00e9g\u00e9t, n\u00e9gy h\u00e9t m\u00falva m\u00e1sodik fordul\u00f3t tartanak, amelyen m\u00e1r csak az els\u0151 fordul\u00f3ban a k\u00e9t legt\u00f6bb szavazatot kapott jel\u00f6ltre, vagyis Norbert Hoferre \u00e9s Alexander Van der Bellenre lehet majd voksolni.<br \/>\n    A lev\u00e9lben leadott szavazatokat h\u00e9tf\u0151n sz\u00e1molj\u00e1k \u00f6ssze, \u00edgy v\u00e9gleges eredm\u00e9ny aznap est\u00e9re v\u00e1rhat\u00f3.<br \/>\n    Werner Faymann osztr\u00e1k kancell\u00e1r csal\u00f3dotts\u00e1g\u00e1t \u00e9s elkeseredetts\u00e9g\u00e9t fejezte ki a v\u00e1laszt\u00e1si eredm\u00e9ny miatt, amely szerinte vil\u00e1gos figyelmeztet\u00e9s a korm\u00e1nynak. Faymann, aki az Osztr\u00e1k Szoci\u00e1ldemokrata P\u00e1rt (SP\u00d6) eln\u00f6ki tiszts\u00e9g\u00e9t is bet\u00f6lti, kiemelte: nem tervez szem\u00e9lyi v\u00e1ltoztat\u00e1st, azonban p\u00e1rton bel\u00fcli t\u00e1rgyal\u00e1sokat szorgalmaz.<br \/>\n    Ki\u00e1br\u00e1nd\u00edt\u00f3k\u00e9nt jellemezte a v\u00e1laszt\u00e1si eredm\u00e9nyt Reinhold Mitterlehner alkancell\u00e1r, az Osztr\u00e1k N\u00e9pp\u00e1rt (\u00d6VP) eln\u00f6ke \u00e9s \u00fagy v\u00e9lte, hogy a n\u00e9pp\u00e1rti jel\u00f6lt veres\u00e9ge az orsz\u00e1gban uralkod\u00f3 politikaellenes hangulatra vezethet\u0151 vissza.<br \/>\n    Megl\u00e1t\u00e1sa szerint ez az utols\u00f3 lehet\u0151s\u00e9g, hogy a korm\u00e1nyzati munk\u00e1t tartalmilag \u00e9s formailag is \u00fajra tervezz\u00e9k. &#8222;Nem gondolom, hogy sz\u00e9thullik a koal\u00edci\u00f3, ha levonjuk a sz\u00fcks\u00e9ges konzekvenci\u00e1kat&#8221; &#8211; k\u00f6z\u00f6lte az alkancell\u00e1r.<br \/>\n    Mitterlhener az esetleges p\u00e1rton bel\u00fcli szem\u00e9lycser\u00e9r\u0151l azt mondta, hogy ez nem oldana meg semmit.<br \/>\n    Az \u00d6VP eln\u00f6ke egy\u00fattal \u00e9lesen b\u00edr\u00e1lta a v\u00e1laszt\u00e1s el\u0151tti k\u00f6zv\u00e9lem\u00e9ny-kutat\u00e1sokat, amelyek alapj\u00e1n a n\u00e9pp\u00e1rti jel\u00f6lt az utols\u00f3 el\u0151tti helyen \u00e1llt. \u00dagy v\u00e9lte, hogy ezek a felm\u00e9r\u00e9sek csak er\u0151s\u00edtett\u00e9k azokat, akik taktikusan szavaztak, \u00edgy szerinte a &#8222;p\u00e1rt a b\u00e9csi v\u00e1laszt\u00e1sok ut\u00e1n m\u00e1sodj\u00e1ra is \u00e1ldozat\u00e1ul esett a kutat\u00e1soknak&#8221;.<br \/>\n    Michael H\u00e4upl b\u00e9csi tartom\u00e1nyi vezet\u0151, szoci\u00e1ldemokrata politikus &#8222;m\u00e9lyen megd\u00f6bbent&#8221; a v\u00e1laszt\u00e1si eredm\u00e9nyen, amely szerinte korm\u00e1nyellenes kritika. H\u00e4upl szerint a v\u00e1laszt\u00e1s biztosan k\u00f6vetkezm\u00e9nnyel j\u00e1r majd, azonban \u00fagy v\u00e9lte, hogy ezek nem szem\u00e9lyi v\u00e1ltoz\u00e1sok lesznek.<br \/>\n    Erwin Pr\u00f6ll als\u00f3-ausztriai tartom\u00e1nyi vezet\u0151, n\u00e9pp\u00e1rti politikus meglep\u0151nek nevezte a v\u00e1laszt\u00e1si eredm\u00e9nyt \u00e9s az osztr\u00e1k kancell\u00e1r \u00e1ltal folytatott &#8222;halogat\u00e1s \u00e9s elrejt\u0151z\u00e9s&#8221; politik\u00e1j\u00e1t hib\u00e1ztatta a v\u00e1laszt\u00e1sok kimenetel\u00e9\u00e9rt. \u00dagy v\u00e9lte, hogy a v\u00e1laszt\u00f3k nagy r\u00e9sze taktikai megfontol\u00e1sb\u00f3l d\u00f6nt\u00f6tt.<br \/>\n    A st\u00e1jerorsz\u00e1gi tartom\u00e1nyi vezet\u0151, a n\u00e9pp\u00e1rti Hermann Sch\u00fctzenh\u00f6fer szerint ez a &#8222;f\u00e1jdalmas veres\u00e9g utols\u00f3 figyelmeztet\u00e9s&#8221; a korm\u00e1nynak, v\u00e9g\u00e9rv\u00e9nyesen megold\u00e1st kell tal\u00e1lnia a nyugd\u00edj, a munkahelyteremt\u00e9s \u00e9s az oktat\u00e1s k\u00e9rd\u00e9s\u00e9ben.<br \/>\n    Josef P\u00fchringer fel\u0151s-ausztriai tartom\u00e1nyi vezet\u0151, szint\u00e9n n\u00e9pp\u00e1rti politikus szerint nem lehet a veres\u00e9get a p\u00e1rteln\u00f6k, Mitterlehner sz\u00e1ml\u00e1j\u00e1ra \u00edrni. \u00dagy v\u00e9lte, a n\u00e9pp\u00e1rti jel\u00f6lt gyenge szerepl\u00e9s\u00e9nek oka, hogy a t\u00e1rsadalom k\u00f6z\u00e9pr\u00e9tege jobbra tol\u00f3dik. Egy\u00fattal nehezm\u00e9nyezte, hogy a n\u00e9pp\u00e1rti bel\u00fcgyminiszter \u00e9pp az \u00e1llamf\u0151v\u00e1laszt\u00e1si kamp\u00e1ny k\u00f6zep\u00e9n t\u00e1vozott a korm\u00e1nyb\u00f3l.<br \/>\n    Az el\u0151zetes eredm\u00e9nyek szerint a v\u00e1laszt\u00e1si r\u00e9szv\u00e9tel nagyj\u00e1b\u00f3l 60 sz\u00e1zal\u00e9k volt, teh\u00e1t magasabb, mint hat \u00e9vvel ezel\u0151tt, amikor 54 sz\u00e1zal\u00e9k ment el szavazni.<br \/>\n    Norbert Hoferre a legt\u00f6bben Burgenlandban voksoltak, itt mintegy 43 sz\u00e1zal\u00e9kos t\u00e1mogatotts\u00e1got \u00e9rt el. Sz\u00fcl\u0151faluj\u00e1ban Pinkaf\u0151n (Pinkafeld) t\u00f6bb mint hatvan sz\u00e1zal\u00e9kot kapott. A legkevesebben B\u00e9csben szavaztak a szabads\u00e1gp\u00e1rti jel\u00f6ltre, itt alig harminc sz\u00e1zal\u00e9kot szerzett.<br \/>\n    A Z\u00f6ldek \u00e1ltal t\u00e1mogatott Van der Bellenre B\u00e9csben voksoltak a legt\u00f6bben, mintegy 32 sz\u00e1zal\u00e9kot kapott. A legkevesebb szavaz\u00f3t Burgenlandban szerezte, itt alig 13 sz\u00e1zal\u00e9kot \u00e9rt el.<br \/>\n    A f\u00fcggetlen Grissre a legt\u00f6bben St\u00e1jerorsz\u00e1gban adt\u00e1k le a voksukat, itt a szavazatok 24 sz\u00e1zal\u00e9k\u00e1t kapta. Legkevesebben, vagyis a szavaz\u00f3k 12 sz\u00e1zal\u00e9ka Burgenlandban t\u00e1mogatta.<br \/>\n    A szoci\u00e1ldemokrata Hundstorfert Burgenlandban favoriz\u00e1lt\u00e1k legink\u00e1bb, ott 17,5 sz\u00e1zal\u00e9kot kapott, Vorarlbergben azonban mind\u00f6sszesen 4,4 sz\u00e1zal\u00e9kot \u00e9rt el.<br \/>\n    A n\u00e9pp\u00e1rti Khol a legjobb eredm\u00e9nyt, 14 sz\u00e1zal\u00e9kos t\u00e1mogatotts\u00e1got Als\u00f3-Ausztri\u00e1ban kapta, a legkevesebbet, 5,7 sz\u00e1zal\u00e9kot B\u00e9csben.<br \/>\n    Az \u00e9p\u00edt\u00e9si v\u00e1llalkoz\u00f3 Lugner is Als\u00f3-Ausztri\u00e1ban t\u00e1mogatt\u00e1k a legt\u00f6bben, itt 2,8 sz\u00e1zal\u00e9k szavazott r\u00e1, Burgenlandban \u00e9s Fels\u0151-Ausztri\u00e1ban alig kapott k\u00e9t sz\u00e1zal\u00e9knyi szavazatot.<br \/>\n    (MTI)<\/p>\n","protected":false},"excerpt":{"rendered":"<p>A szabads\u00e1gp\u00e1rti jel\u00f6lt, Norbert Hofer 36,40 sz\u00e1zal\u00e9kkal v\u00e9gzett az els\u0151 helyen a vas\u00e1rnap rendezett osztr\u00e1k \u00e1llamf\u0151v\u00e1laszt\u00e1son az el\u0151zetes eredm\u00e9nyek szerint.<\/p>\n","protected":false},"author":1,"featured_media":0,"comment_status":"open","ping_status":"closed","sticky":false,"template":"","format":"standard","meta":[],"categories":[12],"tags":[],"_links":{"self":[{"href":"https:\/\/gazdasagportal.hu\/index.php\/wp-json\/wp\/v2\/posts\/78153"}],"collection":[{"href":"https:\/\/gazdasagportal.hu\/index.php\/wp-json\/wp\/v2\/posts"}],"about":[{"href":"https:\/\/gazdasagportal.hu\/index.php\/wp-json\/wp\/v2\/types\/post"}],"author":[{"embeddable":true,"href":"https:\/\/gazdasagportal.hu\/index.php\/wp-json\/wp\/v2\/users\/1"}],"replies":[{"embeddable":true,"href":"https:\/\/gazdasagportal.hu\/index.php\/wp-json\/wp\/v2\/comments?post=78153"}],"version-history":[{"count":1,"href":"https:\/\/gazdasagportal.hu\/index.php\/wp-json\/wp\/v2\/posts\/78153\/revisions"}],"predecessor-version":[{"id":78154,"href":"https:\/\/gazdasagportal.hu\/index.php\/wp-json\/wp\/v2\/posts\/78153\/revisions\/78154"}],"wp:attachment":[{"href":"https:\/\/gazdasagportal.hu\/index.php\/wp-json\/wp\/v2\/media?parent=78153"}],"wp:term":[{"taxonomy":"category","embeddable":true,"href":"https:\/\/gazdasagportal.hu\/index.php\/wp-json\/wp\/v2\/categories?post=78153"},{"taxonomy":"post_tag","embeddable":true,"href":"https:\/\/gazdasagportal.hu\/index.php\/wp-json\/wp\/v2\/tags?post=78153"}],"curies":[{"name":"wp","href":"https:\/\/api.w.org\/{rel}","templated":true}]}}