{"id":78149,"date":"2016-04-25T04:44:00","date_gmt":"2016-04-25T02:44:00","guid":{"rendered":"http:\/\/gazdasagportal.hu\/?p=78149"},"modified":"2016-04-24T23:09:46","modified_gmt":"2016-04-24T21:09:46","slug":"ilyen-ido-lesz-aprilis-utolso-heteben-de-nem-fogunk-neki-orulni","status":"publish","type":"post","link":"https:\/\/gazdasagportal.hu\/index.php\/ilyen-ido-lesz-aprilis-utolso-heteben-de-nem-fogunk-neki-orulni\/","title":{"rendered":"Ilyen id\u0151 lesz \u00e1prilis utols\u00f3 het\u00e9ben, de nem fogunk neki \u00f6r\u00fclni"},"content":{"rendered":"<p><strong>A k\u00f6vetkez\u0151 napokban is t\u00f6bbfel\u00e9 er\u0151s, n\u00e9hol viharos lehet a sz\u00e9l. \u00c1prilis utols\u00f3 napjaiban folytat\u00f3dik a v\u00e1ltoz\u00e9kony id\u0151: naps\u00fct\u00e9sre, de es\u0151re, a leghidegebb \u00f3r\u00e1kban fagypont k\u00f6r\u00fcli h\u0151m\u00e9rs\u00e9kletre is k\u00e9sz\u00fclni kell &#8211; der\u00fcl ki az Orsz\u00e1gos Meteorol\u00f3giai Szolg\u00e1latnak vas\u00e1rnap az MTI-hez eljuttatott orsz\u00e1gos, k\u00f6z\u00e9pt\u00e1v\u00fa el\u0151rejelz\u00e9s\u00e9b\u0151l.<\/strong><!--more--><\/p>\n<div class=\"ads-in-post1\"><div id=\"gazdasagportal.hu_fullbanner_wideboard\"><\/div>\r\n<\/div>\n<p>    H\u00e9tf\u0151n napk\u00f6zben is t\u00f6bb helyen meger\u0151s\u00f6dik, n\u00e9hol az \u00c9szak-Dun\u00e1nt\u00falon \u00e9s \u00e9szakkeleten vihaross\u00e1 is fokoz\u00f3dik a sz\u00e9l, de est\u00e9re jelent\u0151sen m\u00e9rs\u00e9kl\u0151dik a l\u00e9gmozg\u00e1s. Els\u0151sorban a Duna-Tisza k\u00f6z\u00e9n v\u00e1rhat\u00f3 es\u0151, z\u00e1por. A legalacsonyabb h\u0151m\u00e9rs\u00e9klet 2 \u00e9s 7 fok k\u00f6z\u00f6tt val\u00f3sz\u00edn\u0171, a sz\u00e9lv\u00e9dett ter\u00fcleteken lehet a hidegebb. A legmagasabb nappali h\u0151m\u00e9rs\u00e9klet t\u00f6bbnyire 8 \u00e9s 12 fok k\u00f6z\u00f6tt v\u00e1rhat\u00f3.<br \/>\n    Kedden eleinte der\u00fclt, napos id\u0151 v\u00e1rhat\u00f3, majd a Dun\u00e1nt\u00falon \u00e9s \u00e9szakon fokozatosan megn\u00f6vekszik a felh\u0151zet. D\u00e9lut\u00e1nt\u00f3l ut\u00f3bbi ter\u00fcleteken egyre t\u00f6bb helyen alakulhat ki es\u0151, z\u00e1por. A Nyugat-Dun\u00e1nt\u00falon a sz\u00e9l is meger\u0151s\u00f6dhet. A minimumh\u0151m\u00e9rs\u00e9kleet m\u00ednusz 1 \u00e9s plusz fok k\u00f6z\u00f6tt val\u00f3sz\u00edn\u0171. A nappali maximumok v\u00e1rhat\u00f3an 14 \u00e9s 18 fok k\u00f6z\u00f6tt alakulnak.<br \/>\n    Szerd\u00e1n az Alf\u00f6ld\u00f6n v\u00e1rhat\u00f3 t\u00f6bb naps\u00fct\u00e9s, m\u00e1sutt csak r\u00f6videbb id\u0151re s\u00fcthet ki a nap. \u00d6sszess\u00e9g\u00e9ben sokfel\u00e9 kell es\u0151re, z\u00e1porra sz\u00e1m\u00edtani, \u00e9s t\u00f6bbfel\u00e9 meger\u0151s\u00f6dik a sz\u00e9l is. A leghidegebb \u00f3r\u00e1kban 1-6 fok lehet, nappal \u00e1ltal\u00e1ban 18-21 fokig melegszik a leveg\u0151, de a nyugati \u00e9s az \u00e9szaki hat\u00e1rvid\u00e9ken csak 11-18 fok lesz.<br \/>\n    Helyenk\u00e9nt m\u00e9g cs\u00fct\u00f6rt\u00f6k\u00f6n is meger\u0151s\u00f6dhet a sz\u00e9l, de sz\u00e1mottev\u0151 csapad\u00e9k nem val\u00f3sz\u00edn\u0171, t\u00f6bb\u00f3r\u00e1s naps\u00fct\u00e9s v\u00e1rhat\u00f3. A legalacsonyabb h\u0151m\u00e9rs\u00e9klet 1 \u00e9s 7, a legmagasabb h\u0151m\u00e9rs\u00e9klet 14 \u00e9s 17 fok k\u00f6z\u00f6tt alakul.<br \/>\n    P\u00e9nteken viszont ism\u00e9t t\u00f6bbfel\u00e9 val\u00f3sz\u00edn\u0171 es\u0151, z\u00e1por. Emellett meg\u00e9l\u00e9nk\u00fcl, n\u00e9hol meg is er\u0151s\u00f6dik a l\u00e9gmozg\u00e1s. A leghidegebb \u00f3r\u00e1kban 0-8 fok lehet, napk\u00f6zben 12-18 fokig melegszik a leveg\u0151.<br \/>\n    Szombaton napos vagy v\u00e1ltoz\u00f3an felh\u0151s lesz az \u00e9g, sz\u00e1mottev\u0151 csapad\u00e9k nem lesz. A legalacsonyabb h\u0151m\u00e9rs\u00e9klet 2 \u00e9s 8, a legmagasabb h\u0151m\u00e9rs\u00e9klet 17 \u00e9s 21 fok k\u00f6z\u00f6tt alakul.<br \/>\n    Vas\u00e1rnap, m\u00e1jus elsej\u00e9n t\u00f6bb\u00f3r\u00e1s naps\u00fct\u00e9s v\u00e1rhat\u00f3, csak n\u00e9hol lehet kisebb z\u00e1pores\u0151. A minimumh\u0151m\u00e9rs\u00e9klet 3 \u00e9s 9, a maximumh\u0151m\u00e9rs\u00e9klet 17 \u00e9s 22 fok k\u00f6z\u00f6tt val\u00f3sz\u00edn\u0171 &#8211; olvashat\u00f3 az el\u0151rejelz\u00e9sben.(MTI)<\/p>\n","protected":false},"excerpt":{"rendered":"<p>A k\u00f6vetkez\u0151 napokban is t\u00f6bbfel\u00e9 er\u0151s, n\u00e9hol viharos lehet a sz\u00e9l. \u00c1prilis utols\u00f3 napjaiban folytat\u00f3dik a v\u00e1ltoz\u00e9kony id\u0151: naps\u00fct\u00e9sre, de es\u0151re, a leghidegebb \u00f3r\u00e1kban fagypont k\u00f6r\u00fcli h\u0151m\u00e9rs\u00e9kletre is k\u00e9sz\u00fclni kell &#8211; der\u00fcl ki az Orsz\u00e1gos Meteorol\u00f3giai Szolg\u00e1latnak vas\u00e1rnap az MTI-hez eljuttatott orsz\u00e1gos, k\u00f6z\u00e9pt\u00e1v\u00fa el\u0151rejelz\u00e9s\u00e9b\u0151l.<\/p>\n","protected":false},"author":1,"featured_media":0,"comment_status":"open","ping_status":"closed","sticky":false,"template":"","format":"standard","meta":[],"categories":[4],"tags":[],"_links":{"self":[{"href":"https:\/\/gazdasagportal.hu\/index.php\/wp-json\/wp\/v2\/posts\/78149"}],"collection":[{"href":"https:\/\/gazdasagportal.hu\/index.php\/wp-json\/wp\/v2\/posts"}],"about":[{"href":"https:\/\/gazdasagportal.hu\/index.php\/wp-json\/wp\/v2\/types\/post"}],"author":[{"embeddable":true,"href":"https:\/\/gazdasagportal.hu\/index.php\/wp-json\/wp\/v2\/users\/1"}],"replies":[{"embeddable":true,"href":"https:\/\/gazdasagportal.hu\/index.php\/wp-json\/wp\/v2\/comments?post=78149"}],"version-history":[{"count":1,"href":"https:\/\/gazdasagportal.hu\/index.php\/wp-json\/wp\/v2\/posts\/78149\/revisions"}],"predecessor-version":[{"id":78150,"href":"https:\/\/gazdasagportal.hu\/index.php\/wp-json\/wp\/v2\/posts\/78149\/revisions\/78150"}],"wp:attachment":[{"href":"https:\/\/gazdasagportal.hu\/index.php\/wp-json\/wp\/v2\/media?parent=78149"}],"wp:term":[{"taxonomy":"category","embeddable":true,"href":"https:\/\/gazdasagportal.hu\/index.php\/wp-json\/wp\/v2\/categories?post=78149"},{"taxonomy":"post_tag","embeddable":true,"href":"https:\/\/gazdasagportal.hu\/index.php\/wp-json\/wp\/v2\/tags?post=78149"}],"curies":[{"name":"wp","href":"https:\/\/api.w.org\/{rel}","templated":true}]}}