{"id":78145,"date":"2016-04-24T17:17:56","date_gmt":"2016-04-24T15:17:56","guid":{"rendered":"http:\/\/gazdasagportal.hu\/?p=78145"},"modified":"2016-04-24T09:08:58","modified_gmt":"2016-04-24T07:08:58","slug":"obama-brexit-eseten-tiz-evbe-is-telhet-a-kulon-brit-amerikai-kereskedelmi-megallapodas","status":"publish","type":"post","link":"https:\/\/gazdasagportal.hu\/index.php\/obama-brexit-eseten-tiz-evbe-is-telhet-a-kulon-brit-amerikai-kereskedelmi-megallapodas\/","title":{"rendered":"Obama: Brexit eset\u00e9n t\u00edz \u00e9vbe is telhet a k\u00fcl\u00f6n brit-amerikai kereskedelmi meg\u00e1llapod\u00e1s"},"content":{"rendered":"<p><strong>Az amerikai eln\u00f6k szerint t\u00edz \u00e9vig is eltarthat a k\u00fcl\u00f6n brit-amerikai kereskedelmi meg\u00e1llapod\u00e1s kidolgoz\u00e1sa, ha Nagy-Britannia a brit EU-tags\u00e1gr\u00f3l j\u00faniusra ki\u00edrt n\u00e9pszavaz\u00e1s eredm\u00e9nyek\u00e9nt t\u00e1vozna az Eur\u00f3pai Uni\u00f3b\u00f3l.<\/strong><!--more--><\/p>\n<div class=\"ads-in-post1\"><div id=\"gazdasagportal.hu_fullbanner_wideboard\"><\/div>\r\n<\/div>\n<p>    Barack Obama k\u00e9tnapos londoni l\u00e1togat\u00e1s\u00e1nak v\u00e9g\u00e9n interj\u00fat adott a BBC telev\u00edzi\u00f3nak. A vas\u00e1rnap hajnalban el\u0151zetesen k\u00f6zz\u00e9tett interj\u00far\u00e9szletben Obama kijelenti: az Egyes\u00fclt \u00c1llamok nem hagy fel azzal a c\u00e9lj\u00e1val, hogy kereskedelmi egyezs\u00e9get k\u00f6ss\u00f6n legnagyobb keresked\u0151partner\u00e9vel, vagyis az eur\u00f3pai piaccal, de \u00f6t vagy ak\u00e1r t\u00edz \u00e9vbe is beletelhet, mire &#8222;siker\u00fcl valamit \u00f6sszehoznunk&#8221;.<br \/>\n    Nagy-Britannia viszont nem tudna gyorsabban eredm\u00e9nyre jutni az Egyes\u00fclt \u00c1llamokkal folytatott t\u00e1rgyal\u00e1sokon, mint az Eur\u00f3pai Uni\u00f3 &#8211; tette hozz\u00e1 az amerikai eln\u00f6k.<br \/>\n    Obama a k\u00e9tnapos londoni l\u00e1togat\u00e1s sor\u00e1n m\u00e1sodszor tett egy\u00e9rtelm\u0171 utal\u00e1st arra, hogy ha Nagy-Britannia t\u00e1vozik az Eur\u00f3pai Uni\u00f3b\u00f3l, akkor nem sz\u00e1m\u00edthatna egyhamar k\u00fcl\u00f6n kereskedelmi meg\u00e1llapod\u00e1sra az Egyes\u00fclt \u00c1llamokkal. David Cameron brit minisztereln\u00f6kkel tartott p\u00e9ntek esti k\u00f6z\u00f6s sajt\u00f3t\u00e1j\u00e9koztat\u00f3j\u00e1n is kijelentette: lehets\u00e9ges, hogy &#8222;valamikor&#8221; megsz\u00fclethetne egy k\u00fcl\u00f6n brit-amerikai kereskedelmi egyezm\u00e9ny, ez azonban nem a k\u00f6zelj\u00f6v\u0151ben lenne, mivel az Egyes\u00fclt \u00c1llamok az EU-val folytatott kereskedelmi t\u00e1rgyal\u00e1sokra \u00f6sszpontos\u00edtja figyelm\u00e9t, Nagy-Britannia pedig &#8222;a sor v\u00e9g\u00e9re ker\u00fclne&#8221;, ha t\u00e1vozna az uni\u00f3b\u00f3l.<br \/>\n    Az amerikai eln\u00f6k ezzel alig burkoltan a Brexit-p\u00e1rtiaknak, vagyis a brit EU-tags\u00e1g felad\u00e1s\u00e1\u00e9rt kamp\u00e1nyol\u00f3 t\u00e1bornak \u00fczent. A Brexit t\u00e1mogat\u00f3i ugyanis rendszeresen azzal \u00e9rvelnek, hogy Nagy-Britannia k\u00f6nny\u0171szerrel k\u00f6thetne k\u00e9toldal\u00fa meg\u00e1llapod\u00e1sokat f\u0151 kereskedelmi partnereivel, k\u00f6zt\u00fck az Egyes\u00fclt \u00c1llamokkal, ha kil\u00e9pne az EU-b\u00f3l.<br \/>\n     Boris Johnson, London konzervat\u00edv p\u00e1rti polg\u00e1rmestere &#8211; a Brexit-t\u00e1bor egyik legbefoly\u00e1sosabb tagja, aki a brit sajt\u00f3 egy\u00f6ntet\u0171 v\u00e9lem\u00e9nye szerint a k\u00f6vetkez\u0151, 2020-as v\u00e1laszt\u00e1sokon a minisztereln\u00f6ki tiszts\u00e9g\u00e9rt m\u00e1r nem indul\u00f3 David Cameron egyik leges\u00e9lyesebb ut\u00f3djel\u00f6ltje &#8211; Obama szavaira reag\u00e1lva kijelentette: Nagy-Britannia az ut\u00f3bbi 43 \u00e9vben sem k\u00f6t\u00f6tt kereskedelmi meg\u00e1llapod\u00e1st az Egyes\u00fclt \u00c1llamokkal, \u00e9s ennek oka \u00e9ppen a brit EU-tags\u00e1g. Johnson ezzel arra utalt, hogy Nagy-Britannia 43 \u00e9ve, 1973-ban csatlakozott az EU el\u0151dszervezet\u00e9hez.(MTI)<\/p>\n","protected":false},"excerpt":{"rendered":"<p>Az amerikai eln\u00f6k szerint t\u00edz \u00e9vig is eltarthat a k\u00fcl\u00f6n brit-amerikai kereskedelmi meg\u00e1llapod\u00e1s kidolgoz\u00e1sa, ha Nagy-Britannia a brit EU-tags\u00e1gr\u00f3l j\u00faniusra ki\u00edrt n\u00e9pszavaz\u00e1s eredm\u00e9nyek\u00e9nt t\u00e1vozna az Eur\u00f3pai Uni\u00f3b\u00f3l.<\/p>\n","protected":false},"author":1,"featured_media":0,"comment_status":"open","ping_status":"closed","sticky":false,"template":"","format":"standard","meta":[],"categories":[246],"tags":[],"_links":{"self":[{"href":"https:\/\/gazdasagportal.hu\/index.php\/wp-json\/wp\/v2\/posts\/78145"}],"collection":[{"href":"https:\/\/gazdasagportal.hu\/index.php\/wp-json\/wp\/v2\/posts"}],"about":[{"href":"https:\/\/gazdasagportal.hu\/index.php\/wp-json\/wp\/v2\/types\/post"}],"author":[{"embeddable":true,"href":"https:\/\/gazdasagportal.hu\/index.php\/wp-json\/wp\/v2\/users\/1"}],"replies":[{"embeddable":true,"href":"https:\/\/gazdasagportal.hu\/index.php\/wp-json\/wp\/v2\/comments?post=78145"}],"version-history":[{"count":1,"href":"https:\/\/gazdasagportal.hu\/index.php\/wp-json\/wp\/v2\/posts\/78145\/revisions"}],"predecessor-version":[{"id":78146,"href":"https:\/\/gazdasagportal.hu\/index.php\/wp-json\/wp\/v2\/posts\/78145\/revisions\/78146"}],"wp:attachment":[{"href":"https:\/\/gazdasagportal.hu\/index.php\/wp-json\/wp\/v2\/media?parent=78145"}],"wp:term":[{"taxonomy":"category","embeddable":true,"href":"https:\/\/gazdasagportal.hu\/index.php\/wp-json\/wp\/v2\/categories?post=78145"},{"taxonomy":"post_tag","embeddable":true,"href":"https:\/\/gazdasagportal.hu\/index.php\/wp-json\/wp\/v2\/tags?post=78145"}],"curies":[{"name":"wp","href":"https:\/\/api.w.org\/{rel}","templated":true}]}}