{"id":78141,"date":"2016-04-24T14:02:58","date_gmt":"2016-04-24T12:02:58","guid":{"rendered":"http:\/\/gazdasagportal.hu\/?p=78141"},"modified":"2016-04-24T09:04:39","modified_gmt":"2016-04-24T07:04:39","slug":"iran-menedeket-igert-aszadnak-es-csaladjanak","status":"publish","type":"post","link":"https:\/\/gazdasagportal.hu\/index.php\/iran-menedeket-igert-aszadnak-es-csaladjanak\/","title":{"rendered":"Ir\u00e1n mened\u00e9ket \u00edg\u00e9rt Aszadnak \u00e9s csal\u00e1dj\u00e1nak"},"content":{"rendered":"<p><strong>Teher\u00e1n mened\u00e9ket k\u00edn\u00e1l Bass\u00e1r el-Aszad sz\u00edriai eln\u00f6knek \u00e9s csal\u00e1dj\u00e1nak &#8211; ezt jelentette be egy k\u00f6zlem\u00e9nyben Mahm\u00fad Alavi-Tabar, a h\u00edrszerz\u00e9si \u00e9s biztons\u00e1gi \u00fcgyekkel foglalkoz\u00f3 ir\u00e1ni miniszter. A h\u00edrr\u0151l az Interfax orosz h\u00edr\u00fcgyn\u00f6ks\u00e9g sz\u00e1molt be szombaton a libanoni p\u00e1narab al-Majad\u00edn telev\u00edzi\u00f3s csatorn\u00e1ra hivatkozva.<\/strong><!--more--><\/p>\n<div class=\"ads-in-post1\"><div id=\"gazdasagportal.hu_fullbanner_wideboard\"><\/div>\r\n<\/div>\n<p>A miniszter k\u00f6zlem\u00e9nye szerint Aszad Ir\u00e1nb\u00f3l folytathatn\u00e1 a l\u00e1zad\u00f3k elleni katonai m\u0171veletek ir\u00e1ny\u00edt\u00e1s\u00e1t.<br \/>\nAlavi megjegyezte, hogy ezt az aj\u00e1nlatot Kaszem Szulejm\u00e1ni, az al-Kudsz Er\u0151knek, a Forradalmi G\u00e1rda k\u00fclf\u00f6ldi k\u00fcl\u00f6nleges m\u0171veletekkel megb\u00edzott egys\u00e9g\u00e9nek parancsnoka kezdem\u00e9nyezte.<br \/>\nAz ir\u00e1ni miniszter ugyanakkor elmondta: Aszad elutas\u00edtotta a javaslatot, lesz\u00f6gezve, hogy \u0151 \u00e9s csal\u00e1dja m\u00e1s sz\u00edriai csal\u00e1dokhoz hasonl\u00f3an Damaszkuszban maradnak.<br \/>\nAlavi szerint Teher\u00e1n tov\u00e1bbi t\u00e1mogat\u00e1s\u00e1r\u00f3l biztos\u00edtotta Aszadot, hozz\u00e1f\u0171zve, hogy a k\u00e9t orsz\u00e1g k\u00f6z\u00f6tti kapcsolatok er\u0151sebbek, mint valaha.<br \/>\nKaszem Szulejm\u00e1ni tavaly j\u00faliusban Moszkv\u00e1ba utazott, hogy seg\u00edtsen a damaszkuszi rezsimmel sz\u00f6vets\u00e9ges Oroszorsz\u00e1gnak kidolgozni sz\u00edriai katonai beavatkoz\u00e1s\u00e1nak terveit, illetve l\u00e9trehozni egy Aszadot t\u00e1mogat\u00f3 orosz-ir\u00e1ni sz\u00f6vets\u00e9get.<br \/>\nSzulejm\u00e1ni a m\u00falt h\u00e9ten ism\u00e9t Moszkv\u00e1ba utazott, hogy elm\u00e9ly\u00edtse a k\u00e9t orsz\u00e1g egy\u00fcttm\u0171k\u00f6d\u00e9s\u00e9t Sz\u00edri\u00e1val kapcsolatban &#8211; k\u00f6z\u00f6lt\u00e9k biztons\u00e1gi forr\u00e1sok.(MTI)<\/p>\n<p><a title=\"Hely megnyit\u00e1sa\" href=\"http:\/\/www.interfax.ru\/world\/505290\" target=\"_blank\" rel=\"noopener\">http:\/\/www.interfax.ru\/world\/505290<\/a><\/p><div id=\"gazda-3658531362\" class=\"gazda-tartalomban gazda-entity-placement\"><script async src=\"https:\/\/pagead2.googlesyndication.com\/pagead\/js\/adsbygoogle.js\"><\/script>\r\n<ins class=\"adsbygoogle\"\r\n     style=\"display:block\"\r\n     data-ad-format=\"fluid\"\r\n     data-ad-layout-key=\"-6t+ed+2i-1n-4w\"\r\n     data-ad-client=\"ca-pub-1959107119989764\"\r\n     data-ad-slot=\"4008251320\"><\/ins>\r\n<script>\r\n     (adsbygoogle = window.adsbygoogle || []).push({});\r\n<\/script><\/div>\n<p>&nbsp;<\/p>\n","protected":false},"excerpt":{"rendered":"<p>Teher\u00e1n mened\u00e9ket k\u00edn\u00e1l Bass\u00e1r el-Aszad sz\u00edriai eln\u00f6knek \u00e9s csal\u00e1dj\u00e1nak &#8211; ezt jelentette be egy k\u00f6zlem\u00e9nyben Mahm\u00fad Alavi-Tabar, a h\u00edrszerz\u00e9si \u00e9s biztons\u00e1gi \u00fcgyekkel foglalkoz\u00f3 ir\u00e1ni miniszter. A h\u00edrr\u0151l az Interfax orosz h\u00edr\u00fcgyn\u00f6ks\u00e9g sz\u00e1molt be szombaton a libanoni p\u00e1narab al-Majad\u00edn telev\u00edzi\u00f3s csatorn\u00e1ra hivatkozva.<\/p>\n","protected":false},"author":1,"featured_media":0,"comment_status":"open","ping_status":"closed","sticky":false,"template":"","format":"standard","meta":[],"categories":[16],"tags":[],"_links":{"self":[{"href":"https:\/\/gazdasagportal.hu\/index.php\/wp-json\/wp\/v2\/posts\/78141"}],"collection":[{"href":"https:\/\/gazdasagportal.hu\/index.php\/wp-json\/wp\/v2\/posts"}],"about":[{"href":"https:\/\/gazdasagportal.hu\/index.php\/wp-json\/wp\/v2\/types\/post"}],"author":[{"embeddable":true,"href":"https:\/\/gazdasagportal.hu\/index.php\/wp-json\/wp\/v2\/users\/1"}],"replies":[{"embeddable":true,"href":"https:\/\/gazdasagportal.hu\/index.php\/wp-json\/wp\/v2\/comments?post=78141"}],"version-history":[{"count":1,"href":"https:\/\/gazdasagportal.hu\/index.php\/wp-json\/wp\/v2\/posts\/78141\/revisions"}],"predecessor-version":[{"id":78142,"href":"https:\/\/gazdasagportal.hu\/index.php\/wp-json\/wp\/v2\/posts\/78141\/revisions\/78142"}],"wp:attachment":[{"href":"https:\/\/gazdasagportal.hu\/index.php\/wp-json\/wp\/v2\/media?parent=78141"}],"wp:term":[{"taxonomy":"category","embeddable":true,"href":"https:\/\/gazdasagportal.hu\/index.php\/wp-json\/wp\/v2\/categories?post=78141"},{"taxonomy":"post_tag","embeddable":true,"href":"https:\/\/gazdasagportal.hu\/index.php\/wp-json\/wp\/v2\/tags?post=78141"}],"curies":[{"name":"wp","href":"https:\/\/api.w.org\/{rel}","templated":true}]}}