{"id":78137,"date":"2016-04-24T10:57:45","date_gmt":"2016-04-24T08:57:45","guid":{"rendered":"http:\/\/gazdasagportal.hu\/?p=78137"},"modified":"2016-04-24T08:06:22","modified_gmt":"2016-04-24T06:06:22","slug":"obama-londonban-a-brexit-tabor-visszautasitja-obama-beavatkozasat-az-eu-nepszavazasi-kampanyba","status":"publish","type":"post","link":"https:\/\/gazdasagportal.hu\/index.php\/obama-londonban-a-brexit-tabor-visszautasitja-obama-beavatkozasat-az-eu-nepszavazasi-kampanyba\/","title":{"rendered":"Obama Londonban &#8211; A Brexit-t\u00e1bor visszautas\u00edtja Obama beavatkoz\u00e1s\u00e1t az EU-n\u00e9pszavaz\u00e1si kamp\u00e1nyba"},"content":{"rendered":"<p><strong>Beavatkoz\u00e1sk\u00e9nt \u00e9rt\u00e9kelt\u00e9k \u00e9s visszautas\u00edtott\u00e1k szombati nyilatkozataikban a brit belpolitika EU-szkeptikus t\u00e1bor\u00e1nak k\u00e9pvisel\u0151i Barack Obama amerikai eln\u00f6k \u00e1ll\u00e1sfoglal\u00e1s\u00e1t arr\u00f3l, hogy Nagy-Britanni\u00e1nak az Eur\u00f3pai Uni\u00f3ban kellene maradnia.<\/strong><!--more--><\/p>\n<div class=\"ads-in-post1\"><div id=\"gazdasagportal.hu_fullbanner_wideboard\"><\/div>\r\n<\/div>\n<p>    Obama, aki el\u0151z\u0151 este David Cameron minisztereln\u00f6kkel t\u00e1rgyalt a Downing Streeten, a megbesz\u00e9l\u00e9s ut\u00e1ni londoni sajt\u00f3t\u00e1j\u00e9koztat\u00f3j\u00e1n rendk\u00edv\u00fcli felt\u0171n\u00e9st kelt\u0151, er\u0151teljes \u00e9rvel\u00e9ssel \u00e1llt ki Nagy-Britannia tov\u00e1bbi EU-tags\u00e1ga mellett.<br \/>\n    A The Times c\u00edm\u0171 tekint\u00e9lyes konzervat\u00edv brit napilap szombati kiad\u00e1s\u00e1nak els\u0151oldalas f\u0151c\u00edm\u00e9ben &#8222;Obama EU-ultim\u00e1tum\u00e1nak&#8221; nevezte az amerikai eln\u00f6k azon kijelent\u00e9s\u00e9t, hogy ha Nagy-Britannia kil\u00e9p az Eur\u00f3pai Uni\u00f3b\u00f3l, akkor nem sz\u00e1m\u00edthatna egyhamar k\u00fcl\u00f6n kereskedelmi meg\u00e1llapod\u00e1sra az Egyes\u00fclt \u00c1llamokkal.<br \/>\n    Obama szerint az Egyes\u00fclt \u00c1llamok az EU-val folytatott kereskedelmi t\u00e1rgyal\u00e1sokra \u00f6sszpontos\u00edtja figyelm\u00e9t, Nagy-Britannia pedig &#8222;a sor v\u00e9g\u00e9re ker\u00fclne&#8221;, ha t\u00e1vozna az uni\u00f3b\u00f3l.<br \/>\n    Nigel Farage, az Egyes\u00fclt Kir\u00e1lys\u00e1g F\u00fcggetlens\u00e9gi P\u00e1rtj\u00e1nak (UKIP) vezet\u0151je &#8211; akinek els\u0151dleges politikai programja a Brexit, vagyis Nagy-Britannia t\u00e1voz\u00e1sa az EU-b\u00f3l &#8211; a BBC-nek nyilatkozva szombaton kijelentette: gyan\u00faja szerint az amerikai eln\u00f6k &#8222;ezt a sz\u00f6veget&#8221; a brit korm\u00e1nyf\u0151 sugallat\u00e1ra mondta. Farage szerint ennek &#8222;\u00e1rulkod\u00f3, sz\u00e9gyenletes jele&#8221;, hogy Obama a nagy-britanniai angol nyelv sz\u00f3t\u00e1rk\u00e9szlet\u00e9ben honos kifejez\u00e9st haszn\u00e1lta (back of the queue),  ahelyett, hogy az amerikai angolban szok\u00e1sos kifejez\u00e9ssel (back of the line) \u00e9lt volna, amikor azt mondta, hogy Nagy-Britannia Brexit eset\u00e9n &#8222;a sor v\u00e9g\u00e9re ker\u00fclne&#8221; az Egyes\u00fclt \u00c1llamokkal folytatott kereskedelmi t\u00e1rgyal\u00e1sok folyamat\u00e1ban.<br \/>\n     A Downing Street szombaton c\u00e1folta, hogy a brit korm\u00e1nyf\u0151 b\u00e1rmilyen m\u00f3don befoly\u00e1solta volna Obam\u00e1t mondand\u00f3j\u00e1ban. A londoni minisztereln\u00f6ki hivatal szerint az amerikai eln\u00f6k saj\u00e1t v\u00e9lem\u00e9ny\u00e9nek adott hangot a sajt\u00f3t\u00e1j\u00e9koztat\u00f3n.<br \/>\n     Boris Johnson, London konzervat\u00edv p\u00e1rti polg\u00e1rmestere &#8211; a Brexit-t\u00e1bor egyik legbefoly\u00e1sosabb tagja, aki a brit sajt\u00f3 egy\u00f6ntet\u0171 v\u00e9lem\u00e9nye szerint a k\u00f6vetkez\u0151, 2020-as v\u00e1laszt\u00e1sokon a minisztereln\u00f6ki tiszts\u00e9g\u00e9rt m\u00e1r nem indul\u00f3 David Cameron egyik leges\u00e9lyesebb ut\u00f3djel\u00f6ltje &#8211; a BBC-nek szombaton kijelentette: &#8222;nagyon furcsa \u00e9s paradox jelens\u00e9g&#8221;, hogy a saj\u00e1t szuverenit\u00e1s\u00e1t &#8222;oly megsz\u00e1llott f\u00e9lt\u00e9kenys\u00e9ggel \u0151rz\u0151 Egyes\u00fclt \u00c1llamok tart el\u0151ad\u00e1st nek\u00fcnk arr\u00f3l&#8221;, hogy a szuver\u00e9n Nagy-Britanni\u00e1nak mi\u00e9rt kellene &#8222;e f\u00f6der\u00e1lis rendszerhez&#8221; &#8211; vagyis az Eur\u00f3pai Uni\u00f3hoz &#8211; tartoznia.<br \/>\n    A Sky News brit h\u00edrtelev\u00edzi\u00f3 saj\u00e1t k\u00f6zv\u00e9lem\u00e9ny-kutat\u00f3 r\u00e9szleg\u00e9nek szombaton ismertetett gyorsfelm\u00e9r\u00e9se szerint a britek t\u00f6bbs\u00e9ge sem helyesli Barack Obama ny\u00edlt \u00e1ll\u00e1sfoglal\u00e1s\u00e1t a brit EU-tags\u00e1g k\u00e9rd\u00e9s\u00e9ben. A v\u00e1laszad\u00f3k 60 sz\u00e1zal\u00e9ka nemleges v\u00e1laszt adott az \u00fagy megfogalmazott a k\u00e9rd\u00e9sre, hogy az amerikai eln\u00f6knek &#8222;be kellene-e avatkoznia&#8221; a n\u00e9pszavaz\u00e1s kamp\u00e1ny\u00e1ba. Obama v\u00e9lem\u00e9nynyilv\u00e1n\u00edt\u00e1s\u00e1t 29 sz\u00e1zal\u00e9k helyeselte.<br \/>\n    A felm\u00e9r\u00e9s kimutatta ugyanakkor azt is, hogy a v\u00e1laszt\u00f3k t\u00f6bbs\u00e9g\u00e9t nem befoly\u00e1solja d\u00f6nt\u00e9s\u00e9ben az amerikai eln\u00f6k v\u00e9lem\u00e9nye. Arra a k\u00e9rd\u00e9sre, hogy Obam\u00e1nak a brit EU-tags\u00e1got p\u00e1rtol\u00f3 \u00e1ll\u00e1spontja val\u00f3sz\u00edn\u0171bb\u00e9, vagy kev\u00e9sb\u00e9 val\u00f3sz\u00edn\u0171v\u00e9 teszi-e, hogy a megk\u00e9rdezettek a brit EU-tags\u00e1g sors\u00e1r\u00f3l j\u00faniusra ki\u00edrt n\u00e9pszavaz\u00e1son a bennmarad\u00e1sra voksolnak, a v\u00e1laszad\u00f3k 57 sz\u00e1zal\u00e9ka nyilatkozott \u00fagy, hogy sz\u00e1m\u00e1ra ebb\u0151l a szempontb\u00f3l k\u00f6z\u00f6mb\u00f6s az amerikai eln\u00f6k v\u00e9lem\u00e9nye. A felm\u00e9r\u00e9s r\u00e9szvev\u0151inek 25 sz\u00e1zal\u00e9ka val\u00f3sz\u00edn\u0171bbnek, 17 sz\u00e1zal\u00e9kuk kev\u00e9sb\u00e9 val\u00f3sz\u00edn\u0171nek nevezte, hogy Obama \u00e1ll\u00e1sfoglal\u00e1s\u00e1nak hat\u00e1s\u00e1ra Nagy-Britannia tov\u00e1bbi EU-tags\u00e1g\u00e1ra szavazna.(MTI)<\/p>\n","protected":false},"excerpt":{"rendered":"<p>Beavatkoz\u00e1sk\u00e9nt \u00e9rt\u00e9kelt\u00e9k \u00e9s visszautas\u00edtott\u00e1k szombati nyilatkozataikban a brit belpolitika EU-szkeptikus t\u00e1bor\u00e1nak k\u00e9pvisel\u0151i Barack Obama amerikai eln\u00f6k \u00e1ll\u00e1sfoglal\u00e1s\u00e1t arr\u00f3l, hogy Nagy-Britanni\u00e1nak az Eur\u00f3pai Uni\u00f3ban kellene maradnia.<\/p>\n","protected":false},"author":1,"featured_media":0,"comment_status":"open","ping_status":"closed","sticky":false,"template":"","format":"standard","meta":[],"categories":[12],"tags":[],"_links":{"self":[{"href":"https:\/\/gazdasagportal.hu\/index.php\/wp-json\/wp\/v2\/posts\/78137"}],"collection":[{"href":"https:\/\/gazdasagportal.hu\/index.php\/wp-json\/wp\/v2\/posts"}],"about":[{"href":"https:\/\/gazdasagportal.hu\/index.php\/wp-json\/wp\/v2\/types\/post"}],"author":[{"embeddable":true,"href":"https:\/\/gazdasagportal.hu\/index.php\/wp-json\/wp\/v2\/users\/1"}],"replies":[{"embeddable":true,"href":"https:\/\/gazdasagportal.hu\/index.php\/wp-json\/wp\/v2\/comments?post=78137"}],"version-history":[{"count":1,"href":"https:\/\/gazdasagportal.hu\/index.php\/wp-json\/wp\/v2\/posts\/78137\/revisions"}],"predecessor-version":[{"id":78138,"href":"https:\/\/gazdasagportal.hu\/index.php\/wp-json\/wp\/v2\/posts\/78137\/revisions\/78138"}],"wp:attachment":[{"href":"https:\/\/gazdasagportal.hu\/index.php\/wp-json\/wp\/v2\/media?parent=78137"}],"wp:term":[{"taxonomy":"category","embeddable":true,"href":"https:\/\/gazdasagportal.hu\/index.php\/wp-json\/wp\/v2\/categories?post=78137"},{"taxonomy":"post_tag","embeddable":true,"href":"https:\/\/gazdasagportal.hu\/index.php\/wp-json\/wp\/v2\/tags?post=78137"}],"curies":[{"name":"wp","href":"https:\/\/api.w.org\/{rel}","templated":true}]}}