{"id":78135,"date":"2016-04-24T09:22:27","date_gmt":"2016-04-24T07:22:27","guid":{"rendered":"http:\/\/gazdasagportal.hu\/?p=78135"},"modified":"2016-04-24T07:43:33","modified_gmt":"2016-04-24T05:43:33","slug":"koltsegvetes-kt-a-strukturalis-hiannyal-kapcsolatban-vannak-csak-ketsegek","status":"publish","type":"post","link":"https:\/\/gazdasagportal.hu\/index.php\/koltsegvetes-kt-a-strukturalis-hiannyal-kapcsolatban-vannak-csak-ketsegek\/","title":{"rendered":"K\u00f6lts\u00e9gvet\u00e9s &#8211; KT: a struktur\u00e1lis hi\u00e1nnyal kapcsolatban vannak csak k\u00e9ts\u00e9gek"},"content":{"rendered":"<p><strong>A K\u00f6lts\u00e9gvet\u00e9si Tan\u00e1csnak a 2017-es k\u00f6lts\u00e9gvet\u00e9s struktur\u00e1lis hi\u00e1ny\u00e1val kapcsolatban vannak csak k\u00e9ts\u00e9geik, de a t\u00f6bbi ponton a b\u00fcdzs\u00e9 az uni\u00f3s elv\u00e1r\u00e1sokkal szinkronban van &#8211; mondta Kov\u00e1cs \u00c1rp\u00e1d, a KT eln\u00f6ke az M1 aktu\u00e1lis csatorna szombat d\u00e9lel\u0151tti m\u0171sor\u00e1ban.<\/strong><!--more--><\/p>\n<div class=\"ads-in-post1\"><div id=\"gazdasagportal.hu_fullbanner_wideboard\"><\/div>\r\n<\/div>\n<p>    Kov\u00e1cs \u00c1rp\u00e1d hangs\u00falyozta, hogy a struktur\u00e1lis hi\u00e1nnyal kapcsolatban vannak korl\u00e1tok, amelyeket be kell tartani, \u00e9s a korm\u00e1nyt\u00f3l k\u00e9rt\u00e9k, hogy mutassa be az ehhez sz\u00fcks\u00e9ges folyamatokat. A korm\u00e1nyzat emellett d\u00f6nthet \u00fagy is, hogy azt mondja, nem tudja tartani a hat\u00e1rokat, de v\u00e9lhet\u0151en nem ezt v\u00e1lasztja &#8211; jegyezte meg.<br \/>\n    Besz\u00e9lt arr\u00f3l is, hogy a j\u00f6v\u0151 \u00e9vi ad\u00f3cs\u00f6kkent\u00e9seket a gazdas\u00e1gi termel\u00e9s n\u00f6veked\u00e9s\u00e9b\u0151l \u00e9s ad\u00f3beszed\u00e9s hat\u00e9konys\u00e1g\u00e1nak n\u00f6vel\u00e9s\u00e9b\u0151l lehet finansz\u00edrozni, ut\u00f3bbival kapcsolatban megjegyezte, j\u00f3 az ad\u00f3beszed\u00e9s hat\u00e9konys\u00e1ga, de &#8222;lenne m\u00e9g mit hark\u00e1lykodni&#8221; a sz\u00fcrkegazdas\u00e1g cs\u00f6kkent\u00e9s\u00e9ben.(MTI)<\/p>\n","protected":false},"excerpt":{"rendered":"<p>A K\u00f6lts\u00e9gvet\u00e9si Tan\u00e1csnak a 2017-es k\u00f6lts\u00e9gvet\u00e9s struktur\u00e1lis hi\u00e1ny\u00e1val kapcsolatban vannak csak k\u00e9ts\u00e9geik, de a t\u00f6bbi ponton a b\u00fcdzs\u00e9 az uni\u00f3s elv\u00e1r\u00e1sokkal szinkronban van &#8211; mondta Kov\u00e1cs \u00c1rp\u00e1d, a KT eln\u00f6ke az M1 aktu\u00e1lis csatorna szombat d\u00e9lel\u0151tti m\u0171sor\u00e1ban.<\/p>\n","protected":false},"author":1,"featured_media":0,"comment_status":"open","ping_status":"closed","sticky":false,"template":"","format":"standard","meta":[],"categories":[19],"tags":[],"_links":{"self":[{"href":"https:\/\/gazdasagportal.hu\/index.php\/wp-json\/wp\/v2\/posts\/78135"}],"collection":[{"href":"https:\/\/gazdasagportal.hu\/index.php\/wp-json\/wp\/v2\/posts"}],"about":[{"href":"https:\/\/gazdasagportal.hu\/index.php\/wp-json\/wp\/v2\/types\/post"}],"author":[{"embeddable":true,"href":"https:\/\/gazdasagportal.hu\/index.php\/wp-json\/wp\/v2\/users\/1"}],"replies":[{"embeddable":true,"href":"https:\/\/gazdasagportal.hu\/index.php\/wp-json\/wp\/v2\/comments?post=78135"}],"version-history":[{"count":1,"href":"https:\/\/gazdasagportal.hu\/index.php\/wp-json\/wp\/v2\/posts\/78135\/revisions"}],"predecessor-version":[{"id":78136,"href":"https:\/\/gazdasagportal.hu\/index.php\/wp-json\/wp\/v2\/posts\/78135\/revisions\/78136"}],"wp:attachment":[{"href":"https:\/\/gazdasagportal.hu\/index.php\/wp-json\/wp\/v2\/media?parent=78135"}],"wp:term":[{"taxonomy":"category","embeddable":true,"href":"https:\/\/gazdasagportal.hu\/index.php\/wp-json\/wp\/v2\/categories?post=78135"},{"taxonomy":"post_tag","embeddable":true,"href":"https:\/\/gazdasagportal.hu\/index.php\/wp-json\/wp\/v2\/tags?post=78135"}],"curies":[{"name":"wp","href":"https:\/\/api.w.org\/{rel}","templated":true}]}}