{"id":78130,"date":"2016-04-23T18:18:04","date_gmt":"2016-04-23T16:18:04","guid":{"rendered":"http:\/\/gazdasagportal.hu\/?p=78130"},"modified":"2016-04-23T08:47:48","modified_gmt":"2016-04-23T06:47:48","slug":"pwc-adoalap-kedvezmeny-a-kf-koltsegek-kapcsolt-vallalkozasok-kozotti-megosztasakor","status":"publish","type":"post","link":"https:\/\/gazdasagportal.hu\/index.php\/pwc-adoalap-kedvezmeny-a-kf-koltsegek-kapcsolt-vallalkozasok-kozotti-megosztasakor\/","title":{"rendered":"PwC: ad\u00f3alap-kedvezm\u00e9ny a k+f k\u00f6lts\u00e9gek kapcsolt v\u00e1llalkoz\u00e1sok k\u00f6z\u00f6tti megoszt\u00e1sakor"},"content":{"rendered":"<p><strong>A k+f k\u00f6lts\u00e9gek kapcsolt v\u00e1llalkoz\u00e1sok k\u00f6z\u00f6tti megoszt\u00e1sakor \u00e9rv\u00e9nyes\u00edthet\u0151 ad\u00f3alap-kedvezm\u00e9nnyel kev\u00e9s c\u00e9gcsoport \u00e9lt eddig a gyakorlati alkalmaz\u00e1ssal kapcsolatos bizonytalans\u00e1gok miatt &#8211; \u00e1ll\u00edtja a PwC. <\/strong><!--more--><\/p>\n<div class=\"ads-in-post1\"><div id=\"gazdasagportal.hu_fullbanner_wideboard\"><\/div>\r\n<\/div>\n<p>    A nemzetk\u00f6zi tan\u00e1csad\u00f3 c\u00e9g szerint a jogszab\u00e1ly rendk\u00edv\u00fcl sz\u0171kszav\u00faan fogalmaz a kedvezm\u00e9ny \u00e9rv\u00e9nyes\u00edthet\u0151s\u00e9g\u00e9nek felt\u00e9teleir\u0151l, a k\u00e9rd\u00e9sek tiszt\u00e1z\u00e1s\u00e1ra a PwC a Nemzetgazdas\u00e1gi Miniszt\u00e9riumt\u00f3l (NGM) k\u00e9rt t\u00e1j\u00e9koztat\u00e1st, amelyr\u0151l h\u00edrlevel\u00e9ben sz\u00e1mol be.<br \/>\n    A tan\u00e1csad\u00f3 ismerteti: a t\u00e1rsas\u00e1gi ad\u00f3 (tao) t\u00f6rv\u00e9ny szerint az ad\u00f3alap-kedvezm\u00e9ny ig\u00e9nybev\u00e9tel\u00e9nek felt\u00e9tele, hogy az ad\u00f3z\u00f3 legk\u00e9s\u0151bb a t\u00e1rsas\u00e1gi ad\u00f3bevall\u00e1s beny\u00fajt\u00e1s\u00e1ig rendelkezzen kapcsolt v\u00e1llalkoz\u00e1sa \u00edr\u00e1sos nyilatkozat\u00e1val, amely tartalmazza a kapcsolt f\u00e9l saj\u00e1t tev\u00e9kenys\u00e9gi k\u00f6r\u00e9ben v\u00e9gzett k+f tev\u00e9kenys\u00e9ge k\u00f6zvetlen k\u00f6lts\u00e9g\u00e9nek \u00f6sszeg\u00e9t \u00e9s a felek \u00e1ltal az ad\u00f3alap meg\u00e1llap\u00edt\u00e1sa sor\u00e1n \u00e9rv\u00e9nyes\u00edteni k\u00edv\u00e1nt \u00f6sszeget. A kapcsolt v\u00e1llalkoz\u00e1s \u00e1ltal ki\u00e1ll\u00edtott egyoldal\u00fa nyilatkozatban foglaltak\u00e9rt a felek egyetemleges felel\u0151ss\u00e9ggel tartoznak.<br \/>\n    A szab\u00e1lyoz\u00e1s t\u00f6bb k\u00e9rd\u00e9st is felvet, ilyen p\u00e9ld\u00e1ul, hogy hogyan \u00e1llap\u00edts\u00e1k meg az \u00e1tadand\u00f3 k+f k\u00f6lts\u00e9gek k\u00f6r\u00e9t \u00e9s m\u00e9rt\u00e9k\u00e9t (f\u0151k\u00e9nt azokn\u00e1l a v\u00e1llalkoz\u00e1sokn\u00e1l, ahol t\u00f6bb tev\u00e9kenys\u00e9ghez kapcsol\u00f3d\u00f3 k+f zajlik), valamint hogy az egyoldal\u00fa nyilatkozatn\u00e1l mit jelent pontosan az egyetemleges felel\u0151ss\u00e9g.<br \/>\n    K\u00e9rd\u00e9sk\u00e9nt mer\u00fclhet fel az is, ha a k\u00e9s\u0151bbiekben a kapcsolt v\u00e1llalkoz\u00e1s \u00e1tadhat\u00f3 k+f k\u00f6lts\u00e9geinek \u00f6sszege &#8211; ak\u00e1r egy ad\u00f3hat\u00f3s\u00e1gi ellen\u0151rz\u00e9s meg\u00e1llap\u00edt\u00e1sa nyom\u00e1n, ak\u00e1r egy\u00e9b okokn\u00e1l fogva &#8211; m\u00f3dosul, a k+f k\u00f6lts\u00e9get az ad\u00f3alapj\u00e1ban \u00e9rv\u00e9nyes\u00edt\u0151 ad\u00f3z\u00f3nak van-e lehet\u0151s\u00e9ge \u00f6nellen\u0151rz\u00e9sre, vagy a k+f k\u00f6lts\u00e9gek \u00e1tad\u00e1sa olyan gazdas\u00e1gi esem\u00e9nynek tekinthet\u0151-e, amelyekre alkalmazni kell a transzfer\u00e1r szab\u00e1lyokat &#8211; mutat r\u00e1 a PwC.<br \/>\n    Az NGM-t\u0151l kapott t\u00e1j\u00e9koztat\u00e1s szerint a felek az egyoldal\u00fa nyilatkozat kieg\u00e9sz\u00edt\u00e9sek\u00e9nt k\u00e9toldal\u00fa meg\u00e1llapod\u00e1st is k\u00f6thetnek, amelyben r\u00f6gz\u00edthetik az egym\u00e1s k\u00f6z\u00f6tt fenn\u00e1ll\u00f3 j\u00f6v\u0151beli felel\u0151ss\u00e9gi viszonyokat az egyetemleges felel\u0151ss\u00e9gre tekintettel, valamint a megoszt\u00e1s t\u00e1rgy\u00e1t k\u00e9pez\u0151 k+f k\u00f6lts\u00e9gek pontos \u00f6sszeg\u00e9nek al\u00e1t\u00e1maszt\u00e1s\u00e1ra annak kalkul\u00e1l\u00e1s\u00e1nak m\u00f3dj\u00e1t is.<br \/>\n    A szakt\u00e1rca az egyetemleges felel\u0151ss\u00e9g elv\u00e9re is figyelemmel meger\u0151s\u00edtette, amennyiben a k\u00e9s\u0151bbiekben meg\u00e1llap\u00edtj\u00e1k, hogy az ad\u00f3z\u00f3 kapcsolt v\u00e1llalkoz\u00e1sa k+f tev\u00e9kenys\u00e9g\u00e9re tekintettel nem megfelel\u0151 m\u00e9rt\u00e9kben cs\u00f6kkentette ad\u00f3alapj\u00e1t, ezt ut\u00f3lag \u00f6nellen\u0151rz\u00e9ssel m\u00f3dos\u00edthatja.<br \/>\n    A jog\u00e9rtelmez\u00e9s kiterjed azon indokokra is, amelyek megalapozz\u00e1k azt a meg\u00e1llap\u00edt\u00e1st, miszerint a k+f k\u00f6lts\u00e9gek megoszt\u00e1s\u00e1ra ir\u00e1nyul\u00f3 \u00fcgylet nem tekinthet\u0151 olyan gazdas\u00e1gi esem\u00e9nynek, amellyel \u00f6sszef\u00fcgg\u00e9sben a transzfer\u00e1r szab\u00e1lyokat alkalmazni kellene, azaz a kapcsol\u00f3d\u00f3 t\u00e1rsas\u00e1gi ad\u00f3alap korrekci\u00f3s t\u00e9tel \u00e9s a transzfer\u00e1r-nyilv\u00e1ntart\u00e1si k\u00f6telezetts\u00e9g nem terjed ki az \u00fcgyletre &#8211; \u00edrja a PwC.(MTI)<\/p>\n","protected":false},"excerpt":{"rendered":"<p>A k+f k\u00f6lts\u00e9gek kapcsolt v\u00e1llalkoz\u00e1sok k\u00f6z\u00f6tti megoszt\u00e1sakor \u00e9rv\u00e9nyes\u00edthet\u0151 ad\u00f3alap-kedvezm\u00e9nnyel kev\u00e9s c\u00e9gcsoport \u00e9lt eddig a gyakorlati alkalmaz\u00e1ssal kapcsolatos bizonytalans\u00e1gok miatt &#8211; \u00e1ll\u00edtja a PwC.<\/p>\n","protected":false},"author":1,"featured_media":0,"comment_status":"open","ping_status":"closed","sticky":false,"template":"","format":"standard","meta":[],"categories":[20],"tags":[],"_links":{"self":[{"href":"https:\/\/gazdasagportal.hu\/index.php\/wp-json\/wp\/v2\/posts\/78130"}],"collection":[{"href":"https:\/\/gazdasagportal.hu\/index.php\/wp-json\/wp\/v2\/posts"}],"about":[{"href":"https:\/\/gazdasagportal.hu\/index.php\/wp-json\/wp\/v2\/types\/post"}],"author":[{"embeddable":true,"href":"https:\/\/gazdasagportal.hu\/index.php\/wp-json\/wp\/v2\/users\/1"}],"replies":[{"embeddable":true,"href":"https:\/\/gazdasagportal.hu\/index.php\/wp-json\/wp\/v2\/comments?post=78130"}],"version-history":[{"count":1,"href":"https:\/\/gazdasagportal.hu\/index.php\/wp-json\/wp\/v2\/posts\/78130\/revisions"}],"predecessor-version":[{"id":78131,"href":"https:\/\/gazdasagportal.hu\/index.php\/wp-json\/wp\/v2\/posts\/78130\/revisions\/78131"}],"wp:attachment":[{"href":"https:\/\/gazdasagportal.hu\/index.php\/wp-json\/wp\/v2\/media?parent=78130"}],"wp:term":[{"taxonomy":"category","embeddable":true,"href":"https:\/\/gazdasagportal.hu\/index.php\/wp-json\/wp\/v2\/categories?post=78130"},{"taxonomy":"post_tag","embeddable":true,"href":"https:\/\/gazdasagportal.hu\/index.php\/wp-json\/wp\/v2\/tags?post=78130"}],"curies":[{"name":"wp","href":"https:\/\/api.w.org\/{rel}","templated":true}]}}