{"id":78128,"date":"2016-04-23T16:46:08","date_gmt":"2016-04-23T14:46:08","guid":{"rendered":"http:\/\/gazdasagportal.hu\/?p=78128"},"modified":"2016-04-23T08:46:41","modified_gmt":"2016-04-23T06:46:41","slug":"eurostat-a-kornyezetvedelmi-adok-63-szazalekat-tettek-ki-az-unios-adobevetelnek","status":"publish","type":"post","link":"https:\/\/gazdasagportal.hu\/index.php\/eurostat-a-kornyezetvedelmi-adok-63-szazalekat-tettek-ki-az-unios-adobevetelnek\/","title":{"rendered":"Eurostat: a k\u00f6rnyezetv\u00e9delmi ad\u00f3k 6,3 sz\u00e1zal\u00e9k\u00e1t tett\u00e9k ki az uni\u00f3s ad\u00f3bev\u00e9telnek"},"content":{"rendered":"<p><strong>A k\u00f6rnyezetv\u00e9delmi ad\u00f3k az \u00f6sszes ad\u00f3bev\u00e9tel \u00e9s szoci\u00e1lis hozz\u00e1j\u00e1rul\u00e1s 6,3 sz\u00e1zal\u00e9k\u00e1t tett\u00e9k ki 2014-ben az Eur\u00f3pai Uni\u00f3ban, ami cs\u00f6kken\u00e9s a 10 \u00e9vvel kor\u00e1bbihoz k\u00e9pest, 2004-ben m\u00e9g 6,8 sz\u00e1zal\u00e9k volt ez az ar\u00e1ny &#8211; der\u00fclt ki az Eurostat, az Eur\u00f3pai Uni\u00f3 statisztikai hivatala p\u00e9nteken publik\u00e1lt jelent\u00e9s\u00e9b\u0151l.<\/strong><!--more--><\/p>\n<div class=\"ads-in-post1\"><div id=\"gazdasagportal.hu_fullbanner_wideboard\"><\/div>\r\n<\/div>\n<p>    Az adatok szerint b\u00e1r az ar\u00e1ny cs\u00f6kkent, a tagorsz\u00e1gok kassz\u00e1j\u00e1ba 2014-ben k\u00f6rnyezetv\u00e9delmi ad\u00f3 c\u00edm\u00e9n 343,6 milli\u00e1rd eur\u00f3 folyt be, ami meghaladja a 10 \u00e9vvel kor\u00e1bbi 282 milli\u00e1rd eur\u00f3t.<br \/>\n    A k\u00f6rnyezetv\u00e9delmi ad\u00f3 teljes ad\u00f3bev\u00e9telen bel\u00fcli h\u00e1nyada fontos indik\u00e1tora az uni\u00f3 er\u0151forr\u00e1s-hat\u00e9kony Eur\u00f3p\u00e1t c\u00e9lz\u00f3 programj\u00e1nak, amely az \u00f6sszes ad\u00f3bev\u00e9telen bel\u00fcl 10 sz\u00e1zal\u00e9kos vagy azt meghalad\u00f3 ar\u00e1nyt tart megfelel\u0151nek a k\u00f6rnyezetv\u00e9delmi ad\u00f3ra.<br \/>\n    Szlov\u00e9ni\u00e1ban, Horv\u00e1torsz\u00e1gban \u00e9s G\u00f6r\u00f6gorsz\u00e1gban volt 10 sz\u00e1zal\u00e9k felett az ar\u00e1ny, m\u00edg Belgiumban \u00e9s Franciaorsz\u00e1gban 4,5 sz\u00e1zal\u00e9kot m\u00e9rtek 2014-ben. Magyarorsz\u00e1gon az \u00f6sszes ad\u00f3bev\u00e9tel 6,8 sz\u00e1zal\u00e9k\u00e1t adt\u00e1k a k\u00f6rnyezetv\u00e9delmi ad\u00f3k, ami cs\u00f6kken\u00e9s a 2004-es 7,7 sz\u00e1zal\u00e9khoz k\u00e9pest.<br \/>\n    A jelent\u00e9sb\u0151l az is kider\u00fclt, hogy a k\u00f6rnyezetv\u00e9delmi ad\u00f3k legnagyobb r\u00e9sz\u00e9t, uni\u00f3s \u00e1tlagban 76,5 sz\u00e1zal\u00e9k\u00e1t az energiaszektor ad\u00f3i adj\u00e1k, ide \u00e9rtve egyebek mellett az \u00fczemanyagok ut\u00e1n fizetett ad\u00f3t \u00e9s a sz\u00e9ndioxid-kibocs\u00e1t\u00e1si ad\u00f3t is. Az \u00fagynevezett sz\u00e1ll\u00edt\u00e1si ad\u00f3k 19,9 sz\u00e1zal\u00e9k\u00e1t teszik ki a k\u00f6rnyezetv\u00e9delmi ad\u00f3knak uni\u00f3s szinten, ezek p\u00e9ld\u00e1ul a j\u00e1rm\u0171vek ut\u00e1n fizetend\u0151 ad\u00f3k vagy a l\u00e9gij\u00e1ratok ut\u00e1ni illet\u00e9kek. A v\u00edz-\u00e9s l\u00e9gszennyez\u00e9s, valamint a term\u00e9szeti er\u0151forr\u00e1sok kiakn\u00e1z\u00e1s\u00e1val kapcsolatos ad\u00f3k r\u00e9szesed\u00e9se 3,6 sz\u00e1zal\u00e9k a k\u00f6rnyezetv\u00e9delmi ad\u00f3kb\u00f3l.(MTI)<\/p>\n","protected":false},"excerpt":{"rendered":"<p>A k\u00f6rnyezetv\u00e9delmi ad\u00f3k az \u00f6sszes ad\u00f3bev\u00e9tel \u00e9s szoci\u00e1lis hozz\u00e1j\u00e1rul\u00e1s 6,3 sz\u00e1zal\u00e9k\u00e1t tett\u00e9k ki 2014-ben az Eur\u00f3pai Uni\u00f3ban, ami cs\u00f6kken\u00e9s a 10 \u00e9vvel kor\u00e1bbihoz k\u00e9pest, 2004-ben m\u00e9g 6,8 sz\u00e1zal\u00e9k volt ez az ar\u00e1ny &#8211; der\u00fclt ki az Eurostat, az Eur\u00f3pai Uni\u00f3 statisztikai hivatala p\u00e9nteken publik\u00e1lt jelent\u00e9s\u00e9b\u0151l.<\/p>\n","protected":false},"author":1,"featured_media":0,"comment_status":"open","ping_status":"closed","sticky":false,"template":"","format":"standard","meta":[],"categories":[246],"tags":[],"_links":{"self":[{"href":"https:\/\/gazdasagportal.hu\/index.php\/wp-json\/wp\/v2\/posts\/78128"}],"collection":[{"href":"https:\/\/gazdasagportal.hu\/index.php\/wp-json\/wp\/v2\/posts"}],"about":[{"href":"https:\/\/gazdasagportal.hu\/index.php\/wp-json\/wp\/v2\/types\/post"}],"author":[{"embeddable":true,"href":"https:\/\/gazdasagportal.hu\/index.php\/wp-json\/wp\/v2\/users\/1"}],"replies":[{"embeddable":true,"href":"https:\/\/gazdasagportal.hu\/index.php\/wp-json\/wp\/v2\/comments?post=78128"}],"version-history":[{"count":1,"href":"https:\/\/gazdasagportal.hu\/index.php\/wp-json\/wp\/v2\/posts\/78128\/revisions"}],"predecessor-version":[{"id":78129,"href":"https:\/\/gazdasagportal.hu\/index.php\/wp-json\/wp\/v2\/posts\/78128\/revisions\/78129"}],"wp:attachment":[{"href":"https:\/\/gazdasagportal.hu\/index.php\/wp-json\/wp\/v2\/media?parent=78128"}],"wp:term":[{"taxonomy":"category","embeddable":true,"href":"https:\/\/gazdasagportal.hu\/index.php\/wp-json\/wp\/v2\/categories?post=78128"},{"taxonomy":"post_tag","embeddable":true,"href":"https:\/\/gazdasagportal.hu\/index.php\/wp-json\/wp\/v2\/tags?post=78128"}],"curies":[{"name":"wp","href":"https:\/\/api.w.org\/{rel}","templated":true}]}}