{"id":78126,"date":"2016-04-23T15:12:23","date_gmt":"2016-04-23T13:12:23","guid":{"rendered":"http:\/\/gazdasagportal.hu\/?p=78126"},"modified":"2016-04-23T08:45:16","modified_gmt":"2016-04-23T06:45:16","slug":"szerbiaban-terjeszkedik-a-gefco","status":"publish","type":"post","link":"https:\/\/gazdasagportal.hu\/index.php\/szerbiaban-terjeszkedik-a-gefco\/","title":{"rendered":"Szerbi\u00e1ban terjeszkedik a Gefco"},"content":{"rendered":"<p><strong>\u00c1prilis 5-\u00e9n a GEFCO Szerbia megkezdte m\u0171k\u00f6d\u00e9s\u00e9t: versenyk\u00e9pes, glob\u00e1lis logisztikai megold\u00e1sokat k\u00edn\u00e1lva a gy\u00e1rt\u00f3k sz\u00e1m\u00e1ra. \u201e\u00d6r\u00f6mmel t\u00e1mogatjuk Szerbia iparos\u00edt\u00e1si projektjeit \u00e9s b\u00fcszk\u00e9k vagyunk r\u00e1, hogy az \u00f6sszetett ell\u00e1t\u00e1si l\u00e1ncok kezel\u00e9s\u00e9ben \u00e9s optimaliz\u00e1l\u00e1s\u00e1ban szerzett egyed\u00fcl\u00e1ll\u00f3 tapasztalatunkkal hozz\u00e1j\u00e1rulhatunk az orsz\u00e1g k\u00fclkereskedelmi fejleszt\u00e9seihez. A hat\u00e9kony logisztika a brutt\u00f3 hazai term\u00e9k n\u00f6vel\u00e9s\u00e9nek kulcseleme egy olyan orsz\u00e1gban, mint amilyen p\u00e9ld\u00e1ul Szerbia is.\u201d \u2013 mondta el Luc Nadal, a GEFCO Csoport igazgat\u00f3tan\u00e1cs\u00e1nak eln\u00f6ke.<\/strong><!--more--><\/p>\n<div class=\"ads-in-post1\"><div id=\"gazdasagportal.hu_fullbanner_wideboard\"><\/div>\r\n<\/div>\n<strong>Szerbia \u00e9s a r\u00e9gi\u00f3 sz\u00e1mos \u00fczleti lehet\u0151s\u00e9get k\u00edn\u00e1l<\/strong><\/p>\n<p><strong>\u00a0<\/strong><\/p>\n<p>Szerbia strat\u00e9giai szempontb\u00f3l a Balk\u00e1nt \u00e1tszel\u0151, nagyobb p\u00e1neur\u00f3pai folyos\u00f3kn\u00e1l helyezkedik el (l\u00e1sd a fenti t\u00e9rk\u00e9pet). R\u00e1ad\u00e1sul az orsz\u00e1g jelenleg rekonstrukci\u00f3s \u00e9s moderniz\u00e1ci\u00f3s terveket val\u00f3s\u00edt meg, amelyek t\u00f6bbek k\u00f6z\u00f6tt a vas\u00fati- \u00e9s k\u00f6z\u00fati projektekre is kiterjednek. Mindemellett 3809 km hossz\u00fa vas\u00fath\u00e1l\u00f3zat\u00e1val Szerbia a legs\u0171r\u0171bb vas\u00fati infrastrukt\u00far\u00e1t k\u00edn\u00e1lja a b\u0151v\u00edt\u00e9si orsz\u00e1gok k\u00f6z\u00f6tt (49,3 M\/km\u00b2 az EU 28 orsz\u00e1gos \u00e1tlag\u00e1val, 48,3 M\/km\u00b2 s\u0171r\u0171s\u00e9ggel szemben).<\/p>\n<p>&nbsp;<\/p><div id=\"gazda-908405558\" class=\"gazda-tartalomban gazda-entity-placement\"><script async src=\"https:\/\/pagead2.googlesyndication.com\/pagead\/js\/adsbygoogle.js\"><\/script>\r\n<ins class=\"adsbygoogle\"\r\n     style=\"display:block\"\r\n     data-ad-format=\"fluid\"\r\n     data-ad-layout-key=\"-6t+ed+2i-1n-4w\"\r\n     data-ad-client=\"ca-pub-1959107119989764\"\r\n     data-ad-slot=\"4008251320\"><\/ins>\r\n<script>\r\n     (adsbygoogle = window.adsbygoogle || []).push({});\r\n<\/script><\/div>\n<p>Az elm\u00falt \u00e9vekben jelent\u0151s befektet\u00e9sek \u00e9rkeztek az ac\u00e9l- \u00e9s iparcikk gy\u00e1rt\u00e1s ter\u00fclet\u00e9re, a vegyiparba, az aut\u00f3iparba. Szerbia ezen fel\u00fcl &#8211; gazdas\u00e1gi vonzerej\u00e9nek tov\u00e1bbi n\u00f6vel\u00e9se \u00e9rdek\u00e9ben &#8211; szabadkereskedelmi szerz\u0151d\u00e9st \u00edrt al\u00e1 az Eur\u00f3pai Uni\u00f3val, Oroszorsz\u00e1ggal, T\u00f6r\u00f6korsz\u00e1ggal \u00e9s a k\u00f6z\u00e9p-eur\u00f3pai orsz\u00e1gokkal is.<\/p>\n<p>&nbsp;<\/p>\n<p><em>\u201eGazdas\u00e1gpolitik\u00e1nk f\u0151 c\u00e9lja az, hogy \u00faj befektet\u00e9seket vonzzunk \u00e9s m\u00e9g tov\u00e1bb er\u0151s\u00edts\u00fck Szerbia gazdas\u00e1g\u00e1t. A GEFCO \u00e9rkez\u00e9se igazolja, hogy j\u00f3 \u00faton haladunk a versenyk\u00e9pess\u00e9g\u00fcnk meger\u0151s\u00edt\u00e9se \u00e9s Szerbia \u00fczleti lehet\u0151s\u00e9geinek el\u0151seg\u00edt\u00e9se fel\u00e9. Rem\u00e9lj\u00fck, hogy a GEFCO \u00e1tadja t\u00f6bb \u00e9vtizedes tapasztalat\u00e1t \u00e9s elismert szak\u00e9rtelm\u00e9t a helyi v\u00e1llalatainknak, \u00edgy j\u00e1rulva hozz\u00e1 a szolg\u00e1ltat\u00e1si szektor n\u00f6veked\u00e9s\u00e9hez \u00e9s fejl\u0151d\u00e9s\u00e9hez. Ezen a ter\u00fcleten el\u0151bbre kell l\u00e9pnie Szerbi\u00e1nak, hiszen tiszt\u00e1ban vagyunk azzal, hogy a 21. sz\u00e1zad a fogyaszt\u00f3kr\u00f3l sz\u00f3l.\u201d \u2013 \u00f6sszegezte <\/em>Veljko Jovanovic, a Kereskedelmi Kamara eln\u00f6k\u00e9nek tan\u00e1csad\u00f3ja, a GEFCO Szerbia hivatalos megnyit\u00f3j\u00e1n.<\/p>\n<p>&nbsp;<\/p>\n<p><strong>B\u0151v\u00fcl\u0151 \u00fcgyf\u00e9lk\u00f6r a GEFCO t\u00f6bb \u00e9ves szakmai tapasztalat\u00e1ra alapozva<\/strong><\/p>\n<p><strong>\u00a0<\/strong><\/p>\n<p>A logisztik\u00e1ban az egyik legnagyobb kih\u00edv\u00e1st jelent\u0151 \u00e1gazat az aut\u00f3ipar. Az itt szerzett 65 \u00e9ves tapasztalata r\u00e9v\u00e9n a GEFCO k\u00e9pes megfelelni az \u00f6sszetett, nemzetk\u00f6zi kih\u00edv\u00e1sokkal \u00e9s egy egyre ink\u00e1bb globaliz\u00e1lt gazdas\u00e1ggal egy\u00fctt j\u00e1r\u00f3 nemzetk\u00f6zi gy\u00e1rt\u00f3i ig\u00e9nyeknek. A GEFCO jelent\u0151s tapasztalattal b\u00edr az alapvet\u0151 sz\u00e1ll\u00edtm\u00e1nyoz\u00e1st\u00f3l kezdve a k\u00f6z\u00fati-, vas\u00fati-, l\u00e9gi-, tengeri-, illetve a multimod\u00e1lis sz\u00e1ll\u00edtm\u00e1nyoz\u00e1son \u00e1t eg\u00e9szen az ell\u00e1t\u00e1si l\u00e1nc kezel\u00e9s\u00e9nek optimaliz\u00e1l\u00e1s\u00e1ig,\u00a0 bele\u00e9rtve a v\u00e1m- \u00e9s ad\u00f3\u00fcgyint\u00e9z\u00e9si<span style=\"text-decoration: line-through;\">i<\/span> szolg\u00e1ltat\u00e1sokat is. A v\u00e1llalat tapasztalt nemzetk\u00f6zi csapat\u00e1nak szak\u00e9rtelme jelenti a garanci\u00e1t arra, hogy az interkontinent\u00e1lis, h\u00e1zt\u00f3l-h\u00e1zig t\u00f6rt\u00e9n\u0151 szolg\u00e1ltat\u00e1sok ter\u00e9n magas szinten szolg\u00e1lja ki \u00fcgyfeleit.<\/p>\n<p><em>\u00a0<\/em><\/p>\n<p>A GEFCO Szerbia a GEFCO Csoport szolg\u00e1ltat\u00e1sainak teljes v\u00e1laszt\u00e9k\u00e1t k\u00edn\u00e1lja majd. A le\u00e1nyv\u00e1llalat m\u00e1ris kreat\u00edv, kifejezetten a szerb piacra szabott megold\u00e1sokkal \u00e1llt el\u0151. Ilyen p\u00e9ld\u00e1ul az Eur\u00f3pai Uni\u00f3 \u00e9s Oroszorsz\u00e1g, valamint T\u00f6r\u00f6korsz\u00e1g k\u00f6z\u00f6tti sz\u00e1ll\u00edtm\u00e1nyoz\u00e1s, az id\u0151hat\u00e9kony megold\u00e1sok vagy a K\u00edn\u00e1b\u00f3l N\u00e9metorsz\u00e1gba, 20 napos sz\u00e1ll\u00edt\u00e1si id\u0151vel k\u00f6zleked\u0151 vas\u00fati megold\u00e1sok.<\/p>\n<p>&nbsp;<\/p>\n<p><em>\u201eC\u00e9lunk az, hogy a min\u0151s\u00e9gi szabv\u00e1nyaink, valamint integr\u00e1lt sz\u00e1ll\u00edt\u00e1si- \u00e9s logisztikai megold\u00e1saink r\u00e9v\u00e9n seg\u00edts\u00fck \u00fcgyfeleinket hat\u00e9konys\u00e1guk n\u00f6vel\u00e9s\u00e9ben, valamint az \u00fczleti k\u00f6lts\u00e9gek cs\u00f6kkent\u00e9s\u00e9ben. Szerbi\u00e1ban arra is t\u00f6reksz\u00fcnk, hogy szak\u00e9rtelm\u00fcnket \u00e1tadjuk azoknak a helyi v\u00e1llalatoknak, akikkel \u00fczleti rendszer\u00fcnkben kapcsolatba ker\u00fcl\u00fcnk.\u201d \u2013 tette hozz\u00e1<\/em> <em>Luc Nadal.<\/em><\/p>\n<p>&nbsp;<\/p>\n","protected":false},"excerpt":{"rendered":"<p>\u00c1prilis 5-\u00e9n a GEFCO Szerbia megkezdte m\u0171k\u00f6d\u00e9s\u00e9t: versenyk\u00e9pes, glob\u00e1lis logisztikai megold\u00e1sokat k\u00edn\u00e1lva a gy\u00e1rt\u00f3k sz\u00e1m\u00e1ra. \u201e\u00d6r\u00f6mmel t\u00e1mogatjuk Szerbia iparos\u00edt\u00e1si projektjeit \u00e9s b\u00fcszk\u00e9k vagyunk r\u00e1, hogy az \u00f6sszetett ell\u00e1t\u00e1si l\u00e1ncok kezel\u00e9s\u00e9ben \u00e9s optimaliz\u00e1l\u00e1s\u00e1ban szerzett egyed\u00fcl\u00e1ll\u00f3 tapasztalatunkkal hozz\u00e1j\u00e1rulhatunk az orsz\u00e1g k\u00fclkereskedelmi fejleszt\u00e9seihez. A hat\u00e9kony logisztika a brutt\u00f3 hazai term\u00e9k n\u00f6vel\u00e9s\u00e9nek kulcseleme egy olyan orsz\u00e1gban, mint amilyen p\u00e9ld\u00e1ul &#8230;<\/p>\n","protected":false},"author":1,"featured_media":0,"comment_status":"open","ping_status":"closed","sticky":false,"template":"","format":"standard","meta":[],"categories":[19],"tags":[],"_links":{"self":[{"href":"https:\/\/gazdasagportal.hu\/index.php\/wp-json\/wp\/v2\/posts\/78126"}],"collection":[{"href":"https:\/\/gazdasagportal.hu\/index.php\/wp-json\/wp\/v2\/posts"}],"about":[{"href":"https:\/\/gazdasagportal.hu\/index.php\/wp-json\/wp\/v2\/types\/post"}],"author":[{"embeddable":true,"href":"https:\/\/gazdasagportal.hu\/index.php\/wp-json\/wp\/v2\/users\/1"}],"replies":[{"embeddable":true,"href":"https:\/\/gazdasagportal.hu\/index.php\/wp-json\/wp\/v2\/comments?post=78126"}],"version-history":[{"count":1,"href":"https:\/\/gazdasagportal.hu\/index.php\/wp-json\/wp\/v2\/posts\/78126\/revisions"}],"predecessor-version":[{"id":78127,"href":"https:\/\/gazdasagportal.hu\/index.php\/wp-json\/wp\/v2\/posts\/78126\/revisions\/78127"}],"wp:attachment":[{"href":"https:\/\/gazdasagportal.hu\/index.php\/wp-json\/wp\/v2\/media?parent=78126"}],"wp:term":[{"taxonomy":"category","embeddable":true,"href":"https:\/\/gazdasagportal.hu\/index.php\/wp-json\/wp\/v2\/categories?post=78126"},{"taxonomy":"post_tag","embeddable":true,"href":"https:\/\/gazdasagportal.hu\/index.php\/wp-json\/wp\/v2\/tags?post=78126"}],"curies":[{"name":"wp","href":"https:\/\/api.w.org\/{rel}","templated":true}]}}