{"id":78124,"date":"2016-04-23T13:37:46","date_gmt":"2016-04-23T11:37:46","guid":{"rendered":"http:\/\/gazdasagportal.hu\/?p=78124"},"modified":"2016-04-23T08:40:34","modified_gmt":"2016-04-23T06:40:34","slug":"kh-a-fiatalok-33-szazaleka-elegedett-penzugyi-helyzetevel","status":"publish","type":"post","link":"https:\/\/gazdasagportal.hu\/index.php\/kh-a-fiatalok-33-szazaleka-elegedett-penzugyi-helyzetevel\/","title":{"rendered":"K&#038;H: a fiatalok 33 sz\u00e1zal\u00e9ka el\u00e9gedett p\u00e9nz\u00fcgyi helyzet\u00e9vel"},"content":{"rendered":"<p><strong>A v\u00e1rosi fiatalok a kor\u00e1bbi negyed\u00e9vn\u00e9l kev\u00e9sb\u00e9 voltak el\u00e9gedettek jelenlegi helyzet\u00fckkel az els\u0151 negyed\u00e9vben, mint a megel\u0151z\u0151ben, kil\u00e1t\u00e1saikat azonban optimist\u00e1bban \u00edt\u00e9lt\u00e9k meg &#8211;  der\u00fcl ki a K&#038;H els\u0151 negyed\u00e9ves, 19-29 \u00e9ves fiatalok el\u00e9gedetts\u00e9g\u00e9t m\u00e9r\u0151 j\u00f3l\u00e9ti index felm\u00e9r\u00e9s\u00e9b\u0151l. <\/strong><!--more--><\/p>\n<div class=\"ads-in-post1\"><div id=\"gazdasagportal.hu_fullbanner_wideboard\"><\/div>\r\n<\/div>\n<p>    A megk\u00e9rdezettek 33 sz\u00e1zal\u00e9ka volt el\u00e9gedett p\u00e9nz\u00fcgyi helyzet\u00e9vel \u00e9s lakhat\u00e1si k\u00f6r\u00fclm\u00e9nyeivel 2016 els\u0151 negyed\u00e9v\u00e9ben, ar\u00e1nyuk cs\u00f6kkent  az el\u0151z\u0151 negyed\u00e9vben m\u00e9rt 37 sz\u00e1zal\u00e9khoz k\u00e9pest, \u00e9s szinte megegyezett az el\u0151z\u0151 \u00e9v azonos id\u0151szaki 34 sz\u00e1zal\u00e9kkal.<br \/>\n    Legink\u00e1bb a di\u00e1kok voltak el\u00e9gedettek (47 sz\u00e1zal\u00e9k), m\u00edg ez az ar\u00e1ny a munkan\u00e9lk\u00fcliek k\u00f6r\u00e9ben 16, az akt\u00edv keres\u0151k k\u00f6z\u00f6tt pedig 28 sz\u00e1zal\u00e9k volt.<br \/>\n    A megk\u00e9rdezettek 75 sz\u00e1zal\u00e9ka b\u00edzott abban, hogy az \u00e9let\u00fck a k\u00f6zelj\u00f6v\u0151ben pozit\u00edvan  v\u00e1ltozik, 2015 negyedik negyed\u00e9v\u00e9ben m\u00e9g csak a megk\u00e9rdezett fiatalok 73,5 sz\u00e1zal\u00e9ka tekintett optimist\u00e1n a j\u00f6v\u0151be, 2015 els\u0151 negyed\u00e9v\u00e9hez alig v\u00e1ltozott a helyzet, akkor 75,7 sz\u00e1zal\u00e9kot tett ki a bizakod\u00f3ak ar\u00e1nya.<br \/>\n    A fiatalok \u00e9rv\u00e9nyes\u00fcl\u00e9si lehet\u0151s\u00e9geinek vizsg\u00e1lat\u00e1n\u00e1l 2015 els\u0151 negyed\u00e9v\u00e9ben m\u00e9g a megk\u00e9rdezettek 53 sz\u00e1zal\u00e9ka, a tavalyi utols\u00f3 negyed\u00e9v\u00e9ben 45 sz\u00e1zal\u00e9ka, 2016 els\u0151 negyed\u00e9v\u00e9ben pedig m\u00e1r csak 41 sz\u00e1zal\u00e9ka szerint romlottak lehet\u0151s\u00e9geik az elm\u00falt egy \u00e9vben.<br \/>\n    A megk\u00e9rdezettek 33 sz\u00e1zal\u00e9ka b\u00edzik abban, hogy a j\u00f6v\u0151ben jobban tud majd \u00e9rv\u00e9nyes\u00fclni, ez jelent\u0151s javul\u00e1st mutat az el\u0151z\u0151 \u00e9v azonos id\u0151szak\u00e1hoz \u00e9s az el\u0151z\u0151 negyed\u00e9vhez k\u00e9pest is, akkor a fiataloknak csup\u00e1n a 26, illetve 30 sz\u00e1zal\u00e9ka b\u00edzott j\u00f6v\u0151beni \u00e9rv\u00e9nyes\u00fcl\u00e9s\u00e9ben.<br \/>\n    A K&#038;H j\u00f3l\u00e9ti indexe negyed\u00e9vente vizsg\u00e1lja a fiatalok el\u00e9gedetts\u00e9g\u00e9t \u00e9s j\u00f6v\u0151beli v\u00e1rakoz\u00e1sait, kit\u00e9r t\u00f6bbek k\u00f6z\u00f6tt a lakhat\u00e1sra, munk\u00e1ra, el\u0151rel\u00e9p\u00e9si lehet\u0151s\u00e9gekre, oktat\u00e1sra \u00e9s a csal\u00e1dra is.<br \/>\n     A Free Association \u00e1ltal v\u00e9gzett kutat\u00e1sban 300, 19-29 \u00e9ves fiatal vesz r\u00e9szt, akik a magyarorsz\u00e1gi v\u00e1rosi lakoss\u00e1got reprezent\u00e1lt\u00e1k nem, korcsoport, r\u00e9gi\u00f3, telep\u00fcl\u00e9s t\u00edpus \u00e9s iskolai v\u00e9gzetts\u00e9g alapj\u00e1n. A j\u00f3l\u00e9ti index 2016 els\u0151 negyed\u00e9v\u00e9ben 8 ponton \u00e1ll, ami a 2015 negyedik negyed\u00e9v\u00e9ben m\u00e9rt 11 ponthoz k\u00e9pest cs\u00f6kken\u00e9st, az el\u0151z\u0151 \u00e9v azonos id\u0151szak\u00e1hoz k\u00e9pest azonban minim\u00e1lis emelked\u00e9st jelent, akkor az index 7 ponton \u00e1llt.(MTI)<\/p>\n","protected":false},"excerpt":{"rendered":"<p>A v\u00e1rosi fiatalok a kor\u00e1bbi negyed\u00e9vn\u00e9l kev\u00e9sb\u00e9 voltak el\u00e9gedettek jelenlegi helyzet\u00fckkel az els\u0151 negyed\u00e9vben, mint a megel\u0151z\u0151ben, kil\u00e1t\u00e1saikat azonban optimist\u00e1bban \u00edt\u00e9lt\u00e9k meg &#8211; der\u00fcl ki a K&#038;H els\u0151 negyed\u00e9ves, 19-29 \u00e9ves fiatalok el\u00e9gedetts\u00e9g\u00e9t m\u00e9r\u0151 j\u00f3l\u00e9ti index felm\u00e9r\u00e9s\u00e9b\u0151l.<\/p>\n","protected":false},"author":1,"featured_media":0,"comment_status":"open","ping_status":"closed","sticky":false,"template":"","format":"standard","meta":[],"categories":[19],"tags":[],"_links":{"self":[{"href":"https:\/\/gazdasagportal.hu\/index.php\/wp-json\/wp\/v2\/posts\/78124"}],"collection":[{"href":"https:\/\/gazdasagportal.hu\/index.php\/wp-json\/wp\/v2\/posts"}],"about":[{"href":"https:\/\/gazdasagportal.hu\/index.php\/wp-json\/wp\/v2\/types\/post"}],"author":[{"embeddable":true,"href":"https:\/\/gazdasagportal.hu\/index.php\/wp-json\/wp\/v2\/users\/1"}],"replies":[{"embeddable":true,"href":"https:\/\/gazdasagportal.hu\/index.php\/wp-json\/wp\/v2\/comments?post=78124"}],"version-history":[{"count":1,"href":"https:\/\/gazdasagportal.hu\/index.php\/wp-json\/wp\/v2\/posts\/78124\/revisions"}],"predecessor-version":[{"id":78125,"href":"https:\/\/gazdasagportal.hu\/index.php\/wp-json\/wp\/v2\/posts\/78124\/revisions\/78125"}],"wp:attachment":[{"href":"https:\/\/gazdasagportal.hu\/index.php\/wp-json\/wp\/v2\/media?parent=78124"}],"wp:term":[{"taxonomy":"category","embeddable":true,"href":"https:\/\/gazdasagportal.hu\/index.php\/wp-json\/wp\/v2\/categories?post=78124"},{"taxonomy":"post_tag","embeddable":true,"href":"https:\/\/gazdasagportal.hu\/index.php\/wp-json\/wp\/v2\/tags?post=78124"}],"curies":[{"name":"wp","href":"https:\/\/api.w.org\/{rel}","templated":true}]}}