{"id":78114,"date":"2016-04-22T20:20:18","date_gmt":"2016-04-22T18:20:18","guid":{"rendered":"http:\/\/gazdasagportal.hu\/?p=78114"},"modified":"2016-04-22T20:20:18","modified_gmt":"2016-04-22T18:20:18","slug":"parizsi-klimaegyezmeny-harom-javaslatot-tett-ader-janos-a-klimavedelem-elomozditasara","status":"publish","type":"post","link":"https:\/\/gazdasagportal.hu\/index.php\/parizsi-klimaegyezmeny-harom-javaslatot-tett-ader-janos-a-klimavedelem-elomozditasara\/","title":{"rendered":"P\u00e1rizsi kl\u00edmaegyezm\u00e9ny &#8211; H\u00e1rom javaslatot tett \u00c1der J\u00e1nos a kl\u00edmav\u00e9delem el\u0151mozd\u00edt\u00e1s\u00e1ra"},"content":{"rendered":"<p><strong>H\u00e1rom javaslatot tett \u00c1der J\u00e1nos k\u00f6zt\u00e1rsas\u00e1gi eln\u00f6k a P\u00e1rizsban megfogalmazott kl\u00edmav\u00e9delmi c\u00e9lokat miel\u0151bbi el\u00e9r\u00e9s\u00e9\u00e9rt, miut\u00e1n p\u00e9nteken az ENSZ New York-i sz\u00e9kh\u00e1z\u00e1ban al\u00e1\u00edrta a tavaly megk\u00f6t\u00f6tt egyezm\u00e9nyt.<\/strong><!--more--><\/p>\n<div class=\"ads-in-post1\"><div id=\"gazdasagportal.hu_fullbanner_wideboard\"><\/div>\r\n<\/div>\n<p>    \u00c1der J\u00e1nos hangs\u00falyozta, hogy a meg\u00e1llapod\u00e1s eredm\u00e9nyek\u00e9nt \u00e9rzett \u00f6r\u00f6m jogos, de nem lehet a bab\u00e9rokon \u00fclni, miel\u0151bb cselekedni kell. Hangs\u00falyozta, hogy P\u00e1rizs \u00e9s New York lend\u00fclet\u00e9t kihaszn\u00e1lva kell tov\u00e1bb l\u00e9pni a n\u00e9h\u00e1ny h\u00f3nappal ezel\u0151tt megkezdett \u00faton.<br \/>\n    A c\u00e9lok megval\u00f3s\u00edt\u00e1sa \u00e9rdek\u00e9ben javasolta, hogy az a t\u00edz orsz\u00e1g, amely a legt\u00f6bb \u00fcvegh\u00e1zhat\u00e1s\u00fa g\u00e1zt bocs\u00e1tja ki, kezdjen miel\u0151bb konzult\u00e1ci\u00f3t arr\u00f3l, hogy a kor\u00e1bban tervezettn\u00e9l nagyobb m\u00e9rt\u00e9kben \u00e9s gyorsabb \u00fctemben hogyan tudj\u00e1k kibocs\u00e1t\u00e1sukat cs\u00f6kkenteni.<br \/>\n    M\u00e1sodik javaslata a l\u00e9gik\u00f6zleked\u00e9sre \u00e9s a tengeri haj\u00f3z\u00e1sra vonatkozott, erre ugyanis a P\u00e1rizsban megk\u00f6t\u00f6tt meg\u00e1llapod\u00e1s nem terjedt ki. Ez\u00e9rt \u00c1der J\u00e1nos azt javasolta, hogy halad\u00e9ktalanul fejezz\u00e9k be az id\u0151k\u00f6zben megkezdett t\u00e1rgyal\u00e1sokat a l\u00e9gik\u00f6zleked\u00e9s kibocs\u00e1t\u00e1s-cs\u00f6kkent\u00e9s\u00e9r\u0151l, a tengeri haj\u00f3z\u00e1s eset\u00e9ben pedig min\u00e9l el\u0151bb kezdj\u00e9k meg ezeket a t\u00e1rgyal\u00e1sokat, k\u00fcl\u00f6nben 20-30 \u00e9v m\u00falva a mostani kibocs\u00e1t\u00e1s h\u00e1romszoros\u00e1val kell sz\u00e1molni.<br \/>\n    A harmadik javaslat az energiat\u00e1rol\u00e1sra vonatkozik. Az \u00e1llamf\u0151 kiemelte: az emberis\u00e9g egyik legnagyobb kih\u00edv\u00e1sa, hogy hogyan tudja a f\u00f6l\u00f6s energi\u00e1j\u00e1t t\u00e1rolni, s azt javasolta, hogy a G20 orsz\u00e1g-csoport, az OECD t\u00e1mogat\u00e1s\u00e1val gyors\u00edtsa fel a kutat\u00e1sokat, hogy miel\u0151bb hat\u00e9kony, biztons\u00e1gos, olcs\u00f3 \u00e9s fenntarthat\u00f3 megold\u00e1s sz\u00fcless\u00e9k az energiat\u00e1rol\u00e1sra.<br \/>\n    Besz\u00e9d\u00e9ben az \u00e1llamf\u0151 felid\u00e9zte Ban Ki Mun ENSZ-f\u0151titk\u00e1r p\u00e9ntek reggel, a cerem\u00f3nia megnyit\u00f3besz\u00e9d\u00e9ben mondott szavait, miszerint nincs id\u0151 v\u00e1rni, \u00edg\u00e9retek helyett cselekv\u00e9sre van sz\u00fcks\u00e9g.<br \/>\n    A k\u00f6zt\u00e1rsas\u00e1gi eln\u00f6k p\u00e9ld\u00e1kat id\u00e9zett annak al\u00e1t\u00e1maszt\u00e1s\u00e1ra, mi\u00e9rt szor\u00edt az id\u0151: j\u00f3 \u00e9s rossz p\u00e9ld\u00e1kat sorolt, a rosszakat a j\u00f3kkal ellenpontozva.<br \/>\n    &#8222;Vannak orsz\u00e1gok, amelyek lass\u00edtani akarj\u00e1k a p\u00e1rizsi meg\u00e1llapod\u00e1s v\u00e9grehajt\u00e1s\u00e1t&#8221; &#8211; fogalmazott, hozz\u00e1t\u00e9ve ugyanakkor:  az Egyes\u00fclt \u00c1llamok \u00e9s K\u00edna m\u00e1sf\u00e9l \u00e9ven bel\u00fcl imm\u00e1r a harmadik meg\u00e1llapod\u00e1st k\u00f6t\u00f6tte, \u00e9s m\u00e9g az id\u00e9n ratifik\u00e1lja, illetve \u00e9letbe l\u00e9pteti az egyezm\u00e9nyt. Rossz h\u00edrk\u00e9nt eml\u00edtette, hogy a f\u00f6ldfelsz\u00edni h\u0151m\u00e9rs\u00e9klet gyorsabban emelkedik, mint ak\u00e1rcsak P\u00e1rizsban is gondolt\u00e1k volna, viszont j\u00f3 h\u00edr &#8211; mondta -, hogy tavaly az energiatermel\u00e9shez kapcsol\u00f3d\u00f3 kibocs\u00e1t\u00e1s stagn\u00e1lt. &#8222;Mi\u00f3ta ember \u00e9l a F\u00f6ld\u00f6n, soha nem volt ilyen magas a l\u00e9gk\u00f6ri sz\u00e9ndioxid koncentr\u00e1ci\u00f3ja&#8221; &#8211; fogalmazott, de meg\u00e1llap\u00edtotta, hogy tavaly k\u00e9tszer annyi t\u0151k\u00e9t fektettek be a meg\u00fajul\u00f3 energiaforr\u00e1sokba, mint a fosszilisokba.<br \/>\n    &#8222;P\u00e1rizs \u00f3ta a term\u00e9szet nap mint nap figyelmeztet benn\u00fcnket: tavaly h\u0151m\u00e9rs\u00e9kleti rekordok sora d\u0151lt meg&#8221; &#8211; fogalmazott az \u00e1llamf\u0151. P\u00e9ldak\u00e9nt Magyarorsz\u00e1got hozta, ahol m\u00e9g soha nem fordult el\u0151, hogy egyetlen ny\u00e1ron \u00f6tsz\u00f6r kellett h\u0151s\u00e9griad\u00f3t hirdetni.<br \/>\n    \u00c1der J\u00e1nos Barab\u00e1si Albert L\u00e1szl\u00f3, az Egyes\u00fclt \u00c1llamokban dolgoz\u00f3 magyar tud\u00f3s szavaival z\u00e1rta besz\u00e9d\u00e9t. &#8222;Az id\u0151 a legbecsesebb nem meg\u00fajul\u00f3 er\u0151forr\u00e1sunk&#8221; &#8211; id\u00e9zte a Bostonban dolgoz\u00f3 kutat\u00f3t. S hozz\u00e1tette: j\u00f3l kell gazd\u00e1lkodni az id\u0151vel, ezzel a nem meg\u00fajul\u00f3, becses er\u0151forr\u00e1ssal a k\u00f6vetkez\u0151 hetekben, h\u00f3napokban \u00e9vekben. (MTI)<\/p>\n","protected":false},"excerpt":{"rendered":"<p>H\u00e1rom javaslatot tett \u00c1der J\u00e1nos k\u00f6zt\u00e1rsas\u00e1gi eln\u00f6k a P\u00e1rizsban megfogalmazott kl\u00edmav\u00e9delmi c\u00e9lokat miel\u0151bbi el\u00e9r\u00e9s\u00e9\u00e9rt, miut\u00e1n p\u00e9nteken az ENSZ New York-i sz\u00e9kh\u00e1z\u00e1ban al\u00e1\u00edrta a tavaly megk\u00f6t\u00f6tt egyezm\u00e9nyt.<\/p>\n","protected":false},"author":1,"featured_media":0,"comment_status":"open","ping_status":"closed","sticky":false,"template":"","format":"standard","meta":[],"categories":[4,246],"tags":[],"_links":{"self":[{"href":"https:\/\/gazdasagportal.hu\/index.php\/wp-json\/wp\/v2\/posts\/78114"}],"collection":[{"href":"https:\/\/gazdasagportal.hu\/index.php\/wp-json\/wp\/v2\/posts"}],"about":[{"href":"https:\/\/gazdasagportal.hu\/index.php\/wp-json\/wp\/v2\/types\/post"}],"author":[{"embeddable":true,"href":"https:\/\/gazdasagportal.hu\/index.php\/wp-json\/wp\/v2\/users\/1"}],"replies":[{"embeddable":true,"href":"https:\/\/gazdasagportal.hu\/index.php\/wp-json\/wp\/v2\/comments?post=78114"}],"version-history":[{"count":1,"href":"https:\/\/gazdasagportal.hu\/index.php\/wp-json\/wp\/v2\/posts\/78114\/revisions"}],"predecessor-version":[{"id":78115,"href":"https:\/\/gazdasagportal.hu\/index.php\/wp-json\/wp\/v2\/posts\/78114\/revisions\/78115"}],"wp:attachment":[{"href":"https:\/\/gazdasagportal.hu\/index.php\/wp-json\/wp\/v2\/media?parent=78114"}],"wp:term":[{"taxonomy":"category","embeddable":true,"href":"https:\/\/gazdasagportal.hu\/index.php\/wp-json\/wp\/v2\/categories?post=78114"},{"taxonomy":"post_tag","embeddable":true,"href":"https:\/\/gazdasagportal.hu\/index.php\/wp-json\/wp\/v2\/tags?post=78114"}],"curies":[{"name":"wp","href":"https:\/\/api.w.org\/{rel}","templated":true}]}}