{"id":78110,"date":"2016-04-22T17:19:21","date_gmt":"2016-04-22T15:19:21","guid":{"rendered":"http:\/\/gazdasagportal.hu\/?p=78110"},"modified":"2016-04-22T17:19:21","modified_gmt":"2016-04-22T15:19:21","slug":"a-porsche-se-merleget-is-megterheli-a-volkswagen-ag-vesztesege","status":"publish","type":"post","link":"https:\/\/gazdasagportal.hu\/index.php\/a-porsche-se-merleget-is-megterheli-a-volkswagen-ag-vesztesege\/","title":{"rendered":"A Porsche SE m\u00e9rleg\u00e9t is megterheli a Volkswagen AG vesztes\u00e9ge"},"content":{"rendered":"<p><strong>A Volkswagen AG tavalyi rekordvesztes\u00e9ge megterheli a konszern f\u0151r\u00e9szv\u00e9nyese, a Porsche Automobil Holding SE eredm\u00e9ny\u00e9t is.<\/strong><!--more--><\/p>\n<div class=\"ads-in-post1\"><div id=\"gazdasagportal.hu_fullbanner_wideboard\"><\/div>\r\n<\/div>\n<p>    A Porsche Automobil Holding SE ad\u00f3zott eredm\u00e9ny\u00e9t a 30,8 sz\u00e1zal\u00e9kos t\u0151ke\u00e9rt\u00e9k-r\u00e9szesed\u00e9se ut\u00e1n a Volkswagen konszern tavalyi rekordvesztes\u00e9ge az el\u0151zetes adatok szerint 456 milli\u00f3 eur\u00f3val terheli meg, ami az ad\u00f3kedvezm\u00e9nyeknek k\u00f6sz\u00f6nhet\u0151en 273 milli\u00f3 eur\u00f3ra cs\u00f6kkenhet &#8211; k\u00f6z\u00f6lte p\u00e9nteken honlapj\u00e1n a Porsche SE.<br \/>\n    A 2015-\u00f6s p\u00e9nz\u00fcgyi \u00e9vben a Porsche SE nett\u00f3 nyeres\u00e9ge viszont a Volkswagen AG 2014-es eredm\u00e9nye ut\u00e1n tavaly befolyt osztal\u00e9knak k\u00f6sz\u00f6nhet\u0151en v\u00e1rhat\u00f3an 871 milli\u00f3 eur\u00f3 lesz &#8211; \u00edrja a k\u00f6zlem\u00e9ny.<br \/>\n    A Porsche AG igazgat\u00f3tan\u00e1csa t\u00f6rzsr\u00e9szv\u00e9nyenk\u00e9nt 0,204 eur\u00f3, els\u0151bbs\u00e9gi r\u00e9szv\u00e9nyenk\u00e9nt pedig 0,21 eur\u00f3 osztal\u00e9k kifizet\u00e9s\u00e9re tesz javaslatot. A fel\u00fcgyel\u0151bizotts\u00e1g \u00e1prilis 25-i \u00fcl\u00e9s\u00e9n fogadja el a t\u00e1rsas\u00e1g 2015-\u00f6s besz\u00e1mol\u00f3j\u00e1t, \u00e9s d\u00f6nt a r\u00e9szv\u00e9nyesek k\u00f6zgy\u0171l\u00e9se el\u00e9 terjesztend\u0151 osztal\u00e9kjavaslatr\u00f3l.<br \/>\n    A Porsche Automobil Holding SE 2015-\u00f6s eredm\u00e9ny\u00e9t \u00e1prilis 29-\u00e9n teszi k\u00f6zz\u00e9.(MTI)<br \/>\nhttp:\/\/www.porsche-se.com\/pho\/en\/press\/news\/?pool=pho&#038;id=2016-04-22<\/p>\n","protected":false},"excerpt":{"rendered":"<p>A Volkswagen AG tavalyi rekordvesztes\u00e9ge megterheli a konszern f\u0151r\u00e9szv\u00e9nyese, a Porsche Automobil Holding SE eredm\u00e9ny\u00e9t is.<\/p>\n","protected":false},"author":1,"featured_media":0,"comment_status":"open","ping_status":"closed","sticky":false,"template":"","format":"standard","meta":[],"categories":[8],"tags":[],"_links":{"self":[{"href":"https:\/\/gazdasagportal.hu\/index.php\/wp-json\/wp\/v2\/posts\/78110"}],"collection":[{"href":"https:\/\/gazdasagportal.hu\/index.php\/wp-json\/wp\/v2\/posts"}],"about":[{"href":"https:\/\/gazdasagportal.hu\/index.php\/wp-json\/wp\/v2\/types\/post"}],"author":[{"embeddable":true,"href":"https:\/\/gazdasagportal.hu\/index.php\/wp-json\/wp\/v2\/users\/1"}],"replies":[{"embeddable":true,"href":"https:\/\/gazdasagportal.hu\/index.php\/wp-json\/wp\/v2\/comments?post=78110"}],"version-history":[{"count":1,"href":"https:\/\/gazdasagportal.hu\/index.php\/wp-json\/wp\/v2\/posts\/78110\/revisions"}],"predecessor-version":[{"id":78111,"href":"https:\/\/gazdasagportal.hu\/index.php\/wp-json\/wp\/v2\/posts\/78110\/revisions\/78111"}],"wp:attachment":[{"href":"https:\/\/gazdasagportal.hu\/index.php\/wp-json\/wp\/v2\/media?parent=78110"}],"wp:term":[{"taxonomy":"category","embeddable":true,"href":"https:\/\/gazdasagportal.hu\/index.php\/wp-json\/wp\/v2\/categories?post=78110"},{"taxonomy":"post_tag","embeddable":true,"href":"https:\/\/gazdasagportal.hu\/index.php\/wp-json\/wp\/v2\/tags?post=78110"}],"curies":[{"name":"wp","href":"https:\/\/api.w.org\/{rel}","templated":true}]}}