{"id":78108,"date":"2016-04-22T16:46:15","date_gmt":"2016-04-22T14:46:15","guid":{"rendered":"http:\/\/gazdasagportal.hu\/?p=78108"},"modified":"2016-04-22T16:46:15","modified_gmt":"2016-04-22T14:46:15","slug":"gorog-adossag-dijsselbloem-jovo-csutortokon-megallapodas-szulethet-a-gorog-adossagcsomagrol","status":"publish","type":"post","link":"https:\/\/gazdasagportal.hu\/index.php\/gorog-adossag-dijsselbloem-jovo-csutortokon-megallapodas-szulethet-a-gorog-adossagcsomagrol\/","title":{"rendered":"G\u00f6r\u00f6g ad\u00f3ss\u00e1g &#8211; Dijsselbloem: j\u00f6v\u0151 cs\u00fct\u00f6rt\u00f6k\u00f6n meg\u00e1llapod\u00e1s sz\u00fclethet a g\u00f6r\u00f6g ad\u00f3ss\u00e1gcsomagr\u00f3l"},"content":{"rendered":"<p><strong>Meg\u00e1llapod\u00e1s sz\u00fclethet j\u00f6v\u0151 cs\u00fct\u00f6rt\u00f6k\u00f6n a g\u00f6r\u00f6g reformint\u00e9zked\u00e9sek els\u0151 fel\u00fclvizsg\u00e1lat\u00e1nak lez\u00e1r\u00e1s\u00e1r\u00f3l, ez lehet\u0151v\u00e9 tenn\u00e9 az ad\u00f3ss\u00e1genyh\u00edt\u00e9sr\u0151l sz\u00f3l\u00f3 t\u00e1rgyal\u00e1sok megkezd\u00e9s\u00e9t &#8211; k\u00f6z\u00f6lte Jeroen Dijsselbloem, az eur\u00f3\u00f6vezeti p\u00e9nz\u00fcgyminisztereket t\u00f6m\u00f6r\u00edt\u0151 test\u00fclet, az eur\u00f3csoport eln\u00f6ke p\u00e9nteken Amszterdamban, az eur\u00f3\u00f6vezeti p\u00e9nz\u00fcgyminiszterek tan\u00e1cskoz\u00e1s\u00e1t k\u00f6vet\u0151en.<\/strong><!--more--><\/p>\n<div class=\"ads-in-post1\"><div id=\"gazdasagportal.hu_fullbanner_wideboard\"><\/div>\r\n<\/div>\n<p>    Kijelentette: ha megvan a gazdas\u00e1gilag igazolhat\u00f3, p\u00e9nz\u00fcgyileg fenntarthat\u00f3 \u00e9s t\u00e1rsadalmilag igazs\u00e1gos reformcsomag, akkor j\u00f6v\u0151 cs\u00fct\u00f6rt\u00f6k\u00f6n az eur\u00f3csoport k\u00f6vetkez\u0151 \u00fcl\u00e9s\u00e9n lez\u00e1rulhat a reformint\u00e9zked\u00e9sek els\u0151 fel\u00fclvizsg\u00e1lata.<br \/>\n    G\u00f6r\u00f6gorsz\u00e1g bizony\u00edtotta, hogy nagy el\u0151rel\u00e9p\u00e9st tett a nyugd\u00edjrendszer, a szem\u00e9lyi j\u00f6vedelemad\u00f3, a privatiz\u00e1ci\u00f3s alap l\u00e9tes\u00edt\u00e9se \u00e9s az ad\u00f3beszed\u00e9si rendszer ter\u00fclet\u00e9n megk\u00f6vetelt reformokban, amellyel eg\u00e9szen k\u00f6zel ker\u00fclt\u00fcnk a meg\u00e1llapod\u00e1shoz&#8221; &#8211; fogalmazott. Hozz\u00e1tette: ugyanakkor m\u00e9g tov\u00e1bbi komoly er\u0151fesz\u00edt\u00e9sekre lesz sz\u00fcks\u00e9g.<br \/>\n    T\u00e1j\u00e9koztat\u00e1sa szerint az eur\u00f3csoport \u00fcl\u00e9s\u00e9n r\u00e9szt vev\u0151 politikusok egyet\u00e9rtettek abban, hogy ha a reformint\u00e9zked\u00e9sek el\u00e9gs\u00e9gesek az ad\u00f3ss\u00e1g szintj\u00e9nek fenntarthat\u00f3s\u00e1g\u00e1hoz \u00e9s Ath\u00e9n teljes\u00edtette a k\u00edv\u00e1nt kulcsfontoss\u00e1g\u00fa felt\u00e9teleket, akkor azonnal megkezdik a g\u00f6r\u00f6g ad\u00f3ss\u00e1gk\u00f6nny\u00edt\u00e9sr\u0151l sz\u00f3l\u00f3 t\u00e1rgyal\u00e1saikat.<br \/>\n    Ha a nemzetk\u00f6zi hitelez\u0151k t\u00e1rgyal\u00e1sai j\u00f3l haladnak G\u00f6r\u00f6gorsz\u00e1ggal, biztos\u00edtottnak l\u00e1tj\u00e1k az \u00fajabb hitelr\u00e9szletek foly\u00f3s\u00edt\u00e1s\u00e1nak el\u00e9gs\u00e9ges felt\u00e9teleit, akkor meg lehet kezdeni az ad\u00f3ss\u00e1genyh\u00edt\u00e9s l\u00e9tfontoss\u00e1g\u00fa t\u00e1rgyal\u00e1sait &#8211; tette hozz\u00e1.<br \/>\n    Az uni\u00f3s statisztikai hivatal (Eurostat) cs\u00fct\u00f6rt\u00f6k\u00f6n kiadott jelent\u00e9se szerint G\u00f6r\u00f6gorsz\u00e1g els\u0151dleges k\u00f6lts\u00e9gvet\u00e9si t\u00f6bblete a brutt\u00f3 hazai term\u00e9k (GDP) 0,70 sz\u00e1zal\u00e9k\u00e1t tette ki tavaly, j\u00f3csk\u00e1n meghaladta a nemzetk\u00f6zi ment\u0151csomag fej\u00e9ben v\u00e1llalt 0,25 sz\u00e1zal\u00e9kot.<br \/>\n    G\u00f6r\u00f6gorsz\u00e1g tavaly ny\u00e1ron \u00e1llapodott meg a harmadik seg\u00e9lycsomagr\u00f3l az Eur\u00f3pai Bizotts\u00e1g, az Eur\u00f3pai K\u00f6zponti Bank \u00e9s az Eur\u00f3pai Stabilit\u00e1si Mechanizmus k\u00e9pvisel\u0151ivel. A Nemzetk\u00f6zi Valutaalap, amely r\u00e9szt vett a csomag kidolgoz\u00e1s\u00e1r\u00f3l foly\u00f3 t\u00e1rgyal\u00e1sokon \u00e9s az els\u0151 k\u00e9t nemzetk\u00f6zi hitelprogramban, az els\u0151 fel\u00fclvizsg\u00e1lat lez\u00e1r\u00e1sa ut\u00e1n d\u00f6nt arr\u00f3l, hogy r\u00e9szt vesz-e a harmadik ment\u0151csomagban.<br \/>\n    Ha eredm\u00e9nyesen z\u00e1rul a fel\u00fclvizsg\u00e1lat, G\u00f6r\u00f6gorsz\u00e1g megkaphatja a k\u00f6vetkez\u0151, 5,7 milli\u00e1rd eur\u00f3s hitelr\u00e9szlet\u00e9t, valamint megkezd\u0151dhetnek az Ath\u00e9n \u00e1ltal szorgalmazott t\u00e1rgyal\u00e1sok a g\u00f6r\u00f6g \u00e1llamad\u00f3ss\u00e1gr\u00f3l is.(MTI)<\/p>\n","protected":false},"excerpt":{"rendered":"<p>Meg\u00e1llapod\u00e1s sz\u00fclethet j\u00f6v\u0151 cs\u00fct\u00f6rt\u00f6k\u00f6n a g\u00f6r\u00f6g reformint\u00e9zked\u00e9sek els\u0151 fel\u00fclvizsg\u00e1lat\u00e1nak lez\u00e1r\u00e1s\u00e1r\u00f3l, ez lehet\u0151v\u00e9 tenn\u00e9 az ad\u00f3ss\u00e1genyh\u00edt\u00e9sr\u0151l sz\u00f3l\u00f3 t\u00e1rgyal\u00e1sok megkezd\u00e9s\u00e9t &#8211; k\u00f6z\u00f6lte Jeroen Dijsselbloem, az eur\u00f3\u00f6vezeti p\u00e9nz\u00fcgyminisztereket t\u00f6m\u00f6r\u00edt\u0151 test\u00fclet, az eur\u00f3csoport eln\u00f6ke p\u00e9nteken Amszterdamban, az eur\u00f3\u00f6vezeti p\u00e9nz\u00fcgyminiszterek tan\u00e1cskoz\u00e1s\u00e1t k\u00f6vet\u0151en.<\/p>\n","protected":false},"author":1,"featured_media":0,"comment_status":"open","ping_status":"closed","sticky":false,"template":"","format":"standard","meta":[],"categories":[246],"tags":[],"_links":{"self":[{"href":"https:\/\/gazdasagportal.hu\/index.php\/wp-json\/wp\/v2\/posts\/78108"}],"collection":[{"href":"https:\/\/gazdasagportal.hu\/index.php\/wp-json\/wp\/v2\/posts"}],"about":[{"href":"https:\/\/gazdasagportal.hu\/index.php\/wp-json\/wp\/v2\/types\/post"}],"author":[{"embeddable":true,"href":"https:\/\/gazdasagportal.hu\/index.php\/wp-json\/wp\/v2\/users\/1"}],"replies":[{"embeddable":true,"href":"https:\/\/gazdasagportal.hu\/index.php\/wp-json\/wp\/v2\/comments?post=78108"}],"version-history":[{"count":1,"href":"https:\/\/gazdasagportal.hu\/index.php\/wp-json\/wp\/v2\/posts\/78108\/revisions"}],"predecessor-version":[{"id":78109,"href":"https:\/\/gazdasagportal.hu\/index.php\/wp-json\/wp\/v2\/posts\/78108\/revisions\/78109"}],"wp:attachment":[{"href":"https:\/\/gazdasagportal.hu\/index.php\/wp-json\/wp\/v2\/media?parent=78108"}],"wp:term":[{"taxonomy":"category","embeddable":true,"href":"https:\/\/gazdasagportal.hu\/index.php\/wp-json\/wp\/v2\/categories?post=78108"},{"taxonomy":"post_tag","embeddable":true,"href":"https:\/\/gazdasagportal.hu\/index.php\/wp-json\/wp\/v2\/tags?post=78108"}],"curies":[{"name":"wp","href":"https:\/\/api.w.org\/{rel}","templated":true}]}}