{"id":78106,"date":"2016-04-22T16:12:48","date_gmt":"2016-04-22T14:12:48","guid":{"rendered":"http:\/\/gazdasagportal.hu\/?p=78106"},"modified":"2016-04-22T16:12:48","modified_gmt":"2016-04-22T14:12:48","slug":"parizsi-klimaegyezmeny-megkezdodott-a-megallapodas-unnepelyes-alairasa-az-ensz-szekhazban","status":"publish","type":"post","link":"https:\/\/gazdasagportal.hu\/index.php\/parizsi-klimaegyezmeny-megkezdodott-a-megallapodas-unnepelyes-alairasa-az-ensz-szekhazban\/","title":{"rendered":"P\u00e1rizsi kl\u00edmaegyezm\u00e9ny &#8211; Megkezd\u0151d\u00f6tt a meg\u00e1llapod\u00e1s \u00fcnnep\u00e9lyes al\u00e1\u00edr\u00e1sa az ENSZ-sz\u00e9kh\u00e1zban"},"content":{"rendered":"<p><strong>Az ENSZ New York-i sz\u00e9kh\u00e1z\u00e1ban p\u00e9nteken megkezd\u0151d\u00f6tt a p\u00e1rizsi kl\u00edmameg\u00e1llapod\u00e1s al\u00e1\u00edr\u00e1si cerem\u00f3ni\u00e1ja.<\/strong><!--more--><\/p>\n<div class=\"ads-in-post1\"><div id=\"gazdasagportal.hu_fullbanner_wideboard\"><\/div>\r\n<\/div>\n    Megnyit\u00f3j\u00e1ban Ban Ki Mun ENSZ-f\u0151titk\u00e1r hangs\u00falyozta, hogy t\u00f6rt\u00e9nelmi pillanatr\u00f3l van sz\u00f3. &#8222;Soha kor\u00e1bban nemzetk\u00f6zi egyezm\u00e9nyt nem \u00edrt al\u00e1 egyetlen nap alatt ilyen sok orsz\u00e1g&#8221; &#8211; fogalmazott Ban francia nyelven.<br \/>\n    A jelenl\u00e9v\u0151kh\u00f6z sz\u00f3lva kijelentette: a vil\u00e1g sorsa van a kez\u00fckben.<br \/>\n    Bejelentette azt is, hogy a kor\u00e1bban jelzettn\u00e9l t\u00f6bb, \u00f6sszesen 171 orsz\u00e1g \u00edrja al\u00e1 a t\u00f6rt\u00e9nelmi egyezm\u00e9nyt, \u00e9s k\u00f6zt\u00fck t\u00f6bb mint 60-at \u00e1llam- vagy korm\u00e1nyf\u0151je k\u00e9pvisel a cerem\u00f3ni\u00e1n.<br \/>\n    Az \u00fcnnepi \u00fcl\u00e9sen besz\u00e9det mond \u00c1der J\u00e1nos \u00e1llamf\u0151, aki k\u00e9toldal\u00fa t\u00e1rgyal\u00e1sokat is folytat Macky Sall szeneg\u00e1li \u00e1llamf\u0151vel \u00e9s Al Gore volt amerikai aleln\u00f6kkel, aki 2007-ben Nobel-b\u00e9ked\u00edjat kapott k\u00f6rnyezetv\u00e9delmi tev\u00e9kenys\u00e9g\u00e9\u00e9rt. \u00c1der J\u00e1nos megbesz\u00e9l\u00e9st tart Ban Ki Munnal is, majd ell\u00e1togat a Columbia Egyetemre, ahol a gravit\u00e1ci\u00f3s hull\u00e1mok l\u00e9t\u00e9t bizony\u00edt\u00f3 magyar tud\u00f3sokkal tal\u00e1lkozik.<br \/>\n    Az Egyes\u00fclt \u00c1llamokat John Kerry k\u00fcl\u00fcgyminiszter k\u00e9pviseli, \u0151 azonban nem emelkedik sz\u00f3l\u00e1sra az \u00fcnneps\u00e9gen.(MTI)<\/p>\n","protected":false},"excerpt":{"rendered":"<p>Az ENSZ New York-i sz\u00e9kh\u00e1z\u00e1ban p\u00e9nteken megkezd\u0151d\u00f6tt a p\u00e1rizsi kl\u00edmameg\u00e1llapod\u00e1s al\u00e1\u00edr\u00e1si cerem\u00f3ni\u00e1ja.<\/p>\n","protected":false},"author":1,"featured_media":0,"comment_status":"open","ping_status":"closed","sticky":false,"template":"","format":"standard","meta":[],"categories":[246],"tags":[],"_links":{"self":[{"href":"https:\/\/gazdasagportal.hu\/index.php\/wp-json\/wp\/v2\/posts\/78106"}],"collection":[{"href":"https:\/\/gazdasagportal.hu\/index.php\/wp-json\/wp\/v2\/posts"}],"about":[{"href":"https:\/\/gazdasagportal.hu\/index.php\/wp-json\/wp\/v2\/types\/post"}],"author":[{"embeddable":true,"href":"https:\/\/gazdasagportal.hu\/index.php\/wp-json\/wp\/v2\/users\/1"}],"replies":[{"embeddable":true,"href":"https:\/\/gazdasagportal.hu\/index.php\/wp-json\/wp\/v2\/comments?post=78106"}],"version-history":[{"count":1,"href":"https:\/\/gazdasagportal.hu\/index.php\/wp-json\/wp\/v2\/posts\/78106\/revisions"}],"predecessor-version":[{"id":78107,"href":"https:\/\/gazdasagportal.hu\/index.php\/wp-json\/wp\/v2\/posts\/78106\/revisions\/78107"}],"wp:attachment":[{"href":"https:\/\/gazdasagportal.hu\/index.php\/wp-json\/wp\/v2\/media?parent=78106"}],"wp:term":[{"taxonomy":"category","embeddable":true,"href":"https:\/\/gazdasagportal.hu\/index.php\/wp-json\/wp\/v2\/categories?post=78106"},{"taxonomy":"post_tag","embeddable":true,"href":"https:\/\/gazdasagportal.hu\/index.php\/wp-json\/wp\/v2\/tags?post=78106"}],"curies":[{"name":"wp","href":"https:\/\/api.w.org\/{rel}","templated":true}]}}