{"id":77926,"date":"2016-04-19T07:46:03","date_gmt":"2016-04-19T05:46:03","guid":{"rendered":"http:\/\/gazdasagportal.hu\/?p=77926"},"modified":"2016-04-19T07:17:48","modified_gmt":"2016-04-19T05:17:48","slug":"lezarult-a-waberer-hungaria-biztosito-zrt-megvetele","status":"publish","type":"post","link":"https:\/\/gazdasagportal.hu\/index.php\/lezarult-a-waberer-hungaria-biztosito-zrt-megvetele\/","title":{"rendered":"Lez\u00e1rult a W\u00e1berer Hung\u00e1ria Biztos\u00edt\u00f3 Zrt. megv\u00e9tele"},"content":{"rendered":"<p><strong>Lez\u00e1rult a W\u00e1berer Hung\u00e1ria Biztos\u00edt\u00f3 Zrt. megv\u00e9tele. A sz\u00fcks\u00e9ges fel\u00fcgyeleti \u00e9s versenyhat\u00f3s\u00e1gi enged\u00e9lyek k\u00e9zhezv\u00e9tele ut\u00e1n, a tranzakci\u00f3 a Waberer&#8217;s  International Nyrt. 2016. \u00e1prilis 18-i, azaz h\u00e9tf\u0151i \u00e9ves rendes k\u00f6zgy\u0171l\u00e9s\u00e9nek j\u00f3v\u00e1hagy\u00f3 hat\u00e1rozata alapj\u00e1n befejez\u0151d\u00f6tt.<\/strong><!--more--><\/p>\n<div class=\"ads-in-post1\"><div id=\"gazdasagportal.hu_fullbanner_wideboard\"><\/div>\r\n<\/div>\n<p>    A t\u00e1rsas\u00e1gnak a B\u00c9T honlapj\u00e1n k\u00f6zz\u00e9tett t\u00e1j\u00e9koztat\u00e1sa alapj\u00e1n a Waberer&#8217;s International Nyrt. Igazgat\u00f3s\u00e1ga 2015. december 16-\u00e1n megtartott \u00fcl\u00e9s\u00e9n d\u00f6nt\u00f6tt arr\u00f3l, hogy a t\u00e1rsas\u00e1g megv\u00e1s\u00e1rolja a W\u00e1berer Hung\u00e1ria Biztos\u00edt\u00f3 Zrt. r\u00e9szv\u00e9nyeinek 100 sz\u00e1zal\u00e9k\u00e1t. Az ad\u00e1sv\u00e9teli szerz\u0151d\u00e9st 2015. december 28-\u00e1n \u00edrt\u00e1k al\u00e1. A tranzakci\u00f3 p\u00e9nz\u00fcgyi z\u00e1r\u00e1sa a Magyar Nemzeti Bank fel\u00fcgyeleti \u00e9s a sz\u00fcks\u00e9ges versenyhat\u00f3s\u00e1gi enged\u00e9lyek k\u00e9zhezv\u00e9tele ut\u00e1n, valamint a t\u00e1rsas\u00e1g 2016. \u00e1prilis 18-i rendes \u00e9ves k\u00f6zgy\u0171l\u00e9s\u00e9nek j\u00f3v\u00e1hagy\u00f3 hat\u00e1rozata alapj\u00e1n h\u00e9tf\u0151n t\u00f6rt\u00e9nt meg.(MTI)<\/p>\n","protected":false},"excerpt":{"rendered":"<p>Lez\u00e1rult a W\u00e1berer Hung\u00e1ria Biztos\u00edt\u00f3 Zrt. megv\u00e9tele. A sz\u00fcks\u00e9ges fel\u00fcgyeleti \u00e9s versenyhat\u00f3s\u00e1gi enged\u00e9lyek k\u00e9zhezv\u00e9tele ut\u00e1n, a tranzakci\u00f3 a Waberer&#8217;s International Nyrt. 2016. \u00e1prilis 18-i, azaz h\u00e9tf\u0151i \u00e9ves rendes k\u00f6zgy\u0171l\u00e9s\u00e9nek j\u00f3v\u00e1hagy\u00f3 hat\u00e1rozata alapj\u00e1n befejez\u0151d\u00f6tt.<\/p>\n","protected":false},"author":1,"featured_media":0,"comment_status":"open","ping_status":"closed","sticky":false,"template":"","format":"standard","meta":[],"categories":[51],"tags":[],"_links":{"self":[{"href":"https:\/\/gazdasagportal.hu\/index.php\/wp-json\/wp\/v2\/posts\/77926"}],"collection":[{"href":"https:\/\/gazdasagportal.hu\/index.php\/wp-json\/wp\/v2\/posts"}],"about":[{"href":"https:\/\/gazdasagportal.hu\/index.php\/wp-json\/wp\/v2\/types\/post"}],"author":[{"embeddable":true,"href":"https:\/\/gazdasagportal.hu\/index.php\/wp-json\/wp\/v2\/users\/1"}],"replies":[{"embeddable":true,"href":"https:\/\/gazdasagportal.hu\/index.php\/wp-json\/wp\/v2\/comments?post=77926"}],"version-history":[{"count":1,"href":"https:\/\/gazdasagportal.hu\/index.php\/wp-json\/wp\/v2\/posts\/77926\/revisions"}],"predecessor-version":[{"id":77927,"href":"https:\/\/gazdasagportal.hu\/index.php\/wp-json\/wp\/v2\/posts\/77926\/revisions\/77927"}],"wp:attachment":[{"href":"https:\/\/gazdasagportal.hu\/index.php\/wp-json\/wp\/v2\/media?parent=77926"}],"wp:term":[{"taxonomy":"category","embeddable":true,"href":"https:\/\/gazdasagportal.hu\/index.php\/wp-json\/wp\/v2\/categories?post=77926"},{"taxonomy":"post_tag","embeddable":true,"href":"https:\/\/gazdasagportal.hu\/index.php\/wp-json\/wp\/v2\/tags?post=77926"}],"curies":[{"name":"wp","href":"https:\/\/api.w.org\/{rel}","templated":true}]}}