{"id":77924,"date":"2016-04-19T07:07:30","date_gmt":"2016-04-19T05:07:30","guid":{"rendered":"http:\/\/gazdasagportal.hu\/?p=77924"},"modified":"2016-04-19T07:07:30","modified_gmt":"2016-04-19T05:07:30","slug":"az-ap-hirugynokseg-a-the-new-york-times-es-a-reuters-a-pulitzer-dij-idei-dijazottjai-kozott","status":"publish","type":"post","link":"https:\/\/gazdasagportal.hu\/index.php\/az-ap-hirugynokseg-a-the-new-york-times-es-a-reuters-a-pulitzer-dij-idei-dijazottjai-kozott\/","title":{"rendered":"Az AP h\u00edr\u00fcgyn\u00f6ks\u00e9g, a The New York Times \u00e9s a Reuters a Pulitzer-d\u00edj idei d\u00edjazottjai k\u00f6z\u00f6tt"},"content":{"rendered":"<p><strong>Az AP h\u00edr\u00fcgyn\u00f6ks\u00e9g, a The New York Times \u00e9s a Reuters h\u00edr\u00fcgyn\u00f6ks\u00e9g kapt\u00e1k meg m\u00e1sok mellett a legnevesebb amerikai \u00fajs\u00e1g\u00edr\u00f3i elismer\u00e9st, a Pulitzer-d\u00edjat a h\u00e9tf\u0151i d\u00edj\u00e1tad\u00f3 \u00fcnneps\u00e9gen.<\/strong><!--more--><\/p>\n<div class=\"ads-in-post1\"><div id=\"gazdasagportal.hu_fullbanner_wideboard\"><\/div>\r\n<\/div>\n<p>    Az 1917 \u00f3ta kiosztott Pulitzer-d\u00edjat \u00f6sszesen 21 kateg\u00f3ri\u00e1ban \u00edt\u00e9lik oda, \u00e9s a New York-i Columbia Egyetemen rendezett \u00fcnneps\u00e9g keret\u00e9ben adj\u00e1k \u00e1t. D\u00edjjal ismernek el a t\u00f6bbi k\u00f6z\u00f6tt p\u00e9ld\u00e1ul oknyomoz\u00f3 riporteri munk\u00e1t, h\u00edrfot\u00f3t, \u00e9s az \u00fajs\u00e1g\u00edr\u00f3i kateg\u00f3ri\u00e1k mellett musicalt, fikci\u00f3s k\u00f6nyvet \u00e9s dokumentumreg\u00e9nyt is.<br \/>\n    Az idei, sz\u00e1zadik d\u00edjkioszt\u00f3 \u00fcnneps\u00e9gen a k\u00f6zszolg\u00e1lati kateg\u00f3ri\u00e1ban az AP h\u00edr\u00fcgyn\u00f6ks\u00e9get ismert\u00e9k el az amerikai piacra termel\u0151 d\u00e9lkelet-\u00e1zsiai halfeldolgoz\u00f3 iparban elterjedt vissza\u00e9l\u00e9seket felt\u00e1r\u00f3 oknyomoz\u00f3 munk\u00e1j\u00e1\u00e9rt.<br \/>\n    A h\u00edrfot\u00f3 kateg\u00f3ri\u00e1ban a The New York Times \u00e9s a Reuters munkat\u00e1rsai megosztva kaptak Pulitzer-d\u00edjat, s mindk\u00e9t szerkeszt\u0151s\u00e9g csapat\u00e1t az eur\u00f3pai \u00e9s a k\u00f6zel-keleti migr\u00e1nsv\u00e1ls\u00e1gr\u00f3l k\u00e9sz\u00edtett fot\u00f3i\u00e9rt ismert\u00e9k el.<br \/>\n    A The Washington Post riportercsapata a 2015-ben tapasztalt rend\u0151ri t\u00falkap\u00e1sokr\u00f3l \u00e9s a j\u00f3r\u00e9szt elmaradt felel\u0151ss\u00e9gre von\u00e1sokr\u00f3l \u00edrt riportsorozat\u00e1\u00e9rt \u00e9rdemelte ki a d\u00edjat.<br \/>\n    A kaliforniai San Bernardin\u00f3ban tavaly elk\u00f6vetett t\u00f6megm\u00e9sz\u00e1rl\u00e1sr\u00f3l k\u00e9sz\u00fclt tud\u00f3s\u00edt\u00e1sai\u00e9rt \u00e9s riportjai\u00e9rt kit\u00fcntett\u00e9k a Los Angeles Times szerkeszt\u0151s\u00e9g\u00e9t, oknyomoz\u00f3 riportjai\u00e9rt megosztottan d\u00edjat kapott k\u00e9t kisebb floridai lap: a The Tampa Bay Times \u00e9s a Sarasota Herad-Tribune.<br \/>\n    A k\u00e9t lap k\u00f6z\u00f6sen k\u00e9sz\u00edtett riportsorozatot a floridai pszichi\u00e1triai int\u00e9zetekben uralkod\u00f3 \u00e1ldatlan \u00e1llapotokr\u00f3l, az er\u0151szakr\u00f3l \u00e9s a hanyags\u00e1gr\u00f3l. A The Tampa Bay Times egy\u00e9bk\u00e9nt &#8222;bezsebelt&#8221; egy m\u00e1sik Pulitzert is: h\u00e1rom riportere az oktat\u00e1s\u00fcgy kudarc\u00e1r\u00f3l \u00edrt oknyomoz\u00f3 riportot.<br \/>\n    A nemzetk\u00f6zi \u00fajs\u00e1g\u00edr\u00e1s kateg\u00f3ri\u00e1j\u00e1ban a Pulitzert a The New York Times munkat\u00e1rs\u00e1nak \u00edt\u00e9lt\u00e9k oda, aki az afg\u00e1n n\u0151kkel szembeni embertelen b\u00e1n\u00e1sm\u00f3dr\u00f3l \u00edrt helysz\u00edni riportot.<br \/>\n    D\u00edjat osztottak az \u00fagynevezett fikci\u00f3s, a t\u00f6rt\u00e9nelmi, valamint a dokumentumk\u00f6nyv kateg\u00f3ri\u00e1kban is. Fikci\u00f3s reg\u00e9ny\u00e9\u00e9rt, egy Vietnamb\u00f3l az Egyes\u00fclt \u00c1llamokba bev\u00e1ndorl\u00f3 f\u00e9rfi t\u00f6rt\u00e9net\u00e9\u00e9rt a vietnami csal\u00e1di gy\u00f6ker\u0171 Viet Thang Nguyent \u00e9rdemes\u00edtett\u00e9k d\u00edjra. A t\u00f6rt\u00e9nelmi k\u00f6nyvek k\u00f6z\u00fcl a minnesotai \u00e9letrajz\u00edr\u00f3, T.J. Stiles k\u00f6nyve kapott elismer\u00e9st George Armstrong Custer t\u00e1bornok &#8211; az amerikai polg\u00e1rh\u00e1bor\u00fa lovass\u00e1gi parancsnoka &#8211; biogr\u00e1fi\u00e1j\u00e1\u00e9rt, a dokumentumk\u00f6nyv kateg\u00f3ri\u00e1ban pedig a The Washington Post riportere, Joby Warrick kapott d\u00edjat az Iszl\u00e1m \u00c1llam terrorszervezetr\u0151l \u00edrt k\u00f6nyv\u00e9\u00e9rt.<br \/>\n    Pulitzer-d\u00edjjal ismert\u00e9k el tov\u00e1bb\u00e1 a Broadway egyik musicalj\u00e9t: Manuel Miranda Hamilton c\u00edm\u0171 darabja az Egyes\u00fclt \u00c1llamok egyik, \u00f6nsorsront\u00f3 alap\u00edt\u00f3 atyj\u00e1r\u00f3l sz\u00f3l.<br \/>\n    Az elismer\u00e9st Joseph Pulitzer magyar sz\u00e1rmaz\u00e1s\u00fa \u00fajs\u00e1g\u00edr\u00f3, lapkiad\u00f3 alap\u00edtotta, \u00e9s 1917-ben osztott\u00e1k ki el\u0151sz\u00f6r.(MTI)<\/p>\n","protected":false},"excerpt":{"rendered":"<p>Az AP h\u00edr\u00fcgyn\u00f6ks\u00e9g, a The New York Times \u00e9s a Reuters h\u00edr\u00fcgyn\u00f6ks\u00e9g kapt\u00e1k meg m\u00e1sok mellett a legnevesebb amerikai \u00fajs\u00e1g\u00edr\u00f3i elismer\u00e9st, a Pulitzer-d\u00edjat a h\u00e9tf\u0151i d\u00edj\u00e1tad\u00f3 \u00fcnneps\u00e9gen.<\/p>\n","protected":false},"author":1,"featured_media":0,"comment_status":"open","ping_status":"closed","sticky":false,"template":"","format":"standard","meta":[],"categories":[13],"tags":[],"_links":{"self":[{"href":"https:\/\/gazdasagportal.hu\/index.php\/wp-json\/wp\/v2\/posts\/77924"}],"collection":[{"href":"https:\/\/gazdasagportal.hu\/index.php\/wp-json\/wp\/v2\/posts"}],"about":[{"href":"https:\/\/gazdasagportal.hu\/index.php\/wp-json\/wp\/v2\/types\/post"}],"author":[{"embeddable":true,"href":"https:\/\/gazdasagportal.hu\/index.php\/wp-json\/wp\/v2\/users\/1"}],"replies":[{"embeddable":true,"href":"https:\/\/gazdasagportal.hu\/index.php\/wp-json\/wp\/v2\/comments?post=77924"}],"version-history":[{"count":1,"href":"https:\/\/gazdasagportal.hu\/index.php\/wp-json\/wp\/v2\/posts\/77924\/revisions"}],"predecessor-version":[{"id":77925,"href":"https:\/\/gazdasagportal.hu\/index.php\/wp-json\/wp\/v2\/posts\/77924\/revisions\/77925"}],"wp:attachment":[{"href":"https:\/\/gazdasagportal.hu\/index.php\/wp-json\/wp\/v2\/media?parent=77924"}],"wp:term":[{"taxonomy":"category","embeddable":true,"href":"https:\/\/gazdasagportal.hu\/index.php\/wp-json\/wp\/v2\/categories?post=77924"},{"taxonomy":"post_tag","embeddable":true,"href":"https:\/\/gazdasagportal.hu\/index.php\/wp-json\/wp\/v2\/tags?post=77924"}],"curies":[{"name":"wp","href":"https:\/\/api.w.org\/{rel}","templated":true}]}}