{"id":77922,"date":"2016-04-18T20:52:47","date_gmt":"2016-04-18T18:52:47","guid":{"rendered":"http:\/\/gazdasagportal.hu\/?p=77922"},"modified":"2016-04-18T20:52:47","modified_gmt":"2016-04-18T18:52:47","slug":"robbanas-tortent-egy-buszon-tobben-megsebesultek","status":"publish","type":"post","link":"https:\/\/gazdasagportal.hu\/index.php\/robbanas-tortent-egy-buszon-tobben-megsebesultek\/","title":{"rendered":"Robban\u00e1s t\u00f6rt\u00e9nt egy buszon, t\u00f6bben megsebes\u00fcltek"},"content":{"rendered":"<p><strong>Robban\u00e1s t\u00f6rt\u00e9nt h\u00e9tf\u0151n egy jeruzs\u00e1lemi buszon, az izraeli ment\u0151szolg\u00e1latok szerint legal\u00e1bb tizenheten megsebes\u00fcltek.<\/strong><!--more--><\/p>\n<div class=\"ads-in-post1\"><div id=\"gazdasagportal.hu_fullbanner_wideboard\"><\/div>\r\n<\/div>\n<p>    A The Jerusalem Post c\u00edm\u0171 helyi lap azt k\u00f6z\u00f6lte, a Jeruzs\u00e1lem d\u00e9lnyugati r\u00e9sz\u00e9n fekv\u0151 Hebron \u00faton egy \u00fcres buszban l\u00e9pett m\u0171k\u00f6d\u00e9sbe egy robban\u00f3szerkezet, \u00e9s a deton\u00e1ci\u00f3 k\u00f6vetkezt\u00e9ben a k\u00f6zelben l\u00e9v\u0151 busz utasai sebes\u00fcltek meg. Az \u00fajs\u00e1g tizen\u00f6t sebes\u00fcltr\u0151l sz\u00e1molt be, k\u00f6z\u00fcl\u00fck ketten v\u00e1ls\u00e1gos \u00e1llapotban vannak.<br \/>\n    A helyi rend\u0151rs\u00e9g els\u0151 inform\u00e1ci\u00f3i szint\u00e9n arra utaltak, hogy terrort\u00e1mad\u00e1s t\u00f6rt\u00e9nt, de a helysz\u00edn kivizsg\u00e1l\u00e1sa ut\u00e1n a katonai r\u00e1di\u00f3 \u00e9rtes\u00fcl\u00e9se szerint egyre val\u00f3sz\u00edn\u0171bbnek v\u00e9lik az illet\u00e9kesek, hogy technikai hiba t\u00f6rt\u00e9nt: az utasok n\u00e9lk\u00fcli aut\u00f3busz benzintart\u00e1lya felrobbant, majd a t\u0171z \u00e1tterjedt a mellette \u00e1ll\u00f3 teli buszra \u00e9s t\u00f6bb szomsz\u00e9dos g\u00e9pkocsira.         Az elm\u00falt id\u0151szakban megszaporodtak palesztinok izraeliekkel szembeni, f\u0151k\u00e9nt k\u00e9sel\u00e9ses t\u00e1mad\u00e1sai. A h\u00e9tf\u0151i t\u00e1mad\u00e1s miatt eleinte feler\u0151s\u00f6dtek azok a f\u00e9lelmek, hogy ism\u00e9t rendszeress\u00e9 v\u00e1lhatnak a Jeruzs\u00e1lemet t\u00edz \u00e9vvel ezel\u0151tt megr\u00e1z\u00f3 \u00f6ngyilkos mer\u00e9nyletek.<br \/>\n    A rend\u0151rs\u00e9g k\u00e9pvisel\u0151je a katonai r\u00e1di\u00f3ban kijelentette, hogy nem volt el\u0151zetes figyelmeztet\u00e9s\u00fck egy eff\u00e9le terrormer\u00e9nyletr\u0151l, de a v\u00e1ros lak\u00f3i a p\u00e9nteken kezd\u0151d\u0151 nyolc napos p\u00e9szah \u00fcnnepre k\u00e9sz\u00fcl\u0151dnek, \u00e9s ez\u00e9rt ezekben a napokban fokozott k\u00e9sz\u00fclts\u00e9g l\u00e9pett \u00e9letbe.<br \/>\n    A  r\u00e1di\u00f3 \u00e9rtes\u00fcl\u00e9se szerint tizenheten sebes\u00fcltek meg, ketten s\u00falyosan. Minden s\u00e9r\u00fcltet elsz\u00e1ll\u00edtottak k\u00fcl\u00f6nb\u00f6z\u0151 jeruzs\u00e1lemi k\u00f3rh\u00e1zakba.(MTI) <\/p>\n","protected":false},"excerpt":{"rendered":"<p>Robban\u00e1s t\u00f6rt\u00e9nt h\u00e9tf\u0151n egy jeruzs\u00e1lemi buszon, az izraeli ment\u0151szolg\u00e1latok szerint legal\u00e1bb tizenheten megsebes\u00fcltek.<\/p>\n","protected":false},"author":1,"featured_media":0,"comment_status":"open","ping_status":"closed","sticky":false,"template":"","format":"standard","meta":[],"categories":[16],"tags":[],"_links":{"self":[{"href":"https:\/\/gazdasagportal.hu\/index.php\/wp-json\/wp\/v2\/posts\/77922"}],"collection":[{"href":"https:\/\/gazdasagportal.hu\/index.php\/wp-json\/wp\/v2\/posts"}],"about":[{"href":"https:\/\/gazdasagportal.hu\/index.php\/wp-json\/wp\/v2\/types\/post"}],"author":[{"embeddable":true,"href":"https:\/\/gazdasagportal.hu\/index.php\/wp-json\/wp\/v2\/users\/1"}],"replies":[{"embeddable":true,"href":"https:\/\/gazdasagportal.hu\/index.php\/wp-json\/wp\/v2\/comments?post=77922"}],"version-history":[{"count":1,"href":"https:\/\/gazdasagportal.hu\/index.php\/wp-json\/wp\/v2\/posts\/77922\/revisions"}],"predecessor-version":[{"id":77923,"href":"https:\/\/gazdasagportal.hu\/index.php\/wp-json\/wp\/v2\/posts\/77922\/revisions\/77923"}],"wp:attachment":[{"href":"https:\/\/gazdasagportal.hu\/index.php\/wp-json\/wp\/v2\/media?parent=77922"}],"wp:term":[{"taxonomy":"category","embeddable":true,"href":"https:\/\/gazdasagportal.hu\/index.php\/wp-json\/wp\/v2\/categories?post=77922"},{"taxonomy":"post_tag","embeddable":true,"href":"https:\/\/gazdasagportal.hu\/index.php\/wp-json\/wp\/v2\/tags?post=77922"}],"curies":[{"name":"wp","href":"https:\/\/api.w.org\/{rel}","templated":true}]}}