{"id":77914,"date":"2016-04-18T18:19:31","date_gmt":"2016-04-18T16:19:31","guid":{"rendered":"http:\/\/gazdasagportal.hu\/?p=77914"},"modified":"2016-04-18T17:40:38","modified_gmt":"2016-04-18T15:40:38","slug":"szazezer-sziriai-menekult-tart-a-torok-hatarra","status":"publish","type":"post","link":"https:\/\/gazdasagportal.hu\/index.php\/szazezer-sziriai-menekult-tart-a-torok-hatarra\/","title":{"rendered":"Sz\u00e1zezer sz\u00edriai menek\u00fclt tart a t\u00f6r\u00f6k hat\u00e1rra"},"content":{"rendered":"<p><strong>T\u00f6bb mint sz\u00e1zezer menek\u00fclt tart az \u00e9szak-sz\u00edriai Az\u00e1z v\u00e1ros k\u00f6rny\u00e9k\u00e9r\u0151l a t\u00f6r\u00f6k hat\u00e1r ir\u00e1ny\u00e1ba &#8211; k\u00f6z\u00f6lte h\u00e9tf\u0151n az Orvosok Hat\u00e1rok N\u00e9lk\u00fcl (MSF) nemzetk\u00f6zi seg\u00e9lyszervezet.<\/strong><!--more--><\/p>\n<div class=\"ads-in-post1\"><div id=\"gazdasagportal.hu_fullbanner_wideboard\"><\/div>\r\n<\/div>\n<p>A t\u00f6r\u00f6k sajt\u00f3 m\u00e1r m\u00falt p\u00e9nteken arr\u00f3l sz\u00e1molt be, hogy a Sz\u00edria \u00e9szaki r\u00e9sz\u00e9n fell\u00e1ngolt harcok \u00fajabb migr\u00e1ns\u00e1radatot ind\u00edtottak el. A hat\u00e1r sz\u00edriai oldal\u00e1n tal\u00e1lhat\u00f3 10 menek\u00fcltt\u00e1borb\u00f3l t\u00f6bbet t\u00e1mad\u00e1s \u00e9rt, ez\u00e9rt legal\u00e1bb 30 ezer szem\u00e9ly kelt \u00fatra a t\u00f6r\u00f6k Kilis tartom\u00e1nyban fekv\u0151 \u00d6nc\u00fcpinar hat\u00e1r\u00e1tkel\u0151h\u00f6z. A helyzet az\u00f3ta tov\u00e1bb romlott.<br \/>\nAz ut\u00f3bbi hetekben Sz\u00edria-szerte \u00e9s k\u00fcl\u00f6n\u00f6sen \u00e9szakon fell\u00e1ngoltak a harcok a korm\u00e1nyt t\u00e1mogat\u00f3 er\u0151k, a l\u00e1zad\u00f3k \u00e9s az Iszl\u00e1m \u00c1llam (I\u00c1) dzsihadista szervezet k\u00f6z\u00f6tt, ami \u00f6sszeoml\u00e1ssal fenyegeti az amerikai-orosz meg\u00e1llapod\u00e1snak k\u00f6sz\u00f6nhet\u0151en febru\u00e1r 27-\u00e9n \u00e9letbe l\u00e9pett sz\u00edriai fegyvernyugv\u00e1si egyezm\u00e9nyt.<br \/>\nA meg\u00e1llapod\u00e1s nem vonatkozik a jelenlegi harcok helysz\u00edn\u00e9re, ahogy az I\u00c1-hoz hasonl\u00f3 sz\u00e9ls\u0151s\u00e9ges szervezetekre sem.<br \/>\nAz MSF kritiz\u00e1lta T\u00f6r\u00f6korsz\u00e1gnak azt a d\u00f6nt\u00e9s\u00e9t, amely szerint csak a sebes\u00fclt migr\u00e1nsok el\u0151tt nyitja meg a hat\u00e1rt. T\u00f6r\u00f6korsz\u00e1g az ut\u00f3bbi id\u0151ben szigor\u00edtott a hat\u00e1rellen\u0151rz\u00e9sen \u00e9s a kor\u00e1bbival ellent\u00e9tben nem engedi sz\u00e1molatlanul be\u00e1ramlani ter\u00fclet\u00e9re a Sz\u00edri\u00e1b\u00f3l \u00e9rkez\u0151ket.<br \/>\nA Human Rights Watch (HRW) nemzetk\u00f6zi emberi jogi szervezet felsz\u00f3l\u00edtotta T\u00f6r\u00f6korsz\u00e1got, hogy nyissa meg hat\u00e1rait.<br \/>\nEmellett az MSF b\u00edr\u00e1lta az Eur\u00f3pai Uni\u00f3 menek\u00fclt\u00fcgyi politik\u00e1j\u00e1t is. Elfogadhatatlan, hogy az EU az illeg\u00e1lis bev\u00e1ndorl\u00f3k T\u00f6r\u00f6korsz\u00e1gba t\u00f6rt\u00e9n\u0151 visszatoloncol\u00e1s\u00e1ra koncentr\u00e1l ahelyett, hogy l\u00e9p\u00e9seket tenne a sz\u00edriai-t\u00f6r\u00f6k hat\u00e1r v\u00e9delm\u00e9nek meger\u0151s\u00edt\u00e9se \u00e9rdek\u00e9ben &#8211; olvashat\u00f3 a sz\u00f6vegben.(MTI)<\/p>\n<p>&nbsp;<\/p><div id=\"gazda-2628726588\" class=\"gazda-tartalomban gazda-entity-placement\"><script async src=\"https:\/\/pagead2.googlesyndication.com\/pagead\/js\/adsbygoogle.js\"><\/script>\r\n<ins class=\"adsbygoogle\"\r\n     style=\"display:block\"\r\n     data-ad-format=\"fluid\"\r\n     data-ad-layout-key=\"-6t+ed+2i-1n-4w\"\r\n     data-ad-client=\"ca-pub-1959107119989764\"\r\n     data-ad-slot=\"4008251320\"><\/ins>\r\n<script>\r\n     (adsbygoogle = window.adsbygoogle || []).push({});\r\n<\/script><\/div>\n","protected":false},"excerpt":{"rendered":"<p>T\u00f6bb mint sz\u00e1zezer menek\u00fclt tart az \u00e9szak-sz\u00edriai Az\u00e1z v\u00e1ros k\u00f6rny\u00e9k\u00e9r\u0151l a t\u00f6r\u00f6k hat\u00e1r ir\u00e1ny\u00e1ba &#8211; k\u00f6z\u00f6lte h\u00e9tf\u0151n az Orvosok Hat\u00e1rok N\u00e9lk\u00fcl (MSF) nemzetk\u00f6zi seg\u00e9lyszervezet.<\/p>\n","protected":false},"author":1,"featured_media":0,"comment_status":"open","ping_status":"closed","sticky":false,"template":"","format":"standard","meta":[],"categories":[12,16],"tags":[],"_links":{"self":[{"href":"https:\/\/gazdasagportal.hu\/index.php\/wp-json\/wp\/v2\/posts\/77914"}],"collection":[{"href":"https:\/\/gazdasagportal.hu\/index.php\/wp-json\/wp\/v2\/posts"}],"about":[{"href":"https:\/\/gazdasagportal.hu\/index.php\/wp-json\/wp\/v2\/types\/post"}],"author":[{"embeddable":true,"href":"https:\/\/gazdasagportal.hu\/index.php\/wp-json\/wp\/v2\/users\/1"}],"replies":[{"embeddable":true,"href":"https:\/\/gazdasagportal.hu\/index.php\/wp-json\/wp\/v2\/comments?post=77914"}],"version-history":[{"count":1,"href":"https:\/\/gazdasagportal.hu\/index.php\/wp-json\/wp\/v2\/posts\/77914\/revisions"}],"predecessor-version":[{"id":77915,"href":"https:\/\/gazdasagportal.hu\/index.php\/wp-json\/wp\/v2\/posts\/77914\/revisions\/77915"}],"wp:attachment":[{"href":"https:\/\/gazdasagportal.hu\/index.php\/wp-json\/wp\/v2\/media?parent=77914"}],"wp:term":[{"taxonomy":"category","embeddable":true,"href":"https:\/\/gazdasagportal.hu\/index.php\/wp-json\/wp\/v2\/categories?post=77914"},{"taxonomy":"post_tag","embeddable":true,"href":"https:\/\/gazdasagportal.hu\/index.php\/wp-json\/wp\/v2\/tags?post=77914"}],"curies":[{"name":"wp","href":"https:\/\/api.w.org\/{rel}","templated":true}]}}