{"id":77870,"date":"2016-04-17T21:15:03","date_gmt":"2016-04-17T19:15:03","guid":{"rendered":"http:\/\/gazdasagportal.hu\/?p=77870"},"modified":"2016-04-17T21:15:03","modified_gmt":"2016-04-17T19:15:03","slug":"dronnal-utkozott-egy-repulogep-london-felett","status":"publish","type":"post","link":"https:\/\/gazdasagportal.hu\/index.php\/dronnal-utkozott-egy-repulogep-london-felett\/","title":{"rendered":"Dr\u00f3nnal \u00fctk\u00f6z\u00f6tt egy rep\u00fcl\u0151g\u00e9p London felett"},"content":{"rendered":"<p><strong>Val\u00f3sz\u00edn\u0171leg dr\u00f3nnal \u00fctk\u00f6z\u00f6tt vas\u00e1rnap London l\u00e9gter\u00e9ben a British Airways l\u00e9git\u00e1rsas\u00e1g egyik rep\u00fcl\u0151g\u00e9pe.<\/strong><!--more--><\/p>\n<div class=\"ads-in-post1\"><div id=\"gazdasagportal.hu_fullbanner_wideboard\"><\/div>\r\n<\/div>\n<p>    A c\u00e9g vas\u00e1rnap esti k\u00f6zlem\u00e9nye szerint a Genfb\u0151l \u00e9rkez\u0151 Airbus A320-as t\u00edpus\u00fa rep\u00fcl\u0151g\u00e9p 132 utassal \u00e9s \u00f6tf\u0151s szem\u00e9lyzettel a fed\u00e9lzet\u00e9n baj n\u00e9lk\u00fcl lesz\u00e1llt c\u00e9l\u00e1llom\u00e1s\u00e1n, a Heathrow rep\u00fcl\u0151t\u00e9ren.<br \/>\n    A hivatalosan egyel\u0151re nem azonos\u00edtott t\u00e1rgy a g\u00e9p elej\u00e9nek csap\u00f3dott. Az \u00fctk\u00f6z\u00e9st a pil\u00f3ta jelentette a lesz\u00e1ll\u00e1s utols\u00f3 szakasz\u00e1ban. Az els\u0151 vizsg\u00e1latok ut\u00e1n a Scotland Yard szak\u00e9rt\u0151i azt val\u00f3sz\u00edn\u0171s\u00edtett\u00e9k, hogy az Airbus egy dr\u00f3nnal, vagyis t\u00e1vir\u00e1ny\u00edt\u00e1s\u00fa rep\u00fcl\u0151eszk\u00f6zzel \u00fctk\u00f6z\u00f6tt.<br \/>\n    A British Airways k\u00f6zlem\u00e9nye szerint a teljes m\u0171szaki \u00e1tvizsg\u00e1l\u00e1s ut\u00e1n az utassz\u00e1ll\u00edt\u00f3t a l\u00e9git\u00e1rsas\u00e1g szakemberei rep\u00fcl\u00e9sre alkalmasnak tal\u00e1lt\u00e1k, \u00edgy a g\u00e9p teljes\u00edthette k\u00f6vetkez\u0151 j\u00e1rat\u00e1t.<br \/>\n    A vas\u00e1rnapi incidens \u00fcgy\u00e9ben egyel\u0151re senkit nem vettek \u0151rizetbe. Az \u00fctk\u00f6z\u00e9sben nem s\u00e9r\u00fclt meg senki, London l\u00e9giforgalma vas\u00e1rnap zavartalan volt.<br \/>\n    Brit rep\u00fcl\u00e9s\u00fcgyi szak\u00e9rt\u0151k t\u00f6bbsz\u00f6r is felh\u00edvt\u00e1k a figyelmet a kiskereskedelemben megk\u00f6t\u00e9sek n\u00e9lk\u00fcl \u00e1rult, a rep\u00fcl\u0151terek l\u00e9gter\u00e9ben is mind gyakrabban felbukkan\u00f3 dr\u00f3nok vesz\u00e9lyeire.<br \/>\n    A UK Air Proximity Board (UKAB) nev\u0171 szak\u00e9rt\u0151i test\u00fclet, amely a brit l\u00e9gt\u00e9rben t\u00f6rt\u00e9n\u0151, \u00fctk\u00f6z\u00e9svesz\u00e9llyel j\u00e1r\u00f3 incidensek kivizsg\u00e1l\u00e1s\u00e1ra szakosodott, n\u00e9h\u00e1ny hete k\u00f6zz\u00e9tett jelent\u00e9s\u00e9ben k\u00f6z\u00f6lte: a tavalyi m\u00e1sodik f\u00e9l \u00e9vben h\u00e9t olyan, csaknem \u00fctk\u00f6z\u00e9ssel j\u00e1r\u00f3 eset jutott a tudom\u00e1s\u00e1ra, amelyben dr\u00f3nok okozt\u00e1k a vesz\u00e9lyhelyzetet. A UKAB ezek k\u00f6z\u00fcl n\u00e9gyet min\u0151s\u00edtett A-kateg\u00f3ri\u00e1s, vagyis k\u00fcl\u00f6n\u00f6sen vesz\u00e9lyes incidensnek.<br \/>\n    A jelent\u00e9sben szerepl\u0151 egyik ilyen esetben egy dr\u00f3n 1200 m\u00e9teres magass\u00e1gban alig \u00f6t m\u00e9terrel ker\u00fclt el egy Boeing 737-es utassz\u00e1ll\u00edt\u00f3 rep\u00fcl\u0151g\u00e9pet, amely a londoni Stansted rep\u00fcl\u0151t\u00e9rr\u0151l sz\u00e1llt fel.<br \/>\n    Egy m\u00e1sik incidens sor\u00e1n egy Boeing 777-es jobb sz\u00e1rny\u00e1t\u00f3l mind\u00f6ssze 25 m\u00e9terre rep\u00fclt el egy dr\u00f3n. Ez a rep\u00fcl\u0151g\u00e9p a Heathrow-r\u00f3l sz\u00e1llt fel \u00e9s 600 m\u00e9teres magass\u00e1gban j\u00e1rt.<br \/>\n    A brit k\u00f6zforgalmi pil\u00f3t\u00e1k sz\u00f6vets\u00e9ge (Balpa) a jelent\u00e9s k\u00f6zz\u00e9t\u00e9tele ut\u00e1n hat\u00f3s\u00e1gi int\u00e9zked\u00e9seket k\u00f6vetelt a dr\u00f3nok \u00e1rus\u00edt\u00e1si szab\u00e1lyainak szigor\u00edt\u00e1s\u00e1ra. A brit k\u00f6zleked\u00e9si miniszt\u00e9rium nem sokkal k\u00e9s\u0151bb bejelentette, hogy m\u00e1r elkezd\u0151d\u00f6tt az \u00faj szab\u00e1lyoz\u00f3i keretrendszer kidolgoz\u00e1sa.(MTI)<\/p>\n","protected":false},"excerpt":{"rendered":"<p>Val\u00f3sz\u00edn\u0171leg dr\u00f3nnal \u00fctk\u00f6z\u00f6tt vas\u00e1rnap London l\u00e9gter\u00e9ben a British Airways l\u00e9git\u00e1rsas\u00e1g egyik rep\u00fcl\u0151g\u00e9pe.<\/p>\n","protected":false},"author":1,"featured_media":0,"comment_status":"open","ping_status":"closed","sticky":false,"template":"","format":"standard","meta":[],"categories":[12],"tags":[],"_links":{"self":[{"href":"https:\/\/gazdasagportal.hu\/index.php\/wp-json\/wp\/v2\/posts\/77870"}],"collection":[{"href":"https:\/\/gazdasagportal.hu\/index.php\/wp-json\/wp\/v2\/posts"}],"about":[{"href":"https:\/\/gazdasagportal.hu\/index.php\/wp-json\/wp\/v2\/types\/post"}],"author":[{"embeddable":true,"href":"https:\/\/gazdasagportal.hu\/index.php\/wp-json\/wp\/v2\/users\/1"}],"replies":[{"embeddable":true,"href":"https:\/\/gazdasagportal.hu\/index.php\/wp-json\/wp\/v2\/comments?post=77870"}],"version-history":[{"count":1,"href":"https:\/\/gazdasagportal.hu\/index.php\/wp-json\/wp\/v2\/posts\/77870\/revisions"}],"predecessor-version":[{"id":77871,"href":"https:\/\/gazdasagportal.hu\/index.php\/wp-json\/wp\/v2\/posts\/77870\/revisions\/77871"}],"wp:attachment":[{"href":"https:\/\/gazdasagportal.hu\/index.php\/wp-json\/wp\/v2\/media?parent=77870"}],"wp:term":[{"taxonomy":"category","embeddable":true,"href":"https:\/\/gazdasagportal.hu\/index.php\/wp-json\/wp\/v2\/categories?post=77870"},{"taxonomy":"post_tag","embeddable":true,"href":"https:\/\/gazdasagportal.hu\/index.php\/wp-json\/wp\/v2\/tags?post=77870"}],"curies":[{"name":"wp","href":"https:\/\/api.w.org\/{rel}","templated":true}]}}