{"id":77866,"date":"2016-04-17T16:44:25","date_gmt":"2016-04-17T14:44:25","guid":{"rendered":"http:\/\/gazdasagportal.hu\/?p=77866"},"modified":"2016-04-17T09:19:43","modified_gmt":"2016-04-17T07:19:43","slug":"iszlam-allam-az-amerikai-vedelmi-miniszter-a-terrorszervezet-elleni-harc-fokozasat-igeri","status":"publish","type":"post","link":"https:\/\/gazdasagportal.hu\/index.php\/iszlam-allam-az-amerikai-vedelmi-miniszter-a-terrorszervezet-elleni-harc-fokozasat-igeri\/","title":{"rendered":"Iszl\u00e1m \u00c1llam &#8211; Az amerikai v\u00e9delmi miniszter a terrorszervezet elleni harc fokoz\u00e1s\u00e1t \u00edg\u00e9ri"},"content":{"rendered":"<p><strong>T\u00f6bb l\u00e9gicsap\u00e1st \u00e9s t\u00f6bb amerikai katon\u00e1t \u00edg\u00e9rt az Iszl\u00e1m \u00c1llam ellen Sz\u00edr\u00e1ban \u00e9s Irakban az amerikai v\u00e9delmi miniszter, Ashton Carter. A politikus az Egyes\u00fclt Arab Em\u00edrs\u00e9gekben besz\u00e9lt szombaton Washington terveir\u0151l.<\/strong><!--more--><\/p>\n<div class=\"ads-in-post1\"><div id=\"gazdasagportal.hu_fullbanner_wideboard\"><\/div>\r\n<\/div>\n<p>    Az amerikai m\u00e9dia besz\u00e1mol\u00f3ja szerint a Pentagon vezet\u0151je az Abu Dzabi melletti Al-Dafra l\u00e9gib\u00e1zison fejtette ki \u00e1ll\u00e1spontj\u00e1t. T\u00f6bbek k\u00f6z\u00f6tt err\u0151l a l\u00e9gib\u00e1zisr\u00f3l sz\u00e1llnak fel a g\u00e9pek az Iszl\u00e1m \u00c1llam terrorist\u00e1i elleni csap\u00e1saikhoz.<br \/>\n    Carter hangs\u00falyozta, hogy az Egyes\u00fclt \u00c1llamok m\u00e9g er\u0151teljesebben akar fell\u00e9pni a terrorist\u00e1k ellen \u00e9s mindennek csup\u00e1n &#8222;lelem\u00e9nyess\u00e9g\u00fcnk korl\u00e1tai szabnak hat\u00e1rt&#8221;.  Carter  az amerikai sz\u00e1razf\u00f6ldi csapatok l\u00e9tsz\u00e1m\u00e1nak n\u00f6vel\u00e9s\u00e9t, gyakoribb l\u00e9gicsap\u00e1sokat, kibert\u00e1mad\u00e1sokat helyezett kil\u00e1t\u00e1sba sz\u00edriai \u00e9s iraki ter\u00fcleteken. \u00c9rt\u00e9sre adta egy\u00fattal azt is, hogy az Egyes\u00fclt \u00c1llamok megv\u00e1ltoztatni k\u00e9sz\u00fcl az Iszl\u00e1m \u00c1llam elleni fell\u00e9p\u00e9s\u00e9nek term\u00e9szet\u00e9t: a terepen v\u00e9gzett h\u00edrszerz\u0151i munka javul\u00e1s\u00e1val \u00f6sszhangban gyorsabb c\u00e9lzott t\u00e1mad\u00e1sokat \u00edg\u00e9rt. &#8222;Amint egyre t\u00f6bbet \u00e9s t\u00f6bbet tudunk meg az ellens\u00e9g legf\u0151bb vezet\u0151ir\u0151l, k\u00e9pesek lesz\u00fcnk egyre er\u0151teljesebben t\u00e1madni \u0151ket&#8221; &#8211; fogalmazott a politikus.<br \/>\n    P\u00e1r nappal ezel\u0151tt Joseph Dunford t\u00e1bornok, a vez\u00e9rkari f\u0151n\u00f6k\u00f6k egyes\u00edtett bizotts\u00e1g\u00e1nak vezet\u0151je fejtette ki \u00fajs\u00e1g\u00edr\u00f3knak, hogy az \u0151 \u00e9s Ashton Carter v\u00e9lem\u00e9nye szerint Irakban meg kell n\u00f6velni az amerikai katon\u00e1k l\u00e9tsz\u00e1m\u00e1t, ehhez a d\u00f6nt\u00e9shez egyel\u0151re v\u00e1rj\u00e1k Obama eln\u00f6k \u00e9s az iraki korm\u00e1ny egyet\u00e9rt\u00e9s\u00e9t. Dunford \u00e9s Carter szerint a  felgyors\u00edtott k\u00fczdelem azt is jelenti, hogy az amerikaiak Apache t\u00edpus\u00fa harci helikoptereket is bevethetnek, \u00e9s amerikai katonai tan\u00e1csad\u00f3kat vez\u00e9nyelhetnek az iraki hadseregbe.<br \/>\n    Mostani r\u00f6vid t\u00e1j\u00e9koztat\u00f3j\u00e1n Ashton Carter arr\u00f3l is besz\u00e9lt, hogy Obama eln\u00f6k b\u00e1tor\u00edtani fogja az \u00d6b\u00f6l-t\u00e9rs\u00e9g orsz\u00e1gait, hogy anyagilag is j\u00e1ruljanak hozz\u00e1 Irak \u00fajj\u00e1\u00e9p\u00edt\u00e9s\u00e9hez. Obama eln\u00f6k egy\u00e9bk\u00e9nt a j\u00f6v\u0151 h\u00e9ten r\u00e9szt vesz az Egyes\u00fclt \u00c1llamok \u00e9s az \u00d6b\u00f6l-menti Egy\u00fcttm\u0171k\u00f6d\u00e9si Tan\u00e1cs ez\u00fattal Sza\u00fad-Ar\u00e1bi\u00e1ban tartand\u00f3 cs\u00facs\u00e9rtekezlet\u00e9n.(MTI)<\/p>\n","protected":false},"excerpt":{"rendered":"<p>T\u00f6bb l\u00e9gicsap\u00e1st \u00e9s t\u00f6bb amerikai katon\u00e1t \u00edg\u00e9rt az Iszl\u00e1m \u00c1llam ellen Sz\u00edr\u00e1ban \u00e9s Irakban az amerikai v\u00e9delmi miniszter, Ashton Carter. A politikus az Egyes\u00fclt Arab Em\u00edrs\u00e9gekben besz\u00e9lt szombaton Washington terveir\u0151l.<\/p>\n","protected":false},"author":1,"featured_media":0,"comment_status":"open","ping_status":"closed","sticky":false,"template":"","format":"standard","meta":[],"categories":[16],"tags":[],"_links":{"self":[{"href":"https:\/\/gazdasagportal.hu\/index.php\/wp-json\/wp\/v2\/posts\/77866"}],"collection":[{"href":"https:\/\/gazdasagportal.hu\/index.php\/wp-json\/wp\/v2\/posts"}],"about":[{"href":"https:\/\/gazdasagportal.hu\/index.php\/wp-json\/wp\/v2\/types\/post"}],"author":[{"embeddable":true,"href":"https:\/\/gazdasagportal.hu\/index.php\/wp-json\/wp\/v2\/users\/1"}],"replies":[{"embeddable":true,"href":"https:\/\/gazdasagportal.hu\/index.php\/wp-json\/wp\/v2\/comments?post=77866"}],"version-history":[{"count":1,"href":"https:\/\/gazdasagportal.hu\/index.php\/wp-json\/wp\/v2\/posts\/77866\/revisions"}],"predecessor-version":[{"id":77867,"href":"https:\/\/gazdasagportal.hu\/index.php\/wp-json\/wp\/v2\/posts\/77866\/revisions\/77867"}],"wp:attachment":[{"href":"https:\/\/gazdasagportal.hu\/index.php\/wp-json\/wp\/v2\/media?parent=77866"}],"wp:term":[{"taxonomy":"category","embeddable":true,"href":"https:\/\/gazdasagportal.hu\/index.php\/wp-json\/wp\/v2\/categories?post=77866"},{"taxonomy":"post_tag","embeddable":true,"href":"https:\/\/gazdasagportal.hu\/index.php\/wp-json\/wp\/v2\/tags?post=77866"}],"curies":[{"name":"wp","href":"https:\/\/api.w.org\/{rel}","templated":true}]}}