{"id":77864,"date":"2016-04-17T15:03:00","date_gmt":"2016-04-17T13:03:00","guid":{"rendered":"http:\/\/gazdasagportal.hu\/?p=77864"},"modified":"2016-04-17T09:14:09","modified_gmt":"2016-04-17T07:14:09","slug":"az-imf-es-a-vilagbank-a-vilaggazdasag-elenkiteset-szorgalmazza","status":"publish","type":"post","link":"https:\/\/gazdasagportal.hu\/index.php\/az-imf-es-a-vilagbank-a-vilaggazdasag-elenkiteset-szorgalmazza\/","title":{"rendered":"Az IMF \u00e9s a Vil\u00e1gbank a vil\u00e1ggazdas\u00e1g \u00e9l\u00e9nk\u00edt\u00e9s\u00e9t szorgalmazza"},"content":{"rendered":"<p><strong>A Nemzetk\u00f6zi Valuta Alap (IMF) 189 tagja a vil\u00e1ggazdas\u00e1g er\u0151teljes \u00e9l\u00e9nk\u00edt\u00e9s\u00e9t szorgalmaz\u00f3 nyilatkozatot tett k\u00f6zz\u00e9 szombaton, az IMF \u00e9s a Vil\u00e1gbank tavaszi tan\u00e1cskoz\u00e1s\u00e1nak m\u00e1sodik napj\u00e1n.<\/strong><!--more--><\/p>\n<div class=\"ads-in-post1\"><div id=\"gazdasagportal.hu_fullbanner_wideboard\"><\/div>\r\n<\/div>\n<p>    A vil\u00e1ggazdas\u00e1g \u00e9l\u00e9nk\u00edt\u00e9s\u00e9t c\u00e9lz\u00f3 int\u00e9zked\u00e9seket s\u00fcrget\u0151 k\u00f6zlem\u00e9nyben hangs\u00falyozt\u00e1k: az er\u0151teljesebb gazdas\u00e1gi n\u00f6veked\u00e9s megl\u00f3d\u00edthatja a r\u00e9g\u00f3ta stagn\u00e1l\u00f3 b\u00e9rek n\u00f6veked\u00e9s\u00e9t, ezzel hozz\u00e1j\u00e1rulhat a globaliz\u00e1l\u00f3d\u00e1s negat\u00edv meg\u00edt\u00e9l\u00e9s\u00e9nek lek\u00fczd\u00e9s\u00e9hez.<br \/>\n    A k\u00f6z\u00f6s nyilatkozatban a p\u00e9nz\u00fcgyi vezet\u0151k azt \u00edg\u00e9rik, hogy valamennyi politikai eszk\u00f6zt felhaszn\u00e1lj\u00e1k az &#8222;er\u0151s, fenntarthat\u00f3, befogad\u00f3, munkahelyteremt\u0151 \u00e9s kiegyens\u00falyozottabb glob\u00e1lis n\u00f6veked\u00e9s&#8221; \u00e9rdek\u00e9ben. Konkr\u00e9t tervekr\u0151l \u00e9s eszk\u00f6z\u00f6kr\u0151l azonban a k\u00f6z\u00f6s nyilatkozatban nem esik sz\u00f3.<br \/>\n    Szombaton a k\u00e9t p\u00e9nz\u00fcgyi szervezet tavaszi \u00fcl\u00e9sszak\u00e1n Afrika helyzet\u00e9r\u0151l, a fekete kontinens fejl\u0151d\u00e9si kil\u00e1t\u00e1sair\u00f3l esett sz\u00f3. Burkina Faso, Cs\u00e1d, Szom\u00e1lia, Szv\u00e1zif\u00f6ld, Ruanda \u00e9s Kamerun p\u00e9nz\u00fcgyminiszterei sz\u00e1moltak be haz\u00e1juk gazdas\u00e1gi helyzet\u00e9r\u0151l, leg\u00e9get\u0151bb gondjair\u00f3l, a Vil\u00e1gbank afrikai r\u00e9gi\u00f3val foglalkoz\u00f3 aleln\u00f6ke pedig \u00f6sszegezte a kontinens helyzet\u00e9t.<br \/>\n    Az IMF \u00e9s a Vil\u00e1gbank tan\u00e1cskoz\u00e1sa vas\u00e1rnap z\u00e1rul, a programban els\u0151sorban a nemzetk\u00f6zi ad\u00f3rendszer szigor\u00edt\u00e1s\u00e1r\u00f3l \u00e9s a p\u00e9nz\u00fcgyi fejleszt\u00e9s \u00faj m\u00f3djair\u00f3l lesz sz\u00f3.(MTI)<\/p>\n","protected":false},"excerpt":{"rendered":"<p>A Nemzetk\u00f6zi Valuta Alap (IMF) 189 tagja a vil\u00e1ggazdas\u00e1g er\u0151teljes \u00e9l\u00e9nk\u00edt\u00e9s\u00e9t szorgalmaz\u00f3 nyilatkozatot tett k\u00f6zz\u00e9 szombaton, az IMF \u00e9s a Vil\u00e1gbank tavaszi tan\u00e1cskoz\u00e1s\u00e1nak m\u00e1sodik napj\u00e1n.<\/p>\n","protected":false},"author":1,"featured_media":0,"comment_status":"open","ping_status":"closed","sticky":false,"template":"","format":"standard","meta":[],"categories":[246],"tags":[],"_links":{"self":[{"href":"https:\/\/gazdasagportal.hu\/index.php\/wp-json\/wp\/v2\/posts\/77864"}],"collection":[{"href":"https:\/\/gazdasagportal.hu\/index.php\/wp-json\/wp\/v2\/posts"}],"about":[{"href":"https:\/\/gazdasagportal.hu\/index.php\/wp-json\/wp\/v2\/types\/post"}],"author":[{"embeddable":true,"href":"https:\/\/gazdasagportal.hu\/index.php\/wp-json\/wp\/v2\/users\/1"}],"replies":[{"embeddable":true,"href":"https:\/\/gazdasagportal.hu\/index.php\/wp-json\/wp\/v2\/comments?post=77864"}],"version-history":[{"count":1,"href":"https:\/\/gazdasagportal.hu\/index.php\/wp-json\/wp\/v2\/posts\/77864\/revisions"}],"predecessor-version":[{"id":77865,"href":"https:\/\/gazdasagportal.hu\/index.php\/wp-json\/wp\/v2\/posts\/77864\/revisions\/77865"}],"wp:attachment":[{"href":"https:\/\/gazdasagportal.hu\/index.php\/wp-json\/wp\/v2\/media?parent=77864"}],"wp:term":[{"taxonomy":"category","embeddable":true,"href":"https:\/\/gazdasagportal.hu\/index.php\/wp-json\/wp\/v2\/categories?post=77864"},{"taxonomy":"post_tag","embeddable":true,"href":"https:\/\/gazdasagportal.hu\/index.php\/wp-json\/wp\/v2\/tags?post=77864"}],"curies":[{"name":"wp","href":"https:\/\/api.w.org\/{rel}","templated":true}]}}