{"id":77778,"date":"2016-04-15T06:55:47","date_gmt":"2016-04-15T04:55:47","guid":{"rendered":"http:\/\/gazdasagportal.hu\/?p=77778"},"modified":"2016-04-15T06:55:47","modified_gmt":"2016-04-15T04:55:47","slug":"kina-67-szazalekos-novekedes-az-elso-negyedevben","status":"publish","type":"post","link":"https:\/\/gazdasagportal.hu\/index.php\/kina-67-szazalekos-novekedes-az-elso-negyedevben\/","title":{"rendered":"K\u00edna: 6,7 sz\u00e1zal\u00e9kos n\u00f6veked\u00e9s az els\u0151 negyed\u00e9vben"},"content":{"rendered":"<p><strong>A k\u00ednai gazdas\u00e1g 6,7 sz\u00e1zal\u00e9kkal b\u0151v\u00fclt az idei els\u0151 negyed\u00e9vben, ami egy\u00e9rtelm\u0171en a n\u00f6veked\u00e9s \u00fctem\u00e9nek lassul\u00e1s\u00e1r\u00f3l \u00e1rulkodik, \u00e1m \u00f6sszhangban van az orsz\u00e1g gazdas\u00e1gpolitikai c\u00e9lkit\u0171z\u00e9seivel, \u00e9s valamelyest fel\u00fclm\u00falja a v\u00e1rakoz\u00e1sokat &#8211; der\u00fclt ki p\u00e9nteken a k\u00ednai orsz\u00e1gos statisztikai hivatal t\u00e1j\u00e9koztat\u00e1s\u00e1b\u00f3l.<\/strong><!--more--><\/p>\n<div class=\"ads-in-post1\"><div id=\"gazdasagportal.hu_fullbanner_wideboard\"><\/div>\r\n<\/div>\n<p>    A n\u00f6veked\u00e9s m\u00e9rt\u00e9ke a glob\u00e1lis p\u00e9nz\u00fcgyi v\u00e1ls\u00e1g, vagyis 2009 \u00f3ta az eddigi legalacsonyabb; az el\u0151z\u0151 negyed\u00e9vhez k\u00e9pest is m\u00e9rs\u00e9kl\u0151d\u00f6tt, akkor 6,8 sz\u00e1zal\u00e9kot m\u00e9rtek.<br \/>\n    Az ipari termel\u00e9sben janu\u00e1r \u00e9s m\u00e1rcius k\u00f6z\u00f6tt 6,8 sz\u00e1zal\u00e9kos b\u0151v\u00fcl\u00e9st m\u00e9rtek \u00e9ves viszonylatban, az \u00e1ll\u00f3eszk\u00f6z-beruh\u00e1z\u00e1sok ugyanebben az id\u0151szakban 10,7 sz\u00e1zal\u00e9kkal emelkedtek. Az elemz\u0151k mindk\u00e9t ter\u00fcleten gyeng\u00e9bb eredm\u00e9nyre sz\u00e1m\u00edtottak.<br \/>\n    A n\u00f6veked\u00e9sben meghat\u00e1roz\u00f3 ingatlanberuh\u00e1z\u00e1sok 6,2 sz\u00e1zal\u00e9kkal n\u0151ttek az el\u0151z\u0151 \u00e9v azonos id\u0151szak\u00e1hoz k\u00e9pest. A fogyaszt\u00e1s &#8211; \u00e9ves b\u00e1zison &#8211; 10,3 sz\u00e1zal\u00e9kkal b\u0151v\u00fclt. A becs\u00fclt munkan\u00e9lk\u00fclis\u00e9gi r\u00e1ta 5,2 sz\u00e1zal\u00e9k volt.<br \/>\n    A m\u00e1rciusi adatok arra utalnak, hogy az \u00faj hitelkihelyez\u00e9sek \u00f6sszege ugyancsak megl\u00f3dult, meghaladta a 211 milli\u00e1rd doll\u00e1rt.<br \/>\n    A t\u00e1j\u00e9koztat\u00f3n elhangzott hivatalos \u00e9rt\u00e9kel\u00e9s szerint az els\u0151 negyed\u00e9vi eredm\u00e9nyek a gazdas\u00e1g stabilit\u00e1s\u00e1t jelzik. A nemzetgazdas\u00e1g j\u00f3 kezdetet vett &#8211; jelentette ki egy sz\u00f3viv\u0151.<br \/>\n    Szak\u00e9rt\u0151k egybecseng\u0151 v\u00e9lem\u00e9nye szerint a p\u00e9nteken k\u00f6zreadott adatok egy id\u0151re mindenk\u00e9ppen megnyugtatj\u00e1k a piacot, hiszen egy\u00e9rtelm\u0171s\u00edtik, hogy felesleges volt a p\u00e1nikkelt\u00e9s: nem kell a vil\u00e1g m\u00e1sodik gazdas\u00e1g\u00e1nak &#8222;kem\u00e9ny f\u00f6ldet \u00e9r\u00e9s\u00e9t\u0151l&#8221; tartani.<br \/>\n    A k\u00e9p azonban nem annyira r\u00f3zs\u00e1s, mint els\u0151 r\u00e1n\u00e9z\u00e9sre gondoln\u00e1nk &#8211; teszik hozz\u00e1 -, mivel minden jel szerint Peking az elm\u00falt h\u00f3napok hazai \u00e9s nemzetk\u00f6zi szor\u00edt\u00e1s\u00e1ban a &#8222;hagyom\u00e1nyos&#8221; n\u00f6veked\u00e9si p\u00e1ly\u00e1ra \u00e1llt vissza, \u00fajabb nagy \u00f6sszegeket pump\u00e1lnak az infrastruktur\u00e1lis beruh\u00e1z\u00e1sokba, \u00e9l\u00e9nk\u00edtik az ingatlanpiacot. E m\u00f3dszer hossz\u00fa t\u00e1v\u00fa fenntarthat\u00f3s\u00e1g\u00e1t t\u00f6bben megk\u00e9rd\u0151jelezik.<br \/>\n    Igyekeznek fisk\u00e1lis eszk\u00f6z\u00f6kkel is a n\u00f6veked\u00e9st \u00f6szt\u00f6n\u00f6zni, a k\u00f6zponti bank p\u00e9ld\u00e1ul k\u00f6nny\u00edtett a kereskedelmi bankok sz\u00e1m\u00e1ra a hitelez\u00e9s felt\u00e9telein, cs\u00f6kkentik az ad\u00f3kat, a Nemzeti Fejleszt\u00e9si- \u00e9s Reformbizotts\u00e1g pedig k\u00fcl\u00f6n alapokat hozott l\u00e9tre \u00faj infrastruktur\u00e1lis projektek ind\u00edt\u00e1s\u00e1ra.<br \/>\n    Egyesek megjegyzik, hogy a struktur\u00e1lis \u00e1talak\u00edt\u00e1s k\u00e9nyszere k\u00f6zepette a m\u00e9rs\u00e9kelt, de sz\u00e1mottev\u0151 n\u00f6veked\u00e9s fenntart\u00e1sa t\u00f6bb olyan ellentmond\u00e1st hozott felsz\u00ednre, amelyek megold\u00e1sa (ha egy\u00e1ltal\u00e1n megoldhat\u00f3k) nem v\u00e1rhat\u00f3 radik\u00e1lis beavatkoz\u00e1sok \u00e9s s\u00falyos k\u00f6vetkezm\u00e9nyek n\u00e9lk\u00fcl. Az \u00fajfajta fogyaszt\u00e1sorient\u00e1lt n\u00f6veked\u00e9sre val\u00f3 \u00e1tt\u00e9r\u00e9s a kedvez\u0151 tendenci\u00e1k ellen\u00e9re neh\u00e9zkesnek bizonyul.<br \/>\n    Nem arr\u00f3l van sz\u00f3 teh\u00e1t, hogy a k\u00ednai gazdas\u00e1gir\u00e1ny\u00edt\u00e1s megh\u00e1tr\u00e1lt, \u00e9s lemondott a reformokr\u00f3l, de az \u00fctem\u00e9t lelass\u00edtotta &#8211; v\u00e9lik megfigyel\u0151k. Azoknak az \u00e1talak\u00edt\u00e1soknak az elv\u00e9gz\u00e9se, amelyeknek r\u00e9sze p\u00e9ld\u00e1ul a t\u00faltermel\u00e9ssel k\u00fczd\u0151 \u00e1gazatok folyamatos le\u00e9p\u00edt\u00e9se, nyilv\u00e1nval\u00f3an elh\u00faz\u00f3dik, egyel\u0151re val\u00f3sz\u00edn\u0171leg a rosszul teljes\u00edt\u0151 \u00e1llami v\u00e1llalatok nagy r\u00e9sze &#8222;t\u00fal\u00e9lhet&#8221;.<br \/>\n    A k\u00ednai vezet\u00e9s mindezek ellen\u00e9re az \u00e9l\u00e9nk\u00edt\u0151 int\u00e9zked\u00e9sek eredm\u00e9nyeib\u0151l, a gazdas\u00e1gi folyamatok k\u00f6zelm\u00faltb\u00e9li mozg\u00e1saib\u00f3l \u00e1ltal\u00e1ban v\u00e9ve pozit\u00edv jeleket olvas ki: a beruh\u00e1z\u00e1sok, a fogyaszt\u00e1s \u00e9s a j\u00f6vedelmez\u0151s\u00e9g adatai a jobb piaci kil\u00e1t\u00e1sokkal &#8211; v\u00e9lem\u00e9ny\u00fck szerint &#8211; n\u00e9mi der\u0171l\u00e1t\u00e1sra adnak okot. Az els\u0151 negyed\u00e9vi adatokb\u00f3l arra lehet k\u00f6vetkeztetni, hogy az \u00e9v v\u00e9g\u00e9re megval\u00f3sulhat az el\u0151ir\u00e1nyzott, legal\u00e1bb 6,5 sz\u00e1zal\u00e9kos gazdas\u00e1gi n\u00f6veked\u00e9s.(MTI)<\/p>\n","protected":false},"excerpt":{"rendered":"<p>A k\u00ednai gazdas\u00e1g 6,7 sz\u00e1zal\u00e9kkal b\u0151v\u00fclt az idei els\u0151 negyed\u00e9vben, ami egy\u00e9rtelm\u0171en a n\u00f6veked\u00e9s \u00fctem\u00e9nek lassul\u00e1s\u00e1r\u00f3l \u00e1rulkodik, \u00e1m \u00f6sszhangban van az orsz\u00e1g gazdas\u00e1gpolitikai c\u00e9lkit\u0171z\u00e9seivel, \u00e9s valamelyest fel\u00fclm\u00falja a v\u00e1rakoz\u00e1sokat &#8211; der\u00fclt ki p\u00e9nteken a k\u00ednai orsz\u00e1gos statisztikai hivatal t\u00e1j\u00e9koztat\u00e1s\u00e1b\u00f3l.<\/p>\n","protected":false},"author":1,"featured_media":0,"comment_status":"open","ping_status":"closed","sticky":false,"template":"","format":"standard","meta":[],"categories":[246],"tags":[],"_links":{"self":[{"href":"https:\/\/gazdasagportal.hu\/index.php\/wp-json\/wp\/v2\/posts\/77778"}],"collection":[{"href":"https:\/\/gazdasagportal.hu\/index.php\/wp-json\/wp\/v2\/posts"}],"about":[{"href":"https:\/\/gazdasagportal.hu\/index.php\/wp-json\/wp\/v2\/types\/post"}],"author":[{"embeddable":true,"href":"https:\/\/gazdasagportal.hu\/index.php\/wp-json\/wp\/v2\/users\/1"}],"replies":[{"embeddable":true,"href":"https:\/\/gazdasagportal.hu\/index.php\/wp-json\/wp\/v2\/comments?post=77778"}],"version-history":[{"count":1,"href":"https:\/\/gazdasagportal.hu\/index.php\/wp-json\/wp\/v2\/posts\/77778\/revisions"}],"predecessor-version":[{"id":77779,"href":"https:\/\/gazdasagportal.hu\/index.php\/wp-json\/wp\/v2\/posts\/77778\/revisions\/77779"}],"wp:attachment":[{"href":"https:\/\/gazdasagportal.hu\/index.php\/wp-json\/wp\/v2\/media?parent=77778"}],"wp:term":[{"taxonomy":"category","embeddable":true,"href":"https:\/\/gazdasagportal.hu\/index.php\/wp-json\/wp\/v2\/categories?post=77778"},{"taxonomy":"post_tag","embeddable":true,"href":"https:\/\/gazdasagportal.hu\/index.php\/wp-json\/wp\/v2\/tags?post=77778"}],"curies":[{"name":"wp","href":"https:\/\/api.w.org\/{rel}","templated":true}]}}